{"id":667,"date":"2021-03-08T13:29:30","date_gmt":"2021-03-08T12:29:30","guid":{"rendered":"https:\/\/agora.xtec.cat\/cfalacreudebarbera\/?p=667"},"modified":"2021-03-08T13:29:30","modified_gmt":"2021-03-08T12:29:30","slug":"e-fira-connectat-a-lfp-fira-virtual","status":"publish","type":"post","link":"https:\/\/agora.xtec.cat\/cfalacreudebarbera\/portada\/e-fira-connectat-a-lfp-fira-virtual\/","title":{"rendered":"e-Fira Connecta&#8217;t a l&#8217;FP (Fira Virtual)"},"content":{"rendered":"<p><a href=\"https:\/\/agora.xtec.cat\/cfalacreudebarbera\/wp-content\/uploads\/usu2281\/2021\/03\/Fira-FP-2021.jpg\"><img loading=\"lazy\" decoding=\"async\" class=\"alignleft wp-image-668 size-thumbnail\" src=\"https:\/\/agora.xtec.cat\/cfalacreudebarbera\/wp-content\/uploads\/usu2281\/2021\/03\/Fira-FP-2021-150x150.jpg\" alt=\"\" width=\"150\" height=\"150\" \/><\/a>La cinquena edici\u00f3 de <strong>l\u2019e-Fira Connecta\u2019t a l\u2019FP<\/strong> arriba els dies <strong>19, 20, 21, 22 i 23 de mar\u00e7<\/strong> amb novetats i, sobretot, amb el repte de continuar la seva voluntat d\u2019orientaci\u00f3, assessorament i acompanyament en l\u2019elecci\u00f3 d\u2019estudis, ara en format virtual.<\/p>\n<p>Podeu accedir a la plataforma a trav\u00e9s de la seg\u00fcent p\u00e0gina web: <a href=\"https:\/\/connectafp.cat\/ca\/login\" target=\"_blank\" rel=\"noopener noreferrer\">https:\/\/connectafp.cat\/ca\/login<\/a><\/p>\n<p>Per accedir a la plataforma us haureu de registrar com a visitants. Podeu veure el seg\u00fcent tutorial on explica com us heu de registrar:\u00a0<a href=\"https:\/\/www.youtube.com\/watch?v=5SkGnUS29l4\" target=\"_blank\" rel=\"noopener noreferrer\">https:\/\/www.youtube.com\/watch?v=5SkGnUS29l4<\/a><\/p>\n","protected":false},"excerpt":{"rendered":"<p><a href=\"https:\/\/agora.xtec.cat\/cfalacreudebarbera\/wp-content\/uploads\/usu2281\/2021\/03\/Fira-FP-2021.jpg\"><\/a>La cinquena edici\u00f3 de l\u2019e-Fira Connecta\u2019t a l\u2019FP arriba els dies 19, 20, 21, 22 i 23 de mar\u00e7 amb novetats i, sobretot, amb el repte de continuar la seva voluntat d\u2019orientaci\u00f3, assessorament i acompanyament en l\u2019elecci\u00f3 d\u2019estudis, ara en format virtual.<br \/>\nPodeu accedir a&hellip;  <a href=\"https:\/\/agora.xtec.cat\/cfalacreudebarbera\/portada\/e-fira-connectat-a-lfp-fira-virtual\/\" title=\"Read e-Fira Connecta&#8217;t a l&#8217;FP (Fira Virtual)\">Llegeix m\u00e9s\u00bb<\/a><\/p>\n","protected":false},"author":1,"featured_media":670,"comment_status":"closed","ping_status":"closed","sticky":false,"template":"","format":"standard","meta":{"_bbp_topic_count":0,"_bbp_reply_count":0,"_bbp_total_topic_count":0,"_bbp_total_reply_count":0,"_bbp_voice_count":0,"_bbp_anonymous_reply_count":0,"_bbp_topic_count_hidden":0,"_bbp_reply_count_hidden":0,"_bbp_forum_subforum_count":0,"footnotes":""},"categories":[29],"tags":[],"class_list":["post-667","post","type-post","status-publish","format-standard","has-post-thumbnail","hentry","category-portada"],"post_mailing_queue_ids":[],"_links":{"self":[{"href":"https:\/\/agora.xtec.cat\/cfalacreudebarbera\/wp-json\/wp\/v2\/posts\/667","targetHints":{"allow":["GET"]}}],"collection":[{"href":"https:\/\/agora.xtec.cat\/cfalacreudebarbera\/wp-json\/wp\/v2\/posts"}],"about":[{"href":"https:\/\/agora.xtec.cat\/cfalacreudebarbera\/wp-json\/wp\/v2\/types\/post"}],"author":[{"embeddable":true,"href":"https:\/\/agora.xtec.cat\/cfalacreudebarbera\/wp-json\/wp\/v2\/users\/1"}],"replies":[{"embeddable":true,"href":"https:\/\/agora.xtec.cat\/cfalacreudebarbera\/wp-json\/wp\/v2\/comments?post=667"}],"version-history":[{"count":1,"href":"https:\/\/agora.xtec.cat\/cfalacreudebarbera\/wp-json\/wp\/v2\/posts\/667\/revisions"}],"predecessor-version":[{"id":669,"href":"https:\/\/agora.xtec.cat\/cfalacreudebarbera\/wp-json\/wp\/v2\/posts\/667\/revisions\/669"}],"wp:featuredmedia":[{"embeddable":true,"href":"https:\/\/agora.xtec.cat\/cfalacreudebarbera\/wp-json\/wp\/v2\/media\/670"}],"wp:attachment":[{"href":"https:\/\/agora.xtec.cat\/cfalacreudebarbera\/wp-json\/wp\/v2\/media?parent=667"}],"wp:term":[{"taxonomy":"category","embeddable":true,"href":"https:\/\/agora.xtec.cat\/cfalacreudebarbera\/wp-json\/wp\/v2\/categories?post=667"},{"taxonomy":"post_tag","embeddable":true,"href":"https:\/\/agora.xtec.cat\/cfalacreudebarbera\/wp-json\/wp\/v2\/tags?post=667"}],"curies":[{"name":"wp","href":"https:\/\/api.w.org\/{rel}","templated":true}]}}