{"id":662,"date":"2021-02-26T12:21:53","date_gmt":"2021-02-26T11:21:53","guid":{"rendered":"https:\/\/agora.xtec.cat\/cfalacreudebarbera\/?p=662"},"modified":"2021-02-26T12:24:43","modified_gmt":"2021-02-26T11:24:43","slug":"prova-dacces-a-cicles-formatius-de-grau-superior","status":"publish","type":"post","link":"https:\/\/agora.xtec.cat\/cfalacreudebarbera\/portada\/prova-dacces-a-cicles-formatius-de-grau-superior\/","title":{"rendered":"Prova d&#8217;acc\u00e9s a cicles formatius de grau superior"},"content":{"rendered":"<p><a href=\"https:\/\/agora.xtec.cat\/cfalacreudebarbera\/wp-content\/uploads\/usu2281\/2021\/02\/Convocat\u00f2ria-prova-dacc\u00e9s-CFGS.jpg\"><img loading=\"lazy\" decoding=\"async\" class=\" wp-image-664 alignleft\" src=\"https:\/\/agora.xtec.cat\/cfalacreudebarbera\/wp-content\/uploads\/usu2281\/2021\/02\/Convocat\u00f2ria-prova-dacc\u00e9s-CFGS.jpg\" alt=\"\" width=\"200\" height=\"195\" srcset=\"https:\/\/agora.xtec.cat\/cfalacreudebarbera\/wp-content\/uploads\/usu2281\/2021\/02\/Convocat\u00f2ria-prova-dacc\u00e9s-CFGS.jpg 344w, https:\/\/agora.xtec.cat\/cfalacreudebarbera\/wp-content\/uploads\/usu2281\/2021\/02\/Convocat\u00f2ria-prova-dacc\u00e9s-CFGS-300x293.jpg 300w\" sizes=\"auto, (max-width: 200px) 100vw, 200px\" \/><\/a>El Departament d&#8217;Educaci\u00f3 convoca la prova d&#8217;acc\u00e9s a cicles formatius de grau superior per a les persones que hi volen accedir per\u00f2 no tenen el t\u00edtol de batxillerat (o equivalent a efectes d&#8217;acc\u00e9s).<\/p>\n<p>Podeu trobar tota la informaci\u00f3 a:\u00a0<a href=\"http:\/\/educacio.gencat.cat\/ca\/serveis-tramits\/proves\/proves-acces\/gs-fp\/\" target=\"_blank\" rel=\"noopener noreferrer\">http:\/\/educacio.gencat.cat\/ca\/serveis-tramits\/proves\/proves-acces\/gs-fp\/<\/a><\/p>\n<p><strong>Inscripci\u00f3:<\/strong> del 15 (a partir de les 9 h) al 25 de mar\u00e7 de 2021<\/p>\n<p>Pagament de la taxa: fins al 26 de mar\u00e7 de 2021 (abans de les 22 h)<\/p>\n<p>Llista provisional d&#8217;admesos i exclosos: a partir del 14 d&#8217;abril de 2021<\/p>\n<p>Presentaci\u00f3 de la documentaci\u00f3 al centre on far\u00e0s la prova: del 15 al 28 d&#8217;abril de 2021 (en horari d&#8217;atenci\u00f3 al p\u00fablic)<\/p>\n<p>Llista definitiva d&#8217;admesos i exclosos: a partir del 5 de maig de 2021<\/p>\n<p><strong>Prova<\/strong><\/p>\n<p>Part comuna: 12 de maig de 2021<\/p>\n<p>Part espec\u00edfica: 13 de maig de 2021<\/p>\n","protected":false},"excerpt":{"rendered":"<p><a href=\"https:\/\/agora.xtec.cat\/cfalacreudebarbera\/wp-content\/uploads\/usu2281\/2021\/02\/Convocat\u00f2ria-prova-dacc\u00e9s-CFGS.jpg\"><\/a>El Departament d&#8217;Educaci\u00f3 convoca la prova d&#8217;acc\u00e9s a cicles formatius de grau superior per a les persones que hi volen accedir per\u00f2 no tenen el t\u00edtol de batxillerat (o equivalent a efectes d&#8217;acc\u00e9s).<br \/>\nPodeu trobar tota la informaci\u00f3 a:\u00a0<a href=\"http:\/\/educacio.gencat.cat\/ca\/serveis-tramits\/proves\/proves-acces\/gs-fp\/\" target=\"_blank\" rel=\"noopener noreferrer\">http:\/\/educacio.gencat.cat\/ca\/serveis-tramits\/proves\/proves-acces\/gs-fp\/<\/a><br \/>\nInscripci\u00f3: del 15&hellip;  <a href=\"https:\/\/agora.xtec.cat\/cfalacreudebarbera\/portada\/prova-dacces-a-cicles-formatius-de-grau-superior\/\" title=\"Read Prova d&#8217;acc\u00e9s a cicles formatius de grau superior\">Llegeix m\u00e9s\u00bb<\/a><\/p>\n","protected":false},"author":1,"featured_media":0,"comment_status":"closed","ping_status":"closed","sticky":false,"template":"","format":"standard","meta":{"_bbp_topic_count":0,"_bbp_reply_count":0,"_bbp_total_topic_count":0,"_bbp_total_reply_count":0,"_bbp_voice_count":0,"_bbp_anonymous_reply_count":0,"_bbp_topic_count_hidden":0,"_bbp_reply_count_hidden":0,"_bbp_forum_subforum_count":0,"footnotes":""},"categories":[29],"tags":[],"class_list":["post-662","post","type-post","status-publish","format-standard","hentry","category-portada"],"post_mailing_queue_ids":[],"_links":{"self":[{"href":"https:\/\/agora.xtec.cat\/cfalacreudebarbera\/wp-json\/wp\/v2\/posts\/662","targetHints":{"allow":["GET"]}}],"collection":[{"href":"https:\/\/agora.xtec.cat\/cfalacreudebarbera\/wp-json\/wp\/v2\/posts"}],"about":[{"href":"https:\/\/agora.xtec.cat\/cfalacreudebarbera\/wp-json\/wp\/v2\/types\/post"}],"author":[{"embeddable":true,"href":"https:\/\/agora.xtec.cat\/cfalacreudebarbera\/wp-json\/wp\/v2\/users\/1"}],"replies":[{"embeddable":true,"href":"https:\/\/agora.xtec.cat\/cfalacreudebarbera\/wp-json\/wp\/v2\/comments?post=662"}],"version-history":[{"count":3,"href":"https:\/\/agora.xtec.cat\/cfalacreudebarbera\/wp-json\/wp\/v2\/posts\/662\/revisions"}],"predecessor-version":[{"id":666,"href":"https:\/\/agora.xtec.cat\/cfalacreudebarbera\/wp-json\/wp\/v2\/posts\/662\/revisions\/666"}],"wp:attachment":[{"href":"https:\/\/agora.xtec.cat\/cfalacreudebarbera\/wp-json\/wp\/v2\/media?parent=662"}],"wp:term":[{"taxonomy":"category","embeddable":true,"href":"https:\/\/agora.xtec.cat\/cfalacreudebarbera\/wp-json\/wp\/v2\/categories?post=662"},{"taxonomy":"post_tag","embeddable":true,"href":"https:\/\/agora.xtec.cat\/cfalacreudebarbera\/wp-json\/wp\/v2\/tags?post=662"}],"curies":[{"name":"wp","href":"https:\/\/api.w.org\/{rel}","templated":true}]}}