{"id":635,"date":"2021-02-03T14:24:35","date_gmt":"2021-02-03T13:24:35","guid":{"rendered":"https:\/\/agora.xtec.cat\/cfalacreudebarbera\/?p=635"},"modified":"2021-02-04T19:03:26","modified_gmt":"2021-02-04T18:03:26","slug":"matricula-ioc-ges-a-distancia-primavera-2021","status":"publish","type":"post","link":"https:\/\/agora.xtec.cat\/cfalacreudebarbera\/portada\/matricula-ioc-ges-a-distancia-primavera-2021\/","title":{"rendered":"MATR\u00cdCULA IOC (GES a dist\u00e0ncia &#8211; PRIMAVERA 2021)"},"content":{"rendered":"<p style=\"text-align: justify;\"><a href=\"https:\/\/agora.xtec.cat\/cfalacreudebarbera\/wp-content\/uploads\/usu2281\/2021\/02\/IOC.png\"><img loading=\"lazy\" decoding=\"async\" class=\" wp-image-638 alignleft\" src=\"https:\/\/agora.xtec.cat\/cfalacreudebarbera\/wp-content\/uploads\/usu2281\/2021\/02\/IOC.png\" alt=\"\" width=\"150\" height=\"124\" \/><\/a>Del <strong>22 al 26 de febrer de 2021<\/strong> s&#8217;obre la matr\u00edcula per a l&#8217;alumnat nou que vulgui cursar GES (Graduat en Educaci\u00f3 Secund\u00e0ria) a dist\u00e0ncia.<\/p>\n<p style=\"text-align: justify;\"><strong>ATENCI\u00d3: per realitzar correctament el proc\u00e9s de preinscripci\u00f3 i matr\u00edcula f<\/strong><strong>eu clic al seg\u00fcent enlla\u00e7 per veure els passos que heu de seguir (es descarregar\u00e0 autom\u00e0ticament un document PDF): <a href=\"https:\/\/agora.xtec.cat\/cfalacreudebarbera\/wp-content\/uploads\/usu2281\/2021\/02\/Primavera-21-Preinscripci\u00f3-i-matr\u00edcula-GES-IOC-document-informatiu-def.pdf\" target=\"_blank\" rel=\"noopener noreferrer\">https:\/\/agora.xtec.cat\/cfalacreudebarbera\/wp-content\/uploads\/usu2281\/2021\/02\/Primavera-21-Preinscripci\u00f3-i-matr\u00edcula-GES-IOC-document-informatiu-def.pdf<\/a><\/strong><\/p>\n","protected":false},"excerpt":{"rendered":"<p><a href=\"https:\/\/agora.xtec.cat\/cfalacreudebarbera\/wp-content\/uploads\/usu2281\/2021\/02\/IOC.png\"><\/a>Del 22 al 26 de febrer de 2021 s&#8217;obre la matr\u00edcula per a l&#8217;alumnat nou que vulgui cursar GES (Graduat en Educaci\u00f3 Secund\u00e0ria) a dist\u00e0ncia.<br \/>\nATENCI\u00d3: per realitzar correctament el proc\u00e9s de preinscripci\u00f3 i matr\u00edcula feu clic al seg\u00fcent enlla\u00e7 per veure els passos que&hellip;  <a href=\"https:\/\/agora.xtec.cat\/cfalacreudebarbera\/portada\/matricula-ioc-ges-a-distancia-primavera-2021\/\" title=\"Read MATR\u00cdCULA IOC (GES a dist\u00e0ncia &#8211; PRIMAVERA 2021)\">Llegeix m\u00e9s\u00bb<\/a><\/p>\n","protected":false},"author":1,"featured_media":0,"comment_status":"closed","ping_status":"closed","sticky":false,"template":"","format":"standard","meta":{"_bbp_topic_count":0,"_bbp_reply_count":0,"_bbp_total_topic_count":0,"_bbp_total_reply_count":0,"_bbp_voice_count":0,"_bbp_anonymous_reply_count":0,"_bbp_topic_count_hidden":0,"_bbp_reply_count_hidden":0,"_bbp_forum_subforum_count":0,"footnotes":""},"categories":[29],"tags":[],"class_list":["post-635","post","type-post","status-publish","format-standard","hentry","category-portada"],"post_mailing_queue_ids":[],"_links":{"self":[{"href":"https:\/\/agora.xtec.cat\/cfalacreudebarbera\/wp-json\/wp\/v2\/posts\/635","targetHints":{"allow":["GET"]}}],"collection":[{"href":"https:\/\/agora.xtec.cat\/cfalacreudebarbera\/wp-json\/wp\/v2\/posts"}],"about":[{"href":"https:\/\/agora.xtec.cat\/cfalacreudebarbera\/wp-json\/wp\/v2\/types\/post"}],"author":[{"embeddable":true,"href":"https:\/\/agora.xtec.cat\/cfalacreudebarbera\/wp-json\/wp\/v2\/users\/1"}],"replies":[{"embeddable":true,"href":"https:\/\/agora.xtec.cat\/cfalacreudebarbera\/wp-json\/wp\/v2\/comments?post=635"}],"version-history":[{"count":4,"href":"https:\/\/agora.xtec.cat\/cfalacreudebarbera\/wp-json\/wp\/v2\/posts\/635\/revisions"}],"predecessor-version":[{"id":661,"href":"https:\/\/agora.xtec.cat\/cfalacreudebarbera\/wp-json\/wp\/v2\/posts\/635\/revisions\/661"}],"wp:attachment":[{"href":"https:\/\/agora.xtec.cat\/cfalacreudebarbera\/wp-json\/wp\/v2\/media?parent=635"}],"wp:term":[{"taxonomy":"category","embeddable":true,"href":"https:\/\/agora.xtec.cat\/cfalacreudebarbera\/wp-json\/wp\/v2\/categories?post=635"},{"taxonomy":"post_tag","embeddable":true,"href":"https:\/\/agora.xtec.cat\/cfalacreudebarbera\/wp-json\/wp\/v2\/tags?post=635"}],"curies":[{"name":"wp","href":"https:\/\/api.w.org\/{rel}","templated":true}]}}