{"id":631,"date":"2021-02-02T13:26:37","date_gmt":"2021-02-02T12:26:37","guid":{"rendered":"https:\/\/agora.xtec.cat\/cfalacreudebarbera\/?p=631"},"modified":"2021-02-03T14:38:40","modified_gmt":"2021-02-03T13:38:40","slug":"avaluacio-i-acreditacio-de-competencies-professionals","status":"publish","type":"post","link":"https:\/\/agora.xtec.cat\/cfalacreudebarbera\/portada\/avaluacio-i-acreditacio-de-competencies-professionals\/","title":{"rendered":"Avaluaci\u00f3 i acreditaci\u00f3 de compet\u00e8ncies professionals"},"content":{"rendered":"<p style=\"text-align: justify;\"><a href=\"https:\/\/agora.xtec.cat\/cfalacreudebarbera\/wp-content\/uploads\/usu2281\/2021\/01\/Acreditat.jpg\"><img loading=\"lazy\" decoding=\"async\" class=\" wp-image-632 alignleft\" src=\"https:\/\/agora.xtec.cat\/cfalacreudebarbera\/wp-content\/uploads\/usu2281\/2021\/01\/Acreditat.jpg\" alt=\"\" width=\"201\" height=\"201\" srcset=\"https:\/\/agora.xtec.cat\/cfalacreudebarbera\/wp-content\/uploads\/usu2281\/2021\/01\/Acreditat.jpg 350w, https:\/\/agora.xtec.cat\/cfalacreudebarbera\/wp-content\/uploads\/usu2281\/2021\/01\/Acreditat-150x150.jpg 150w, https:\/\/agora.xtec.cat\/cfalacreudebarbera\/wp-content\/uploads\/usu2281\/2021\/01\/Acreditat-300x300.jpg 300w\" sizes=\"auto, (max-width: 201px) 100vw, 201px\" \/><\/a>S&#8217;ha obert una nova convocat\u00f2ria espec\u00edfica del procediment d&#8217;avaluaci\u00f3 i d&#8217;acreditaci\u00f3 de compet\u00e8ncies professionals en centres que depenen del Departament d&#8217;Educaci\u00f3. Aquesta convocat\u00f2ria est\u00e0 adre\u00e7ada a les persones que tinguin experi\u00e8ncia professional o formaci\u00f3 no oficial. El proc\u00e9s d&#8217;avaluaci\u00f3 i acreditaci\u00f3 permet que aquestes persones puguin obtenir la certificaci\u00f3 oficial.<\/p>\n<p style=\"text-align: justify;\">El termini de presentaci\u00f3 telem\u00e0tica de la sol\u00b7licitud de preinscripci\u00f3 \u00e9s <strong>del 25 de gener fins el 31 de mar\u00e7 de 2021<\/strong>, per al primer bloc d&#8217;oferta. La documentaci\u00f3 justificativa dels requisits de participaci\u00f3 s&#8217;adjuntar\u00e0 a la mateixa sol\u00b7licitud de preinscripci\u00f3.<\/p>\n<p style=\"text-align: justify;\">Podeu trobar tota la informaci\u00f3 al seg\u00fcent enlla\u00e7:\u00a0<a href=\"http:\/\/acreditat.gencat.cat\/ca\" target=\"_blank\" rel=\"noopener noreferrer\">http:\/\/acreditat.gencat.cat\/ca<\/a><\/p>\n","protected":false},"excerpt":{"rendered":"<p><a href=\"https:\/\/agora.xtec.cat\/cfalacreudebarbera\/wp-content\/uploads\/usu2281\/2021\/01\/Acreditat.jpg\"><\/a>S&#8217;ha obert una nova convocat\u00f2ria espec\u00edfica del procediment d&#8217;avaluaci\u00f3 i d&#8217;acreditaci\u00f3 de compet\u00e8ncies professionals en centres que depenen del Departament d&#8217;Educaci\u00f3. Aquesta convocat\u00f2ria est\u00e0 adre\u00e7ada a les persones que tinguin experi\u00e8ncia professional o formaci\u00f3 no oficial. El proc\u00e9s d&#8217;avaluaci\u00f3 i acreditaci\u00f3 permet que aquestes&hellip;  <a href=\"https:\/\/agora.xtec.cat\/cfalacreudebarbera\/portada\/avaluacio-i-acreditacio-de-competencies-professionals\/\" title=\"Read Avaluaci\u00f3 i acreditaci\u00f3 de compet\u00e8ncies professionals\">Llegeix m\u00e9s\u00bb<\/a><\/p>\n","protected":false},"author":1,"featured_media":0,"comment_status":"closed","ping_status":"closed","sticky":false,"template":"","format":"standard","meta":{"_bbp_topic_count":0,"_bbp_reply_count":0,"_bbp_total_topic_count":0,"_bbp_total_reply_count":0,"_bbp_voice_count":0,"_bbp_anonymous_reply_count":0,"_bbp_topic_count_hidden":0,"_bbp_reply_count_hidden":0,"_bbp_forum_subforum_count":0,"footnotes":""},"categories":[29],"tags":[],"class_list":["post-631","post","type-post","status-publish","format-standard","hentry","category-portada"],"post_mailing_queue_ids":[],"_links":{"self":[{"href":"https:\/\/agora.xtec.cat\/cfalacreudebarbera\/wp-json\/wp\/v2\/posts\/631","targetHints":{"allow":["GET"]}}],"collection":[{"href":"https:\/\/agora.xtec.cat\/cfalacreudebarbera\/wp-json\/wp\/v2\/posts"}],"about":[{"href":"https:\/\/agora.xtec.cat\/cfalacreudebarbera\/wp-json\/wp\/v2\/types\/post"}],"author":[{"embeddable":true,"href":"https:\/\/agora.xtec.cat\/cfalacreudebarbera\/wp-json\/wp\/v2\/users\/1"}],"replies":[{"embeddable":true,"href":"https:\/\/agora.xtec.cat\/cfalacreudebarbera\/wp-json\/wp\/v2\/comments?post=631"}],"version-history":[{"count":3,"href":"https:\/\/agora.xtec.cat\/cfalacreudebarbera\/wp-json\/wp\/v2\/posts\/631\/revisions"}],"predecessor-version":[{"id":647,"href":"https:\/\/agora.xtec.cat\/cfalacreudebarbera\/wp-json\/wp\/v2\/posts\/631\/revisions\/647"}],"wp:attachment":[{"href":"https:\/\/agora.xtec.cat\/cfalacreudebarbera\/wp-json\/wp\/v2\/media?parent=631"}],"wp:term":[{"taxonomy":"category","embeddable":true,"href":"https:\/\/agora.xtec.cat\/cfalacreudebarbera\/wp-json\/wp\/v2\/categories?post=631"},{"taxonomy":"post_tag","embeddable":true,"href":"https:\/\/agora.xtec.cat\/cfalacreudebarbera\/wp-json\/wp\/v2\/tags?post=631"}],"curies":[{"name":"wp","href":"https:\/\/api.w.org\/{rel}","templated":true}]}}