{"id":625,"date":"2021-01-15T10:17:25","date_gmt":"2021-01-15T09:17:25","guid":{"rendered":"https:\/\/agora.xtec.cat\/cfalacreudebarbera\/?p=625"},"modified":"2021-01-15T10:22:51","modified_gmt":"2021-01-15T09:22:51","slug":"proves-lliures-ges-majors-de-18-anys","status":"publish","type":"post","link":"https:\/\/agora.xtec.cat\/cfalacreudebarbera\/portada\/proves-lliures-ges-majors-de-18-anys\/","title":{"rendered":"PROVES LLIURES GES (majors de 18 anys)"},"content":{"rendered":"<p style=\"text-align: justify;\"><a href=\"https:\/\/agora.xtec.cat\/cfalacreudebarbera\/wp-content\/uploads\/usu2281\/2021\/01\/Proves-lliures-GES.jpg\"><img loading=\"lazy\" decoding=\"async\" class=\"size-full wp-image-626 alignleft\" src=\"https:\/\/agora.xtec.cat\/cfalacreudebarbera\/wp-content\/uploads\/usu2281\/2021\/01\/Proves-lliures-GES.jpg\" alt=\"\" width=\"298\" height=\"169\" \/><\/a>El Departament d&#8217;Educaci\u00f3 convoca aquesta prova amb l&#8217;objectiu que l&#8217;aspirant demostri que ha assolit els objectius i les compet\u00e8ncies b\u00e0siques del curr\u00edculum dels ensenyaments d&#8217;educaci\u00f3 secund\u00e0ria per a les persones adultes.<\/p>\n<p style=\"text-align: justify;\"><strong>Termini d&#8217;inscripci\u00f3:<\/strong> del 25 de gener (a les 9 h) fins a l&#8217;1 de febrer de 2021<\/p>\n<p style=\"text-align: justify;\">Teniu m\u00e9s informaci\u00f3 de les proves lliures de GES al seg\u00fcent enlla\u00e7:<\/p>\n<p style=\"text-align: justify;\"><a href=\"http:\/\/educacio.gencat.cat\/ca\/serveis-tramits\/proves\/proves-lliures-obtencio-titols\/obtencio-geso-mes-18-anys\/\" target=\"_blank\" rel=\"noopener noreferrer\">http:\/\/educacio.gencat.cat\/ca\/serveis-tramits\/proves\/proves-lliures-obtencio-titols\/obtencio-geso-mes-18-anys\/<\/a><\/p>\n","protected":false},"excerpt":{"rendered":"<p><a href=\"https:\/\/agora.xtec.cat\/cfalacreudebarbera\/wp-content\/uploads\/usu2281\/2021\/01\/Proves-lliures-GES.jpg\"><\/a>El Departament d&#8217;Educaci\u00f3 convoca aquesta prova amb l&#8217;objectiu que l&#8217;aspirant demostri que ha assolit els objectius i les compet\u00e8ncies b\u00e0siques del curr\u00edculum dels ensenyaments d&#8217;educaci\u00f3 secund\u00e0ria per a les persones adultes.<br \/>\nTermini d&#8217;inscripci\u00f3: del 25 de gener (a les 9 h) fins a l&#8217;1 de&hellip;  <a href=\"https:\/\/agora.xtec.cat\/cfalacreudebarbera\/portada\/proves-lliures-ges-majors-de-18-anys\/\" title=\"Read PROVES LLIURES GES (majors de 18 anys)\">Llegeix m\u00e9s\u00bb<\/a><\/p>\n","protected":false},"author":1,"featured_media":0,"comment_status":"closed","ping_status":"closed","sticky":false,"template":"","format":"standard","meta":{"_bbp_topic_count":0,"_bbp_reply_count":0,"_bbp_total_topic_count":0,"_bbp_total_reply_count":0,"_bbp_voice_count":0,"_bbp_anonymous_reply_count":0,"_bbp_topic_count_hidden":0,"_bbp_reply_count_hidden":0,"_bbp_forum_subforum_count":0,"footnotes":""},"categories":[29],"tags":[],"class_list":["post-625","post","type-post","status-publish","format-standard","hentry","category-portada"],"post_mailing_queue_ids":[],"_links":{"self":[{"href":"https:\/\/agora.xtec.cat\/cfalacreudebarbera\/wp-json\/wp\/v2\/posts\/625","targetHints":{"allow":["GET"]}}],"collection":[{"href":"https:\/\/agora.xtec.cat\/cfalacreudebarbera\/wp-json\/wp\/v2\/posts"}],"about":[{"href":"https:\/\/agora.xtec.cat\/cfalacreudebarbera\/wp-json\/wp\/v2\/types\/post"}],"author":[{"embeddable":true,"href":"https:\/\/agora.xtec.cat\/cfalacreudebarbera\/wp-json\/wp\/v2\/users\/1"}],"replies":[{"embeddable":true,"href":"https:\/\/agora.xtec.cat\/cfalacreudebarbera\/wp-json\/wp\/v2\/comments?post=625"}],"version-history":[{"count":3,"href":"https:\/\/agora.xtec.cat\/cfalacreudebarbera\/wp-json\/wp\/v2\/posts\/625\/revisions"}],"predecessor-version":[{"id":630,"href":"https:\/\/agora.xtec.cat\/cfalacreudebarbera\/wp-json\/wp\/v2\/posts\/625\/revisions\/630"}],"wp:attachment":[{"href":"https:\/\/agora.xtec.cat\/cfalacreudebarbera\/wp-json\/wp\/v2\/media?parent=625"}],"wp:term":[{"taxonomy":"category","embeddable":true,"href":"https:\/\/agora.xtec.cat\/cfalacreudebarbera\/wp-json\/wp\/v2\/categories?post=625"},{"taxonomy":"post_tag","embeddable":true,"href":"https:\/\/agora.xtec.cat\/cfalacreudebarbera\/wp-json\/wp\/v2\/tags?post=625"}],"curies":[{"name":"wp","href":"https:\/\/api.w.org\/{rel}","templated":true}]}}