{"id":606,"date":"2020-12-17T17:40:22","date_gmt":"2020-12-17T16:40:22","guid":{"rendered":"https:\/\/agora.xtec.cat\/cfalacreudebarbera\/?p=606"},"modified":"2020-12-17T17:54:19","modified_gmt":"2020-12-17T16:54:19","slug":"inici-del-segon-trimestre","status":"publish","type":"post","link":"https:\/\/agora.xtec.cat\/cfalacreudebarbera\/portada\/inici-del-segon-trimestre\/","title":{"rendered":"Inici del segon trimestre"},"content":{"rendered":"<div>Per indicacions del Departament d&#8217;Educaci\u00f3, el segon trimestre comen\u00e7ar\u00e0 dilluns <strong>11 de gener de 2021<\/strong>.<\/div>\n<div><\/div>\n<div><\/div>\n<div>Cal recordar que els ensenyaments seran semipresencials.<\/div>\n<div><\/div>\n<div><\/div>\n<div>En el seg\u00fcent enlla\u00e7 pots veure els DIES PRESENCIALS (has de venir a l&#8217;escola) i els DIES ONLINE (des de casa):<\/div>\n<div><\/div>\n<div class=\"yj6qo\"><\/div>\n<div class=\"adL\"><a href=\"https:\/\/agora.xtec.cat\/cfalacreudebarbera\/wp-content\/uploads\/usu2281\/2020\/12\/Semipresencialitat-Cfa-La-Creu-de-Barber\u00e0-2N-TRIMESTRE.pdf\" target=\"_blank\" rel=\"noopener noreferrer\">Calendari de semipresencialitat<\/a><\/div>\n<div><\/div>\n","protected":false},"excerpt":{"rendered":"<p>Per indicacions del Departament d&#8217;Educaci\u00f3, el segon trimestre comen\u00e7ar\u00e0 dilluns 11 de gener de 2021.<\/p>\n<p>Cal recordar que els ensenyaments seran semipresencials.<\/p>\n<p>En el seg\u00fcent enlla\u00e7 pots veure els DIES PRESENCIALS (has de venir a l&#8217;escola) i els DIES ONLINE (des de casa):<\/p>\n<p><a href=\"https:\/\/agora.xtec.cat\/cfalacreudebarbera\/wp-content\/uploads\/usu2281\/2020\/12\/Semipresencialitat-Cfa-La-Creu-de-Barber\u00e0-2N-TRIMESTRE.pdf\" target=\"_blank\" rel=\"noopener noreferrer\">Calendari&hellip;  <a href=\"https:\/\/agora.xtec.cat\/cfalacreudebarbera\/portada\/inici-del-segon-trimestre\/\" title=\"Read Inici del segon trimestre\">Llegeix m\u00e9s\u00bb<\/a><\/p>\n","protected":false},"author":1,"featured_media":114,"comment_status":"closed","ping_status":"closed","sticky":false,"template":"","format":"standard","meta":{"_bbp_topic_count":0,"_bbp_reply_count":0,"_bbp_total_topic_count":0,"_bbp_total_reply_count":0,"_bbp_voice_count":0,"_bbp_anonymous_reply_count":0,"_bbp_topic_count_hidden":0,"_bbp_reply_count_hidden":0,"_bbp_forum_subforum_count":0,"footnotes":""},"categories":[29],"tags":[],"class_list":["post-606","post","type-post","status-publish","format-standard","has-post-thumbnail","hentry","category-portada"],"post_mailing_queue_ids":[],"_links":{"self":[{"href":"https:\/\/agora.xtec.cat\/cfalacreudebarbera\/wp-json\/wp\/v2\/posts\/606","targetHints":{"allow":["GET"]}}],"collection":[{"href":"https:\/\/agora.xtec.cat\/cfalacreudebarbera\/wp-json\/wp\/v2\/posts"}],"about":[{"href":"https:\/\/agora.xtec.cat\/cfalacreudebarbera\/wp-json\/wp\/v2\/types\/post"}],"author":[{"embeddable":true,"href":"https:\/\/agora.xtec.cat\/cfalacreudebarbera\/wp-json\/wp\/v2\/users\/1"}],"replies":[{"embeddable":true,"href":"https:\/\/agora.xtec.cat\/cfalacreudebarbera\/wp-json\/wp\/v2\/comments?post=606"}],"version-history":[{"count":2,"href":"https:\/\/agora.xtec.cat\/cfalacreudebarbera\/wp-json\/wp\/v2\/posts\/606\/revisions"}],"predecessor-version":[{"id":614,"href":"https:\/\/agora.xtec.cat\/cfalacreudebarbera\/wp-json\/wp\/v2\/posts\/606\/revisions\/614"}],"wp:featuredmedia":[{"embeddable":true,"href":"https:\/\/agora.xtec.cat\/cfalacreudebarbera\/wp-json\/wp\/v2\/media\/114"}],"wp:attachment":[{"href":"https:\/\/agora.xtec.cat\/cfalacreudebarbera\/wp-json\/wp\/v2\/media?parent=606"}],"wp:term":[{"taxonomy":"category","embeddable":true,"href":"https:\/\/agora.xtec.cat\/cfalacreudebarbera\/wp-json\/wp\/v2\/categories?post=606"},{"taxonomy":"post_tag","embeddable":true,"href":"https:\/\/agora.xtec.cat\/cfalacreudebarbera\/wp-json\/wp\/v2\/tags?post=606"}],"curies":[{"name":"wp","href":"https:\/\/api.w.org\/{rel}","templated":true}]}}