{"id":587,"date":"2020-12-08T02:01:45","date_gmt":"2020-12-08T01:01:45","guid":{"rendered":"https:\/\/agora.xtec.cat\/cfalacreudebarbera\/?p=587"},"modified":"2020-12-08T02:51:06","modified_gmt":"2020-12-08T01:51:06","slug":"matricula-ges-presencial-2n-trimestre","status":"publish","type":"post","link":"https:\/\/agora.xtec.cat\/cfalacreudebarbera\/portada\/matricula-ges-presencial-2n-trimestre\/","title":{"rendered":"Matr\u00edcula GES presencial (2n trimestre)"},"content":{"rendered":"<p style=\"text-align: justify;\"><a href=\"https:\/\/agora.xtec.cat\/cfalacreudebarbera\/wp-content\/uploads\/usu2281\/2020\/12\/escola-150x150.jpg\"><img loading=\"lazy\" decoding=\"async\" class=\"size-full wp-image-588 alignleft\" src=\"https:\/\/agora.xtec.cat\/cfalacreudebarbera\/wp-content\/uploads\/usu2281\/2020\/12\/escola-150x150.jpg\" alt=\"\" width=\"150\" height=\"150\" \/><\/a>Ja disposem de les dates de matr\u00edcula per al segon trimestre del curs de Graduat en Educaci\u00f3 Secund\u00e0ria (vegeu informaci\u00f3 sobre el <a href=\"https:\/\/agora.xtec.cat\/cfalacreudebarbera\/ensenyaments\/graduat-en-educacio-secundaria-per-adults\/ges-presencial\/\" target=\"_blank\" rel=\"noopener noreferrer\">GES Presencial<\/a>).<\/p>\n<p style=\"text-align: justify;\">Dates de matr\u00edcula:<\/p>\n<p style=\"text-align: justify;\"><strong>16, 17 i 18 de desembre de 2020<\/strong><\/p>\n<ul>\n<li style=\"text-align: justify;\">Mat\u00ed: de 10.00 a 12.00 h<\/li>\n<li style=\"text-align: justify;\">Tarda: de 16.00 a 18.00 h<\/li>\n<\/ul>\n<p style=\"text-align: justify;\"><strong>(excepte el dia 18 que nom\u00e9s atendrem al mat\u00ed)<\/strong><\/p>\n<p style=\"text-align: justify;\">Documentaci\u00f3 necess\u00e0ria:<\/p>\n<ul>\n<li style=\"text-align: justify;\">Fotoc\u00f2pia del DNI<\/li>\n<li style=\"text-align: justify;\">1 foto carnet<\/li>\n<li style=\"text-align: justify;\">Llibre d&#8217;escolaritat o expedient acad\u00e8mic<\/li>\n<li style=\"text-align: justify;\">Fotoc\u00f2pia de la tarja sanit\u00e0ria<\/li>\n<\/ul>\n<p style=\"text-align: justify;\">El mateix dia de la matr\u00edcula s&#8217;ha de fer efectiu el pagament del material del curs.<\/p>\n<p style=\"text-align: justify;\">Podeu consultar les dates d&#8217;inici i fi del trimestre al <a href=\"https:\/\/agora.xtec.cat\/cfalacreudebarbera\/wp-content\/uploads\/usu2281\/2020\/11\/Calendari-2020-2021.pdf\" target=\"_blank\" rel=\"noopener noreferrer\">calendari escolar de l&#8217;ajuntament de Sabadell<\/a>.<\/p>\n","protected":false},"excerpt":{"rendered":"<p><a href=\"https:\/\/agora.xtec.cat\/cfalacreudebarbera\/wp-content\/uploads\/usu2281\/2020\/12\/escola-150x150.jpg\"><\/a>Ja disposem de les dates de matr\u00edcula per al segon trimestre del curs de Graduat en Educaci\u00f3 Secund\u00e0ria (vegeu informaci\u00f3 sobre el <a href=\"https:\/\/agora.xtec.cat\/cfalacreudebarbera\/ensenyaments\/graduat-en-educacio-secundaria-per-adults\/ges-presencial\/\" target=\"_blank\" rel=\"noopener noreferrer\">GES Presencial<\/a>).<br \/>\nDates de matr\u00edcula:<br \/>\n16, 17 i 18 de desembre de 2020<\/p>\n<ul>\n<li style=\"text-align: justify;\">Mat\u00ed: de 10.00 a 12.00 h<\/li>\n<li&hellip;  <a href=\"https:\/\/agora.xtec.cat\/cfalacreudebarbera\/portada\/matricula-ges-presencial-2n-trimestre\/\" title=\"Read Matr\u00edcula GES presencial (2n trimestre)\">Llegeix m\u00e9s\u00bb<\/a><br \/>\n","protected":false},"author":1,"featured_media":0,"comment_status":"closed","ping_status":"closed","sticky":false,"template":"","format":"standard","meta":{"_bbp_topic_count":0,"_bbp_reply_count":0,"_bbp_total_topic_count":0,"_bbp_total_reply_count":0,"_bbp_voice_count":0,"_bbp_anonymous_reply_count":0,"_bbp_topic_count_hidden":0,"_bbp_reply_count_hidden":0,"_bbp_forum_subforum_count":0,"footnotes":""},"categories":[29],"tags":[],"class_list":["post-587","post","type-post","status-publish","format-standard","hentry","category-portada"],"post_mailing_queue_ids":[],"_links":{"self":[{"href":"https:\/\/agora.xtec.cat\/cfalacreudebarbera\/wp-json\/wp\/v2\/posts\/587","targetHints":{"allow":["GET"]}}],"collection":[{"href":"https:\/\/agora.xtec.cat\/cfalacreudebarbera\/wp-json\/wp\/v2\/posts"}],"about":[{"href":"https:\/\/agora.xtec.cat\/cfalacreudebarbera\/wp-json\/wp\/v2\/types\/post"}],"author":[{"embeddable":true,"href":"https:\/\/agora.xtec.cat\/cfalacreudebarbera\/wp-json\/wp\/v2\/users\/1"}],"replies":[{"embeddable":true,"href":"https:\/\/agora.xtec.cat\/cfalacreudebarbera\/wp-json\/wp\/v2\/comments?post=587"}],"version-history":[{"count":3,"href":"https:\/\/agora.xtec.cat\/cfalacreudebarbera\/wp-json\/wp\/v2\/posts\/587\/revisions"}],"predecessor-version":[{"id":599,"href":"https:\/\/agora.xtec.cat\/cfalacreudebarbera\/wp-json\/wp\/v2\/posts\/587\/revisions\/599"}],"wp:attachment":[{"href":"https:\/\/agora.xtec.cat\/cfalacreudebarbera\/wp-json\/wp\/v2\/media?parent=587"}],"wp:term":[{"taxonomy":"category","embeddable":true,"href":"https:\/\/agora.xtec.cat\/cfalacreudebarbera\/wp-json\/wp\/v2\/categories?post=587"},{"taxonomy":"post_tag","embeddable":true,"href":"https:\/\/agora.xtec.cat\/cfalacreudebarbera\/wp-json\/wp\/v2\/tags?post=587"}],"curies":[{"name":"wp","href":"https:\/\/api.w.org\/{rel}","templated":true}]}}