{"id":445,"date":"2020-11-28T15:26:16","date_gmt":"2020-11-28T14:26:16","guid":{"rendered":"https:\/\/agora.xtec.cat\/cfalacreudebarbera\/?p=445"},"modified":"2020-12-08T02:20:55","modified_gmt":"2020-12-08T01:20:55","slug":"nou-horari-secretaria","status":"publish","type":"post","link":"https:\/\/agora.xtec.cat\/cfalacreudebarbera\/portada\/nou-horari-secretaria\/","title":{"rendered":"Nou horari secretaria"},"content":{"rendered":"<p style=\"text-align: left;\"><a href=\"https:\/\/agora.xtec.cat\/cfalacreudebarbera\/wp-content\/uploads\/usu2281\/2020\/11\/Rellotge.jpg\"><img loading=\"lazy\" decoding=\"async\" class=\"size-full wp-image-446 alignleft\" src=\"https:\/\/agora.xtec.cat\/cfalacreudebarbera\/wp-content\/uploads\/usu2281\/2020\/11\/Rellotge.jpg\" alt=\"\" width=\"150\" height=\"150\" \/><\/a>Donada la situaci\u00f3 regida per la pand\u00e8mia, ens veiem obligats a restringir l&#8217;horari d&#8217;atenci\u00f3 al p\u00fablic fins nou av\u00eds.<\/p>\n<p style=\"text-align: left;\">A partir d&#8217;ara us atendrem:<\/p>\n<ul>\n<li style=\"text-align: left;\">Dimarts de 15.30 a 19.00 h<\/li>\n<li style=\"text-align: left;\">Dijous de 9.00 a 13.30 h<\/li>\n<\/ul>\n","protected":false},"excerpt":{"rendered":"<p><a href=\"https:\/\/agora.xtec.cat\/cfalacreudebarbera\/wp-content\/uploads\/usu2281\/2020\/11\/Rellotge.jpg\"><\/a>Donada la situaci\u00f3 regida per la pand\u00e8mia, ens veiem obligats a restringir l&#8217;horari d&#8217;atenci\u00f3 al p\u00fablic fins nou av\u00eds.<br \/>\nA partir d&#8217;ara us atendrem:<\/p>\n<ul>\n<li style=\"text-align: left;\">Dimarts de 15.30 a 19.00 h<\/li>\n<li style=\"text-align: left;\">Dijous de 9.00 a 13.30 h<\/li>\n<\/ul>\n","protected":false},"author":1,"featured_media":0,"comment_status":"closed","ping_status":"closed","sticky":false,"template":"","format":"standard","meta":{"_bbp_topic_count":0,"_bbp_reply_count":0,"_bbp_total_topic_count":0,"_bbp_total_reply_count":0,"_bbp_voice_count":0,"_bbp_anonymous_reply_count":0,"_bbp_topic_count_hidden":0,"_bbp_reply_count_hidden":0,"_bbp_forum_subforum_count":0,"footnotes":""},"categories":[29],"tags":[],"class_list":["post-445","post","type-post","status-publish","format-standard","hentry","category-portada"],"post_mailing_queue_ids":[],"_links":{"self":[{"href":"https:\/\/agora.xtec.cat\/cfalacreudebarbera\/wp-json\/wp\/v2\/posts\/445","targetHints":{"allow":["GET"]}}],"collection":[{"href":"https:\/\/agora.xtec.cat\/cfalacreudebarbera\/wp-json\/wp\/v2\/posts"}],"about":[{"href":"https:\/\/agora.xtec.cat\/cfalacreudebarbera\/wp-json\/wp\/v2\/types\/post"}],"author":[{"embeddable":true,"href":"https:\/\/agora.xtec.cat\/cfalacreudebarbera\/wp-json\/wp\/v2\/users\/1"}],"replies":[{"embeddable":true,"href":"https:\/\/agora.xtec.cat\/cfalacreudebarbera\/wp-json\/wp\/v2\/comments?post=445"}],"version-history":[{"count":4,"href":"https:\/\/agora.xtec.cat\/cfalacreudebarbera\/wp-json\/wp\/v2\/posts\/445\/revisions"}],"predecessor-version":[{"id":593,"href":"https:\/\/agora.xtec.cat\/cfalacreudebarbera\/wp-json\/wp\/v2\/posts\/445\/revisions\/593"}],"wp:attachment":[{"href":"https:\/\/agora.xtec.cat\/cfalacreudebarbera\/wp-json\/wp\/v2\/media?parent=445"}],"wp:term":[{"taxonomy":"category","embeddable":true,"href":"https:\/\/agora.xtec.cat\/cfalacreudebarbera\/wp-json\/wp\/v2\/categories?post=445"},{"taxonomy":"post_tag","embeddable":true,"href":"https:\/\/agora.xtec.cat\/cfalacreudebarbera\/wp-json\/wp\/v2\/tags?post=445"}],"curies":[{"name":"wp","href":"https:\/\/api.w.org\/{rel}","templated":true}]}}