{"id":439,"date":"2020-11-28T14:44:36","date_gmt":"2020-11-28T13:44:36","guid":{"rendered":"https:\/\/agora.xtec.cat\/cfalacreudebarbera\/?p=439"},"modified":"2020-12-08T02:22:20","modified_gmt":"2020-12-08T01:22:20","slug":"escola-segura-mesures-de-prevencio","status":"publish","type":"post","link":"https:\/\/agora.xtec.cat\/cfalacreudebarbera\/portada\/escola-segura-mesures-de-prevencio\/","title":{"rendered":"Escola segura &#8211; Mesures de prevenci\u00f3"},"content":{"rendered":"<p style=\"text-align: left;\"><img loading=\"lazy\" decoding=\"async\" class=\"size-thumbnail wp-image-479 alignleft\" src=\"https:\/\/agora.xtec.cat\/cfalacreudebarbera\/wp-content\/uploads\/usu2281\/2020\/11\/Escola-segura-150x150.jpeg\" alt=\"\" width=\"150\" height=\"150\" \/>En el seg\u00fcent enlla\u00e7 pots visualitzar un cartell amb les mesures b\u00e0siques de seguretat per tal d&#8217;evitar la propagaci\u00f3 de la COVID-19: <a href=\"https:\/\/agora.xtec.cat\/cfalacreudebarbera\/wp-content\/uploads\/usu2281\/2020\/11\/CARTELL-MESURES-PREVENCI\u00d3-I-SEGURETAT.pdf\" target=\"_blank\" rel=\"noopener noreferrer\">CARTELL-MESURES-PREVENCI\u00d3-I-SEGURETAT<\/a><\/p>\n","protected":false},"excerpt":{"rendered":"<p>En el seg\u00fcent enlla\u00e7 pots visualitzar un cartell amb les mesures b\u00e0siques de seguretat per tal d&#8217;evitar la propagaci\u00f3 de la COVID-19: <a href=\"https:\/\/agora.xtec.cat\/cfalacreudebarbera\/wp-content\/uploads\/usu2281\/2020\/11\/CARTELL-MESURES-PREVENCI\u00d3-I-SEGURETAT.pdf\" target=\"_blank\" rel=\"noopener noreferrer\">CARTELL-MESURES-PREVENCI\u00d3-I-SEGURETAT<\/a><\/p>\n","protected":false},"author":1,"featured_media":0,"comment_status":"closed","ping_status":"closed","sticky":false,"template":"","format":"standard","meta":{"_bbp_topic_count":0,"_bbp_reply_count":0,"_bbp_total_topic_count":0,"_bbp_total_reply_count":0,"_bbp_voice_count":0,"_bbp_anonymous_reply_count":0,"_bbp_topic_count_hidden":0,"_bbp_reply_count_hidden":0,"_bbp_forum_subforum_count":0,"footnotes":""},"categories":[29],"tags":[],"class_list":["post-439","post","type-post","status-publish","format-standard","hentry","category-portada"],"post_mailing_queue_ids":[],"_links":{"self":[{"href":"https:\/\/agora.xtec.cat\/cfalacreudebarbera\/wp-json\/wp\/v2\/posts\/439","targetHints":{"allow":["GET"]}}],"collection":[{"href":"https:\/\/agora.xtec.cat\/cfalacreudebarbera\/wp-json\/wp\/v2\/posts"}],"about":[{"href":"https:\/\/agora.xtec.cat\/cfalacreudebarbera\/wp-json\/wp\/v2\/types\/post"}],"author":[{"embeddable":true,"href":"https:\/\/agora.xtec.cat\/cfalacreudebarbera\/wp-json\/wp\/v2\/users\/1"}],"replies":[{"embeddable":true,"href":"https:\/\/agora.xtec.cat\/cfalacreudebarbera\/wp-json\/wp\/v2\/comments?post=439"}],"version-history":[{"count":3,"href":"https:\/\/agora.xtec.cat\/cfalacreudebarbera\/wp-json\/wp\/v2\/posts\/439\/revisions"}],"predecessor-version":[{"id":480,"href":"https:\/\/agora.xtec.cat\/cfalacreudebarbera\/wp-json\/wp\/v2\/posts\/439\/revisions\/480"}],"wp:attachment":[{"href":"https:\/\/agora.xtec.cat\/cfalacreudebarbera\/wp-json\/wp\/v2\/media?parent=439"}],"wp:term":[{"taxonomy":"category","embeddable":true,"href":"https:\/\/agora.xtec.cat\/cfalacreudebarbera\/wp-json\/wp\/v2\/categories?post=439"},{"taxonomy":"post_tag","embeddable":true,"href":"https:\/\/agora.xtec.cat\/cfalacreudebarbera\/wp-json\/wp\/v2\/tags?post=439"}],"curies":[{"name":"wp","href":"https:\/\/api.w.org\/{rel}","templated":true}]}}