{"id":1228,"date":"2025-05-30T12:12:33","date_gmt":"2025-05-30T10:12:33","guid":{"rendered":"https:\/\/agora.xtec.cat\/cfalacreudebarbera\/?p=1228"},"modified":"2025-06-12T16:30:51","modified_gmt":"2025-06-12T14:30:51","slug":"preinscripcio-i-matricula-curs-2025-2026","status":"publish","type":"post","link":"https:\/\/agora.xtec.cat\/cfalacreudebarbera\/portada\/preinscripcio-i-matricula-curs-2025-2026\/","title":{"rendered":"Preinscripci\u00f3 i matr\u00edcula. Curs 2025-2026"},"content":{"rendered":"<p>L&#8217;oferta formativa per al curs 2025-2026 que tenim disponible en el nostre centre \u00e9s la seg\u00fcent:<\/p>\n<ul>\n<li>Catal\u00e0: Nivell 1, Mat\u00ed i tarda.<\/li>\n<li>Castell\u00e0: Nivell 1 i 2, mat\u00ed i tarda.<\/li>\n<li>Formaci\u00f3 instrumental: Mat\u00ed.<\/li>\n<li>COMPETIC Inicial i COMPETIC 1: Mat\u00ed<\/li>\n<li>GES: Mat\u00ed i tarda (En el cas de la tarda ensenyament semipresencial)<\/li>\n<li>ANGL\u00c8S: Nivells 1, 2 i 3\n<ul>\n<li>Nivell 1: Mat\u00ed<\/li>\n<li>Nivell 2 i 3: Tarda<\/li>\n<\/ul>\n<\/li>\n<\/ul>\n<p>\u00c9s molt important que en cas d&#8217;estar interessat en algun o alguns d&#8217;aquests ensenyaments segueixis la informaci\u00f3 de la imatge seg\u00fcent.<\/p>\n<p>El dia que vinguis a fer la preinscripci\u00f3 cal que portis la documentaci\u00f3 seg\u00fcent: <strong>FOTOC\u00d2PIA DNI, NIE o PASSAPORT<\/strong> \/ <strong>FOTOC\u00d2PIA de la targeta sanit\u00e0ria individual (TSI)<\/strong> &#8211; <em>En cas de voler realitzar el <strong>GES<\/strong>, cal que portis tamb\u00e9, l&#8217;expedient acad\u00e8mic (original i fotoc\u00f2pia).<\/em><br \/>\n<strong><img loading=\"lazy\" decoding=\"async\" class=\"aligncenter size-large wp-image-1229\" src=\"https:\/\/agora.xtec.cat\/cfalacreudebarbera\/wp-content\/uploads\/usu2281\/2025\/05\/Del-19-al-27-de-juny-de-2025-1024x724.png\" alt=\"\" width=\"1024\" height=\"724\" srcset=\"https:\/\/agora.xtec.cat\/cfalacreudebarbera\/wp-content\/uploads\/usu2281\/2025\/05\/Del-19-al-27-de-juny-de-2025-1024x724.png 1024w, https:\/\/agora.xtec.cat\/cfalacreudebarbera\/wp-content\/uploads\/usu2281\/2025\/05\/Del-19-al-27-de-juny-de-2025-300x212.png 300w, https:\/\/agora.xtec.cat\/cfalacreudebarbera\/wp-content\/uploads\/usu2281\/2025\/05\/Del-19-al-27-de-juny-de-2025-768x543.png 768w, https:\/\/agora.xtec.cat\/cfalacreudebarbera\/wp-content\/uploads\/usu2281\/2025\/05\/Del-19-al-27-de-juny-de-2025-1536x1086.png 1536w, https:\/\/agora.xtec.cat\/cfalacreudebarbera\/wp-content\/uploads\/usu2281\/2025\/05\/Del-19-al-27-de-juny-de-2025-2048x1448.png 2048w\" sizes=\"auto, (max-width: 1024px) 100vw, 1024px\" \/><\/strong><\/p>\n","protected":false},"excerpt":{"rendered":"<p>L&#8217;oferta formativa per al curs 2025-2026 que tenim disponible en el nostre centre \u00e9s la seg\u00fcent:<\/p>\n<ul>\n<li>Catal\u00e0: Nivell 1, Mat\u00ed i tarda.<\/li>\n<li>Castell\u00e0: Nivell 1 i 2, mat\u00ed i tarda.<\/li>\n<li>Formaci\u00f3 instrumental: Mat\u00ed.<\/li>\n<li>COMPETIC Inicial i COMPETIC 1: Mat\u00ed<\/li>\n<li>GES: Mat\u00ed i tarda (En el cas de la tarda ensenyament&hellip;  <a href=\"https:\/\/agora.xtec.cat\/cfalacreudebarbera\/portada\/preinscripcio-i-matricula-curs-2025-2026\/\" title=\"Read Preinscripci\u00f3 i matr\u00edcula. Curs 2025-2026\">Llegeix m\u00e9s\u00bb<\/a><br \/>\n","protected":false},"author":1,"featured_media":0,"comment_status":"open","ping_status":"closed","sticky":true,"template":"","format":"standard","meta":{"_bbp_topic_count":0,"_bbp_reply_count":0,"_bbp_total_topic_count":0,"_bbp_total_reply_count":0,"_bbp_voice_count":0,"_bbp_anonymous_reply_count":0,"_bbp_topic_count_hidden":0,"_bbp_reply_count_hidden":0,"_bbp_forum_subforum_count":0,"footnotes":""},"categories":[29],"tags":[],"class_list":["post-1228","post","type-post","status-publish","format-standard","hentry","category-portada"],"post_mailing_queue_ids":[],"_links":{"self":[{"href":"https:\/\/agora.xtec.cat\/cfalacreudebarbera\/wp-json\/wp\/v2\/posts\/1228","targetHints":{"allow":["GET"]}}],"collection":[{"href":"https:\/\/agora.xtec.cat\/cfalacreudebarbera\/wp-json\/wp\/v2\/posts"}],"about":[{"href":"https:\/\/agora.xtec.cat\/cfalacreudebarbera\/wp-json\/wp\/v2\/types\/post"}],"author":[{"embeddable":true,"href":"https:\/\/agora.xtec.cat\/cfalacreudebarbera\/wp-json\/wp\/v2\/users\/1"}],"replies":[{"embeddable":true,"href":"https:\/\/agora.xtec.cat\/cfalacreudebarbera\/wp-json\/wp\/v2\/comments?post=1228"}],"version-history":[{"count":6,"href":"https:\/\/agora.xtec.cat\/cfalacreudebarbera\/wp-json\/wp\/v2\/posts\/1228\/revisions"}],"predecessor-version":[{"id":1250,"href":"https:\/\/agora.xtec.cat\/cfalacreudebarbera\/wp-json\/wp\/v2\/posts\/1228\/revisions\/1250"}],"wp:attachment":[{"href":"https:\/\/agora.xtec.cat\/cfalacreudebarbera\/wp-json\/wp\/v2\/media?parent=1228"}],"wp:term":[{"taxonomy":"category","embeddable":true,"href":"https:\/\/agora.xtec.cat\/cfalacreudebarbera\/wp-json\/wp\/v2\/categories?post=1228"},{"taxonomy":"post_tag","embeddable":true,"href":"https:\/\/agora.xtec.cat\/cfalacreudebarbera\/wp-json\/wp\/v2\/tags?post=1228"}],"curies":[{"name":"wp","href":"https:\/\/api.w.org\/{rel}","templated":true}]}}