{"id":1215,"date":"2025-01-31T10:31:51","date_gmt":"2025-01-31T09:31:51","guid":{"rendered":"https:\/\/agora.xtec.cat\/cfalacreudebarbera\/?p=1215"},"modified":"2025-01-31T13:02:16","modified_gmt":"2025-01-31T12:02:16","slug":"formacio-de-lambit-digital-per-a-adults-i-joves","status":"publish","type":"post","link":"https:\/\/agora.xtec.cat\/cfalacreudebarbera\/portada\/general\/formacio-de-lambit-digital-per-a-adults-i-joves\/","title":{"rendered":"Formaci\u00f3 de l&#8217;\u00e0mbit digital per a adults i joves"},"content":{"rendered":"<p><img loading=\"lazy\" decoding=\"async\" class=\"wp-image-1216 alignleft\" src=\"https:\/\/agora.xtec.cat\/cfalacreudebarbera\/wp-content\/uploads\/usu2281\/2025\/01\/Sense-titol-2-724x1024.png\" alt=\"\" width=\"452\" height=\"639\" srcset=\"https:\/\/agora.xtec.cat\/cfalacreudebarbera\/wp-content\/uploads\/usu2281\/2025\/01\/Sense-titol-2-724x1024.png 724w, https:\/\/agora.xtec.cat\/cfalacreudebarbera\/wp-content\/uploads\/usu2281\/2025\/01\/Sense-titol-2-212x300.png 212w, https:\/\/agora.xtec.cat\/cfalacreudebarbera\/wp-content\/uploads\/usu2281\/2025\/01\/Sense-titol-2-768x1086.png 768w, https:\/\/agora.xtec.cat\/cfalacreudebarbera\/wp-content\/uploads\/usu2281\/2025\/01\/Sense-titol-2.png 1024w\" sizes=\"auto, (max-width: 452px) 100vw, 452px\" \/>En el nostre centre pots realitzar els cursos de <em><strong>&#8220;Formaci\u00f3 de l&#8217;\u00e0mbit digital per a adults i joves&#8221;<\/strong><\/em>, que ofereix la Generalitat de Catalunya des del Departament d&#8217;Educaci\u00f3 i Formaci\u00f3 Professional.<\/p>\n<p>Hi ha cinc cursos de formaci\u00f3 en l&#8217;\u00e0mbit digital, que van des del nivell m\u00e9s b\u00e0sic fins a l&#8217;\u00e0mbit professional.\u00a0<strong>Aquests cursos s\u00f3n gratu\u00efts<\/strong>.<\/p>\n<p>La formaci\u00f3 s&#8217;adre\u00e7a a adults i joves en risc d&#8217;exclusi\u00f3 digital que no estiguin al sistema educatiu ni formatiu i es pot estudiar a diferents\u00a0<strong>instituts de formaci\u00f3 professional i escoles d&#8217;adults<\/strong>\u00a0d&#8217;arreu de Catalunya. En finalitzar-la, s&#8217;obt\u00e9 una acreditaci\u00f3 del curs realitzat.<\/p>\n<p>Pots consultar tota la informaci\u00f3 disponible en el seg\u00fcent enlla\u00e7: <a href=\"https:\/\/educacio.gencat.cat\/ca\/serveis-tramits\/formacio-digital\/index.html\" target=\"_blank\" rel=\"noopener\"><em><strong>Formaci\u00f3 de l&#8217;\u00e0mbit digital per a adults i joves<\/strong><\/em><\/a><\/p>\n<p>Si t&#8217;interessa realitzar algun dels cursos, pots adre\u00e7ar-te al nostre centre, ens trobar\u00e0s al <a tabindex=\"0\" href=\"https:\/\/www.google.com\/maps\/place\/\/data=!4m2!3m1!1s0x12a495b0eaaaaaab:0xcd2025b7e1adb08c?sa=X&amp;ved=1t:8290&amp;ictx=111\" target=\"_blank\" rel=\"noopener\" data-url=\"\/maps\/place\/\/data=!4m2!3m1!1s0x12a495b0eaaaaaab:0xcd2025b7e1adb08c?sa=X&amp;ved=2ahUKEwi90Ifp0Z-LAxUWV6QEHaA8IwgQ4kB6BAgDEAA\">Carrer dels Carders, 14, 08204 Sabadell, Barcelona<\/a> o b\u00e9 pots trucar al <a href=\"https:\/\/www.google.com\/search?q=cfa+la+creu+de+barber%C3%A0&amp;rlz=1C1GCEA_enES1083ES1083&amp;oq=&amp;gs_lcrp=EgZjaHJvbWUqCQgAEEUYOxjCAzIJCAAQRRg7GMIDMgkIARBFGDsYwgMyCQgCEEUYOxjCAzIJCAMQRRg7GMIDMgkIBBBFGDsYwgMyCQgFEEUYOxjCAzIJCAYQRRg7GMIDMgkIBxBFGDsYwgPSAQg5MTVqMGoxNagCCLACAQ&amp;sourceid=chrome&amp;ie=UTF-8#\" data-dtype=\"d3ph\" data-local-attribute=\"d3ph\" data-ved=\"2ahUKEwi90Ifp0Z-LAxUWV6QEHaA8IwgQkAgoAHoECCAQAg\"><span aria-label=\"Truca al n\u00famero de tel\u00e8fon 937 11 64 48\">937 11 64 48<\/span><\/a> indicant quin nivell t&#8217;interessa realitzar.<\/p>\n","protected":false},"excerpt":{"rendered":"<p>En el nostre centre pots realitzar els cursos de &#8220;Formaci\u00f3 de l&#8217;\u00e0mbit digital per a adults i joves&#8221;, que ofereix la Generalitat de Catalunya des del Departament d&#8217;Educaci\u00f3 i Formaci\u00f3 Professional.<br \/>\nHi ha cinc cursos de formaci\u00f3 en l&#8217;\u00e0mbit digital, que van des del nivell m\u00e9s&hellip;  <a href=\"https:\/\/agora.xtec.cat\/cfalacreudebarbera\/portada\/general\/formacio-de-lambit-digital-per-a-adults-i-joves\/\" title=\"Read Formaci\u00f3 de l&#8217;\u00e0mbit digital per a adults i joves\">Llegeix m\u00e9s\u00bb<\/a><\/p>\n","protected":false},"author":1,"featured_media":0,"comment_status":"open","ping_status":"closed","sticky":true,"template":"","format":"standard","meta":{"_bbp_topic_count":0,"_bbp_reply_count":0,"_bbp_total_topic_count":0,"_bbp_total_reply_count":0,"_bbp_voice_count":0,"_bbp_anonymous_reply_count":0,"_bbp_topic_count_hidden":0,"_bbp_reply_count_hidden":0,"_bbp_forum_subforum_count":0,"footnotes":""},"categories":[1,29],"tags":[],"class_list":["post-1215","post","type-post","status-publish","format-standard","hentry","category-general","category-portada"],"post_mailing_queue_ids":[],"_links":{"self":[{"href":"https:\/\/agora.xtec.cat\/cfalacreudebarbera\/wp-json\/wp\/v2\/posts\/1215","targetHints":{"allow":["GET"]}}],"collection":[{"href":"https:\/\/agora.xtec.cat\/cfalacreudebarbera\/wp-json\/wp\/v2\/posts"}],"about":[{"href":"https:\/\/agora.xtec.cat\/cfalacreudebarbera\/wp-json\/wp\/v2\/types\/post"}],"author":[{"embeddable":true,"href":"https:\/\/agora.xtec.cat\/cfalacreudebarbera\/wp-json\/wp\/v2\/users\/1"}],"replies":[{"embeddable":true,"href":"https:\/\/agora.xtec.cat\/cfalacreudebarbera\/wp-json\/wp\/v2\/comments?post=1215"}],"version-history":[{"count":3,"href":"https:\/\/agora.xtec.cat\/cfalacreudebarbera\/wp-json\/wp\/v2\/posts\/1215\/revisions"}],"predecessor-version":[{"id":1219,"href":"https:\/\/agora.xtec.cat\/cfalacreudebarbera\/wp-json\/wp\/v2\/posts\/1215\/revisions\/1219"}],"wp:attachment":[{"href":"https:\/\/agora.xtec.cat\/cfalacreudebarbera\/wp-json\/wp\/v2\/media?parent=1215"}],"wp:term":[{"taxonomy":"category","embeddable":true,"href":"https:\/\/agora.xtec.cat\/cfalacreudebarbera\/wp-json\/wp\/v2\/categories?post=1215"},{"taxonomy":"post_tag","embeddable":true,"href":"https:\/\/agora.xtec.cat\/cfalacreudebarbera\/wp-json\/wp\/v2\/tags?post=1215"}],"curies":[{"name":"wp","href":"https:\/\/api.w.org\/{rel}","templated":true}]}}