{"id":1074,"date":"2024-03-18T09:53:10","date_gmt":"2024-03-18T08:53:10","guid":{"rendered":"https:\/\/agora.xtec.cat\/cfalacreudebarbera\/?p=1074"},"modified":"2024-03-18T09:54:40","modified_gmt":"2024-03-18T08:54:40","slug":"matricula-ges-presencial-3r-trimestre-4","status":"publish","type":"post","link":"https:\/\/agora.xtec.cat\/cfalacreudebarbera\/portada\/general\/matricula-ges-presencial-3r-trimestre-4\/","title":{"rendered":"Matr\u00edcula GES presencial (3r trimestre)"},"content":{"rendered":"<header class=\"entry-header\">\n<h1 class=\"entry-title\"><a style=\"font-family: inherit; font-size: 1em; font-weight: normal;\" href=\"https:\/\/agora.xtec.cat\/cfalacreudebarbera\/wp-content\/uploads\/usu2281\/2020\/12\/escola-150x150.jpg\"><img loading=\"lazy\" decoding=\"async\" class=\"size-full wp-image-588 alignleft\" src=\"https:\/\/agora.xtec.cat\/cfalacreudebarbera\/wp-content\/uploads\/usu2281\/2020\/12\/escola-150x150.jpg\" alt=\"\" width=\"150\" height=\"150\" \/><\/a><\/h1>\n<\/header>\n<div class=\"entry-content\">\n<p>Ja tenim les dates de matr\u00edcula per al\u00a0<strong>tercer\u00a0trimestre<\/strong>\u00a0per a cursar\u00a0<strong>de manera presencial<\/strong>\u00a0el curs de Graduat en Educaci\u00f3 Secund\u00e0ria (vegeu informaci\u00f3 sobre el\u00a0<a href=\"https:\/\/agora.xtec.cat\/cfalacreudebarbera\/ensenyaments\/graduat-en-educacio-secundaria-per-adults\/ges-presencial\/\" target=\"_blank\" rel=\"noopener noreferrer\">GES Presencial<\/a>).<\/p>\n<p>&nbsp;<\/p>\n<p>&nbsp;<\/p>\n<p>&nbsp;<\/p>\n<h3>Dates de matr\u00edcula:<\/h3>\n<p><strong>19, 20 i 21 de mar\u00e7 de 2023<\/strong><\/p>\n<ul>\n<li>Mat\u00ed: de 10.00 a 13.00 h<\/li>\n<li>Tarda: de 16.00 a 19.00 h<\/li>\n<\/ul>\n<p><strong>22 de mar\u00e7 de 2023<\/strong><\/p>\n<ul>\n<li>Mat\u00ed: de 10.00 a 13.00 h<\/li>\n<\/ul>\n<p>Documentaci\u00f3 necess\u00e0ria:<\/p>\n<ul>\n<li>Fotoc\u00f2pia del DNI<\/li>\n<li>Fotoc\u00f2pia de la targeta sanit\u00e0ria<\/li>\n<li>1 foto carnet<\/li>\n<li>Original i fotoc\u00f2pia del llibre d\u2019escolaritat o expedient acad\u00e8mic<\/li>\n<\/ul>\n<p>El mateix dia de la matr\u00edcula s\u2019ha de fer efectiu el pagament del material del curs.<\/p>\n<\/div>\n","protected":false},"excerpt":{"rendered":"<p><a style=\"font-family: inherit; font-size: 1em; font-weight: normal;\" href=\"https:\/\/agora.xtec.cat\/cfalacreudebarbera\/wp-content\/uploads\/usu2281\/2020\/12\/escola-150x150.jpg\"><\/a><\/p>\n<p>Ja tenim les dates de matr\u00edcula per al\u00a0tercer\u00a0trimestre\u00a0per a cursar\u00a0de manera presencial\u00a0el curs de Graduat en Educaci\u00f3 Secund\u00e0ria (vegeu informaci\u00f3 sobre el\u00a0<a href=\"https:\/\/agora.xtec.cat\/cfalacreudebarbera\/ensenyaments\/graduat-en-educacio-secundaria-per-adults\/ges-presencial\/\" target=\"_blank\" rel=\"noopener noreferrer\">GES Presencial<\/a>).<br \/>\n&nbsp;<br \/>\n&nbsp;<br \/>\n&nbsp;<br \/>\nDates de matr\u00edcula:<br \/>\n19, 20 i 21 de mar\u00e7 de 2023<\/p>\n<ul>\n<li>Mat\u00ed: de 10.00&hellip;  <a href=\"https:\/\/agora.xtec.cat\/cfalacreudebarbera\/portada\/general\/matricula-ges-presencial-3r-trimestre-4\/\" title=\"Read Matr\u00edcula GES presencial (3r trimestre)\">Llegeix m\u00e9s\u00bb<\/a><br \/>\n","protected":false},"author":1,"featured_media":0,"comment_status":"open","ping_status":"closed","sticky":true,"template":"","format":"standard","meta":{"_bbp_topic_count":0,"_bbp_reply_count":0,"_bbp_total_topic_count":0,"_bbp_total_reply_count":0,"_bbp_voice_count":0,"_bbp_anonymous_reply_count":0,"_bbp_topic_count_hidden":0,"_bbp_reply_count_hidden":0,"_bbp_forum_subforum_count":0,"footnotes":""},"categories":[1],"tags":[],"class_list":["post-1074","post","type-post","status-publish","format-standard","hentry","category-general"],"post_mailing_queue_ids":[],"_links":{"self":[{"href":"https:\/\/agora.xtec.cat\/cfalacreudebarbera\/wp-json\/wp\/v2\/posts\/1074","targetHints":{"allow":["GET"]}}],"collection":[{"href":"https:\/\/agora.xtec.cat\/cfalacreudebarbera\/wp-json\/wp\/v2\/posts"}],"about":[{"href":"https:\/\/agora.xtec.cat\/cfalacreudebarbera\/wp-json\/wp\/v2\/types\/post"}],"author":[{"embeddable":true,"href":"https:\/\/agora.xtec.cat\/cfalacreudebarbera\/wp-json\/wp\/v2\/users\/1"}],"replies":[{"embeddable":true,"href":"https:\/\/agora.xtec.cat\/cfalacreudebarbera\/wp-json\/wp\/v2\/comments?post=1074"}],"version-history":[{"count":2,"href":"https:\/\/agora.xtec.cat\/cfalacreudebarbera\/wp-json\/wp\/v2\/posts\/1074\/revisions"}],"predecessor-version":[{"id":1076,"href":"https:\/\/agora.xtec.cat\/cfalacreudebarbera\/wp-json\/wp\/v2\/posts\/1074\/revisions\/1076"}],"wp:attachment":[{"href":"https:\/\/agora.xtec.cat\/cfalacreudebarbera\/wp-json\/wp\/v2\/media?parent=1074"}],"wp:term":[{"taxonomy":"category","embeddable":true,"href":"https:\/\/agora.xtec.cat\/cfalacreudebarbera\/wp-json\/wp\/v2\/categories?post=1074"},{"taxonomy":"post_tag","embeddable":true,"href":"https:\/\/agora.xtec.cat\/cfalacreudebarbera\/wp-json\/wp\/v2\/tags?post=1074"}],"curies":[{"name":"wp","href":"https:\/\/api.w.org\/{rel}","templated":true}]}}