{"id":1457,"date":"2024-08-31T18:16:12","date_gmt":"2024-08-31T16:16:12","guid":{"rendered":"https:\/\/agora.xtec.cat\/cfaguixols\/?p=1457"},"modified":"2024-08-31T18:20:32","modified_gmt":"2024-08-31T16:20:32","slug":"tot-te-el-seu-temps-i-la-matricula-de-lescola-dadults-comenca-el-dia-4","status":"publish","type":"post","link":"https:\/\/agora.xtec.cat\/cfaguixols\/general\/tot-te-el-seu-temps-i-la-matricula-de-lescola-dadults-comenca-el-dia-4\/","title":{"rendered":"Tot t\u00e9 el seu temps. I la matr\u00edcula de l&#8217;Escola d&#8217;Adults comen\u00e7a el dia 4!!!"},"content":{"rendered":"<p><iframe loading=\"lazy\" title=\"YouTube video player\" src=\"https:\/\/www.youtube.com\/embed\/b3KNRDCS8ec?si=NMIg4cB0ZaYm5F5Y\" width=\"560\" height=\"315\" frameborder=\"0\" allowfullscreen=\"allowfullscreen\"><\/iframe><\/p>\n","protected":false},"excerpt":{"rendered":"","protected":false},"author":1,"featured_media":0,"comment_status":"closed","ping_status":"closed","sticky":false,"template":"","format":"standard","meta":{"_bbp_topic_count":0,"_bbp_reply_count":0,"_bbp_total_topic_count":0,"_bbp_total_reply_count":0,"_bbp_voice_count":0,"_bbp_anonymous_reply_count":0,"_bbp_topic_count_hidden":0,"_bbp_reply_count_hidden":0,"_bbp_forum_subforum_count":0,"footnotes":""},"categories":[1,29],"tags":[95,96,89],"class_list":["post-1457","post","type-post","status-publish","format-standard","hentry","category-general","category-portada","tag-educacio36","tag-sant-feliu-de-guixols","tag-cfa-sant-feliu-de-guixols"],"post_mailing_queue_ids":[],"_links":{"self":[{"href":"https:\/\/agora.xtec.cat\/cfaguixols\/wp-json\/wp\/v2\/posts\/1457","targetHints":{"allow":["GET"]}}],"collection":[{"href":"https:\/\/agora.xtec.cat\/cfaguixols\/wp-json\/wp\/v2\/posts"}],"about":[{"href":"https:\/\/agora.xtec.cat\/cfaguixols\/wp-json\/wp\/v2\/types\/post"}],"author":[{"embeddable":true,"href":"https:\/\/agora.xtec.cat\/cfaguixols\/wp-json\/wp\/v2\/users\/1"}],"replies":[{"embeddable":true,"href":"https:\/\/agora.xtec.cat\/cfaguixols\/wp-json\/wp\/v2\/comments?post=1457"}],"version-history":[{"count":2,"href":"https:\/\/agora.xtec.cat\/cfaguixols\/wp-json\/wp\/v2\/posts\/1457\/revisions"}],"predecessor-version":[{"id":1460,"href":"https:\/\/agora.xtec.cat\/cfaguixols\/wp-json\/wp\/v2\/posts\/1457\/revisions\/1460"}],"wp:attachment":[{"href":"https:\/\/agora.xtec.cat\/cfaguixols\/wp-json\/wp\/v2\/media?parent=1457"}],"wp:term":[{"taxonomy":"category","embeddable":true,"href":"https:\/\/agora.xtec.cat\/cfaguixols\/wp-json\/wp\/v2\/categories?post=1457"},{"taxonomy":"post_tag","embeddable":true,"href":"https:\/\/agora.xtec.cat\/cfaguixols\/wp-json\/wp\/v2\/tags?post=1457"}],"curies":[{"name":"wp","href":"https:\/\/api.w.org\/{rel}","templated":true}]}}