{"id":1755,"date":"2026-04-17T10:20:04","date_gmt":"2026-04-17T08:20:04","guid":{"rendered":"https:\/\/agora.xtec.cat\/cfagornal\/?p=1755"},"modified":"2026-04-17T10:20:04","modified_gmt":"2026-04-17T08:20:04","slug":"celebracio-de-sant-jordi","status":"publish","type":"post","link":"https:\/\/agora.xtec.cat\/cfagornal\/general\/celebracio-de-sant-jordi\/","title":{"rendered":"CELEBRACI\u00d3 DE SANT JORDI"},"content":{"rendered":"<div>El proper dia<b>\u00a022 d&#8217;abril a les 18,30 de la tarda a l&#8217;edifici de Bellvitge\u00a0<\/b>\u00a0celebrarem Sant Jordi a l&#8217;escola.<br \/>\nVindr\u00e0 l&#8217;escriptora Roser Cabr\u00e9 i ens far\u00e0 una xerrada.<\/div>\n<div>Despr\u00e9s com cada any farem el lliurament dels premis literaris i de fotografia.<\/div>\n<div>Animeu-vos!!!!<a href=\"https:\/\/agora.xtec.cat\/cfagornal\/wp-content\/uploads\/usu266\/2026\/04\/SANT-JORDI-26.jpg\"><img loading=\"lazy\" decoding=\"async\" class=\"alignnone size-full wp-image-1756\" src=\"https:\/\/agora.xtec.cat\/cfagornal\/wp-content\/uploads\/usu266\/2026\/04\/SANT-JORDI-26.jpg\" alt=\"\" width=\"606\" height=\"859\" srcset=\"https:\/\/agora.xtec.cat\/cfagornal\/wp-content\/uploads\/usu266\/2026\/04\/SANT-JORDI-26.jpg 606w, https:\/\/agora.xtec.cat\/cfagornal\/wp-content\/uploads\/usu266\/2026\/04\/SANT-JORDI-26-212x300.jpg 212w\" sizes=\"auto, (max-width: 606px) 100vw, 606px\" \/><\/a><\/div>\n","protected":false},"excerpt":{"rendered":"<p>El proper dia\u00a022 d&#8217;abril a les 18,30 de la tarda a l&#8217;edifici de Bellvitge\u00a0\u00a0celebrarem Sant Jordi a l&#8217;escola.<br \/>\nVindr\u00e0 l&#8217;escriptora Roser Cabr\u00e9 i ens far\u00e0 una xerrada.<br \/>\nDespr\u00e9s com cada any farem el lliurament dels premis literaris i de fotografia.<br \/>\nAnimeu-vos!!!!<a href=\"https:\/\/agora.xtec.cat\/cfagornal\/wp-content\/uploads\/usu266\/2026\/04\/SANT-JORDI-26.jpg\"><\/a><\/p>\n","protected":false},"author":1,"featured_media":1756,"comment_status":"closed","ping_status":"open","sticky":false,"template":"","format":"standard","meta":{"_bbp_topic_count":0,"_bbp_reply_count":0,"_bbp_total_topic_count":0,"_bbp_total_reply_count":0,"_bbp_voice_count":0,"_bbp_anonymous_reply_count":0,"_bbp_topic_count_hidden":0,"_bbp_reply_count_hidden":0,"_bbp_forum_subforum_count":0,"footnotes":""},"categories":[1],"tags":[],"class_list":["post-1755","post","type-post","status-publish","format-standard","has-post-thumbnail","hentry","category-general"],"post_mailing_queue_ids":[],"_links":{"self":[{"href":"https:\/\/agora.xtec.cat\/cfagornal\/wp-json\/wp\/v2\/posts\/1755","targetHints":{"allow":["GET"]}}],"collection":[{"href":"https:\/\/agora.xtec.cat\/cfagornal\/wp-json\/wp\/v2\/posts"}],"about":[{"href":"https:\/\/agora.xtec.cat\/cfagornal\/wp-json\/wp\/v2\/types\/post"}],"author":[{"embeddable":true,"href":"https:\/\/agora.xtec.cat\/cfagornal\/wp-json\/wp\/v2\/users\/1"}],"replies":[{"embeddable":true,"href":"https:\/\/agora.xtec.cat\/cfagornal\/wp-json\/wp\/v2\/comments?post=1755"}],"version-history":[{"count":1,"href":"https:\/\/agora.xtec.cat\/cfagornal\/wp-json\/wp\/v2\/posts\/1755\/revisions"}],"predecessor-version":[{"id":1757,"href":"https:\/\/agora.xtec.cat\/cfagornal\/wp-json\/wp\/v2\/posts\/1755\/revisions\/1757"}],"wp:featuredmedia":[{"embeddable":true,"href":"https:\/\/agora.xtec.cat\/cfagornal\/wp-json\/wp\/v2\/media\/1756"}],"wp:attachment":[{"href":"https:\/\/agora.xtec.cat\/cfagornal\/wp-json\/wp\/v2\/media?parent=1755"}],"wp:term":[{"taxonomy":"category","embeddable":true,"href":"https:\/\/agora.xtec.cat\/cfagornal\/wp-json\/wp\/v2\/categories?post=1755"},{"taxonomy":"post_tag","embeddable":true,"href":"https:\/\/agora.xtec.cat\/cfagornal\/wp-json\/wp\/v2\/tags?post=1755"}],"curies":[{"name":"wp","href":"https:\/\/api.w.org\/{rel}","templated":true}]}}