{"id":1730,"date":"2026-03-02T15:41:16","date_gmt":"2026-03-02T14:41:16","guid":{"rendered":"https:\/\/agora.xtec.cat\/cfagornal\/?p=1730"},"modified":"2026-03-02T15:41:16","modified_gmt":"2026-03-02T14:41:16","slug":"taller-arts-i-artistes-dia-de-la-dona","status":"publish","type":"post","link":"https:\/\/agora.xtec.cat\/cfagornal\/general\/taller-arts-i-artistes-dia-de-la-dona\/","title":{"rendered":"TALLER ARTS I ARTISTES DIA DE LA DONA"},"content":{"rendered":"<p>El Taller \u201cArt i Artistes\u201d fomenta la creaci\u00f3 d\u2019espais a on s\u2019hi promouen la conviv\u00e8ncia i reconeixement de les diferents realitats art\u00edstiques que ens envolten en un ambient de conc\u00f2rdia i entesa; d\u2019altra banda, veurem a la dona no com a musa inspiradora sin\u00f3 com art\u00edfex i creadora d\u2019obres d\u2019art.<br \/>\nEls alumnes de GES I han representat obres mestres que mostren els diferents corrents art\u00edstics al llarg de la hist\u00f2ria.<\/p>\n<p><a href=\"https:\/\/agora.xtec.cat\/cfagornal\/wp-content\/uploads\/usu266\/2026\/03\/3.jpg\"><img loading=\"lazy\" decoding=\"async\" class=\"alignnone size-full wp-image-1734\" src=\"https:\/\/agora.xtec.cat\/cfagornal\/wp-content\/uploads\/usu266\/2026\/03\/3.jpg\" alt=\"\" width=\"313\" height=\"237\" srcset=\"https:\/\/agora.xtec.cat\/cfagornal\/wp-content\/uploads\/usu266\/2026\/03\/3.jpg 313w, https:\/\/agora.xtec.cat\/cfagornal\/wp-content\/uploads\/usu266\/2026\/03\/3-300x227.jpg 300w, https:\/\/agora.xtec.cat\/cfagornal\/wp-content\/uploads\/usu266\/2026\/03\/3-200x150.jpg 200w\" sizes=\"auto, (max-width: 313px) 100vw, 313px\" \/><\/a> <a href=\"https:\/\/agora.xtec.cat\/cfagornal\/wp-content\/uploads\/usu266\/2026\/03\/2.jpg\"><img loading=\"lazy\" decoding=\"async\" class=\"alignnone size-full wp-image-1733\" src=\"https:\/\/agora.xtec.cat\/cfagornal\/wp-content\/uploads\/usu266\/2026\/03\/2.jpg\" alt=\"\" width=\"316\" height=\"235\" srcset=\"https:\/\/agora.xtec.cat\/cfagornal\/wp-content\/uploads\/usu266\/2026\/03\/2.jpg 316w, https:\/\/agora.xtec.cat\/cfagornal\/wp-content\/uploads\/usu266\/2026\/03\/2-300x223.jpg 300w, https:\/\/agora.xtec.cat\/cfagornal\/wp-content\/uploads\/usu266\/2026\/03\/2-200x150.jpg 200w\" sizes=\"auto, (max-width: 316px) 100vw, 316px\" \/><\/a> <a href=\"https:\/\/agora.xtec.cat\/cfagornal\/wp-content\/uploads\/usu266\/2026\/03\/1.jpg\"><img loading=\"lazy\" decoding=\"async\" class=\"alignnone size-full wp-image-1732\" src=\"https:\/\/agora.xtec.cat\/cfagornal\/wp-content\/uploads\/usu266\/2026\/03\/1.jpg\" alt=\"\" width=\"237\" height=\"321\" srcset=\"https:\/\/agora.xtec.cat\/cfagornal\/wp-content\/uploads\/usu266\/2026\/03\/1.jpg 237w, https:\/\/agora.xtec.cat\/cfagornal\/wp-content\/uploads\/usu266\/2026\/03\/1-221x300.jpg 221w\" sizes=\"auto, (max-width: 237px) 100vw, 237px\" \/><\/a> <a href=\"https:\/\/agora.xtec.cat\/cfagornal\/wp-content\/uploads\/usu266\/2026\/03\/0.jpg\"><img loading=\"lazy\" decoding=\"async\" class=\"size-full wp-image-1731 alignleft\" src=\"https:\/\/agora.xtec.cat\/cfagornal\/wp-content\/uploads\/usu266\/2026\/03\/0.jpg\" alt=\"\" width=\"324\" height=\"241\" srcset=\"https:\/\/agora.xtec.cat\/cfagornal\/wp-content\/uploads\/usu266\/2026\/03\/0.jpg 324w, https:\/\/agora.xtec.cat\/cfagornal\/wp-content\/uploads\/usu266\/2026\/03\/0-300x223.jpg 300w, https:\/\/agora.xtec.cat\/cfagornal\/wp-content\/uploads\/usu266\/2026\/03\/0-200x150.jpg 200w\" sizes=\"auto, (max-width: 324px) 100vw, 324px\" \/><\/a><\/p>\n","protected":false},"excerpt":{"rendered":"<p>El Taller \u201cArt i Artistes\u201d fomenta la creaci\u00f3 d\u2019espais a on s\u2019hi promouen la conviv\u00e8ncia i reconeixement de les diferents realitats art\u00edstiques que ens envolten en un ambient de conc\u00f2rdia i entesa; d\u2019altra banda, veurem a la dona no com a musa inspiradora sin\u00f3 com&hellip;  <a href=\"https:\/\/agora.xtec.cat\/cfagornal\/general\/taller-arts-i-artistes-dia-de-la-dona\/\" title=\"Read TALLER ARTS I ARTISTES DIA DE LA DONA\">Llegeix m\u00e9s\u00bb<\/a><\/p>\n","protected":false},"author":1,"featured_media":1731,"comment_status":"closed","ping_status":"open","sticky":false,"template":"","format":"standard","meta":{"_bbp_topic_count":0,"_bbp_reply_count":0,"_bbp_total_topic_count":0,"_bbp_total_reply_count":0,"_bbp_voice_count":0,"_bbp_anonymous_reply_count":0,"_bbp_topic_count_hidden":0,"_bbp_reply_count_hidden":0,"_bbp_forum_subforum_count":0,"footnotes":""},"categories":[1],"tags":[],"class_list":["post-1730","post","type-post","status-publish","format-standard","has-post-thumbnail","hentry","category-general"],"post_mailing_queue_ids":[],"_links":{"self":[{"href":"https:\/\/agora.xtec.cat\/cfagornal\/wp-json\/wp\/v2\/posts\/1730","targetHints":{"allow":["GET"]}}],"collection":[{"href":"https:\/\/agora.xtec.cat\/cfagornal\/wp-json\/wp\/v2\/posts"}],"about":[{"href":"https:\/\/agora.xtec.cat\/cfagornal\/wp-json\/wp\/v2\/types\/post"}],"author":[{"embeddable":true,"href":"https:\/\/agora.xtec.cat\/cfagornal\/wp-json\/wp\/v2\/users\/1"}],"replies":[{"embeddable":true,"href":"https:\/\/agora.xtec.cat\/cfagornal\/wp-json\/wp\/v2\/comments?post=1730"}],"version-history":[{"count":1,"href":"https:\/\/agora.xtec.cat\/cfagornal\/wp-json\/wp\/v2\/posts\/1730\/revisions"}],"predecessor-version":[{"id":1735,"href":"https:\/\/agora.xtec.cat\/cfagornal\/wp-json\/wp\/v2\/posts\/1730\/revisions\/1735"}],"wp:featuredmedia":[{"embeddable":true,"href":"https:\/\/agora.xtec.cat\/cfagornal\/wp-json\/wp\/v2\/media\/1731"}],"wp:attachment":[{"href":"https:\/\/agora.xtec.cat\/cfagornal\/wp-json\/wp\/v2\/media?parent=1730"}],"wp:term":[{"taxonomy":"category","embeddable":true,"href":"https:\/\/agora.xtec.cat\/cfagornal\/wp-json\/wp\/v2\/categories?post=1730"},{"taxonomy":"post_tag","embeddable":true,"href":"https:\/\/agora.xtec.cat\/cfagornal\/wp-json\/wp\/v2\/tags?post=1730"}],"curies":[{"name":"wp","href":"https:\/\/api.w.org\/{rel}","templated":true}]}}