{"id":1717,"date":"2026-01-23T09:48:41","date_gmt":"2026-01-23T08:48:41","guid":{"rendered":"https:\/\/agora.xtec.cat\/cfagornal\/?p=1717"},"modified":"2026-02-23T16:12:49","modified_gmt":"2026-02-23T15:12:49","slug":"noves-inscripions-castella-i-catala-1","status":"publish","type":"post","link":"https:\/\/agora.xtec.cat\/cfagornal\/general\/noves-inscripions-castella-i-catala-1\/","title":{"rendered":"NOVES INSCRIPIONS CASTELLA I CATAL\u00c0 1"},"content":{"rendered":"<p>S&#8217;obre un nou per\u00edode de matr\u00edcula per als grups de Castell\u00e0 1 i Catal\u00e0 1 del 9 a 13 de febrer.<\/p>\n<p>La matr\u00edcula es far\u00e0 a l&#8217;edifici de Bellvitge, al carrer Ermita, 40 de 9 a 13 hores i les tardes de dilluns i dimecres de 16 a 18,30,\u00a0 dimarts de 16 a 17,30 i dijous de 17,30 a 19.<a href=\"https:\/\/agora.xtec.cat\/cfagornal\/wp-content\/uploads\/usu266\/2026\/01\/INSCRIPCIONS-A-PARTIR-DEL-15-DE-GENER.jpg\"><img loading=\"lazy\" decoding=\"async\" class=\"alignnone size-large wp-image-1719\" src=\"https:\/\/agora.xtec.cat\/cfagornal\/wp-content\/uploads\/usu266\/2026\/01\/INSCRIPCIONS-A-PARTIR-DEL-15-DE-GENER-724x1024.jpg\" alt=\"\" width=\"724\" height=\"1024\" srcset=\"https:\/\/agora.xtec.cat\/cfagornal\/wp-content\/uploads\/usu266\/2026\/01\/INSCRIPCIONS-A-PARTIR-DEL-15-DE-GENER-724x1024.jpg 724w, https:\/\/agora.xtec.cat\/cfagornal\/wp-content\/uploads\/usu266\/2026\/01\/INSCRIPCIONS-A-PARTIR-DEL-15-DE-GENER-212x300.jpg 212w, https:\/\/agora.xtec.cat\/cfagornal\/wp-content\/uploads\/usu266\/2026\/01\/INSCRIPCIONS-A-PARTIR-DEL-15-DE-GENER-768x1086.jpg 768w, https:\/\/agora.xtec.cat\/cfagornal\/wp-content\/uploads\/usu266\/2026\/01\/INSCRIPCIONS-A-PARTIR-DEL-15-DE-GENER-1086x1536.jpg 1086w, https:\/\/agora.xtec.cat\/cfagornal\/wp-content\/uploads\/usu266\/2026\/01\/INSCRIPCIONS-A-PARTIR-DEL-15-DE-GENER-1448x2048.jpg 1448w, https:\/\/agora.xtec.cat\/cfagornal\/wp-content\/uploads\/usu266\/2026\/01\/INSCRIPCIONS-A-PARTIR-DEL-15-DE-GENER.jpg 1587w\" sizes=\"auto, (max-width: 724px) 100vw, 724px\" \/><\/a><\/p>\n<p>Heu de portar les fotoc\u00f2pies del DNI, NIE o passaport i de la targeta sanit\u00e0ria.<\/p>\n","protected":false},"excerpt":{"rendered":"<p>S&#8217;obre un nou per\u00edode de matr\u00edcula per als grups de Castell\u00e0 1 i Catal\u00e0 1 del 9 a 13 de febrer.<br \/>\nLa matr\u00edcula es far\u00e0 a l&#8217;edifici de Bellvitge, al carrer Ermita, 40 de 9 a 13 hores i les tardes de dilluns i dimecres de&hellip;  <a href=\"https:\/\/agora.xtec.cat\/cfagornal\/general\/noves-inscripions-castella-i-catala-1\/\" title=\"Read NOVES INSCRIPIONS CASTELLA I CATAL\u00c0 1\">Llegeix m\u00e9s\u00bb<\/a><\/p>\n","protected":false},"author":1,"featured_media":1719,"comment_status":"closed","ping_status":"open","sticky":false,"template":"","format":"standard","meta":{"_bbp_topic_count":0,"_bbp_reply_count":0,"_bbp_total_topic_count":0,"_bbp_total_reply_count":0,"_bbp_voice_count":0,"_bbp_anonymous_reply_count":0,"_bbp_topic_count_hidden":0,"_bbp_reply_count_hidden":0,"_bbp_forum_subforum_count":0,"footnotes":""},"categories":[1],"tags":[],"class_list":["post-1717","post","type-post","status-publish","format-standard","has-post-thumbnail","hentry","category-general"],"post_mailing_queue_ids":[],"_links":{"self":[{"href":"https:\/\/agora.xtec.cat\/cfagornal\/wp-json\/wp\/v2\/posts\/1717","targetHints":{"allow":["GET"]}}],"collection":[{"href":"https:\/\/agora.xtec.cat\/cfagornal\/wp-json\/wp\/v2\/posts"}],"about":[{"href":"https:\/\/agora.xtec.cat\/cfagornal\/wp-json\/wp\/v2\/types\/post"}],"author":[{"embeddable":true,"href":"https:\/\/agora.xtec.cat\/cfagornal\/wp-json\/wp\/v2\/users\/1"}],"replies":[{"embeddable":true,"href":"https:\/\/agora.xtec.cat\/cfagornal\/wp-json\/wp\/v2\/comments?post=1717"}],"version-history":[{"count":2,"href":"https:\/\/agora.xtec.cat\/cfagornal\/wp-json\/wp\/v2\/posts\/1717\/revisions"}],"predecessor-version":[{"id":1720,"href":"https:\/\/agora.xtec.cat\/cfagornal\/wp-json\/wp\/v2\/posts\/1717\/revisions\/1720"}],"wp:featuredmedia":[{"embeddable":true,"href":"https:\/\/agora.xtec.cat\/cfagornal\/wp-json\/wp\/v2\/media\/1719"}],"wp:attachment":[{"href":"https:\/\/agora.xtec.cat\/cfagornal\/wp-json\/wp\/v2\/media?parent=1717"}],"wp:term":[{"taxonomy":"category","embeddable":true,"href":"https:\/\/agora.xtec.cat\/cfagornal\/wp-json\/wp\/v2\/categories?post=1717"},{"taxonomy":"post_tag","embeddable":true,"href":"https:\/\/agora.xtec.cat\/cfagornal\/wp-json\/wp\/v2\/tags?post=1717"}],"curies":[{"name":"wp","href":"https:\/\/api.w.org\/{rel}","templated":true}]}}