{"id":1690,"date":"2025-11-24T16:55:40","date_gmt":"2025-11-24T15:55:40","guid":{"rendered":"https:\/\/agora.xtec.cat\/cfagornal\/?p=1690"},"modified":"2025-11-24T16:55:53","modified_gmt":"2025-11-24T15:55:53","slug":"dia-internacional-de-la-eliminacio-de-la-violencia-contra-les-dones","status":"publish","type":"post","link":"https:\/\/agora.xtec.cat\/cfagornal\/general\/dia-internacional-de-la-eliminacio-de-la-violencia-contra-les-dones\/","title":{"rendered":"Dia Internacional de la Eliminaci\u00f3 de la Viol\u00e8ncia contra les dones"},"content":{"rendered":"<p>Des del CFA Bellvitge-Gornal reivindiquem la fi a totes les formes de viol\u00e8ncia masclista en el 25 de novembre, dia internacional de la eliminaci\u00f3 de la viol\u00e8ncia contra les dones. Com a comunitat educativa tenim el comprom\u00eds de fomentar el respecte, la igualtat, i la conviv\u00e8ncia per a que totes les persones puguin aprendre i viure en llibertat.<\/p>\n<p><a href=\"https:\/\/agora.xtec.cat\/cfagornal\/wp-content\/uploads\/usu266\/2025\/11\/2-Post-de-Instagram-25-n-scaled.jpg\"><img loading=\"lazy\" decoding=\"async\" class=\"alignnone size-large wp-image-1691\" src=\"https:\/\/agora.xtec.cat\/cfagornal\/wp-content\/uploads\/usu266\/2025\/11\/2-Post-de-Instagram-25-n-819x1024.jpg\" alt=\"\" width=\"819\" height=\"1024\" srcset=\"https:\/\/agora.xtec.cat\/cfagornal\/wp-content\/uploads\/usu266\/2025\/11\/2-Post-de-Instagram-25-n-819x1024.jpg 819w, https:\/\/agora.xtec.cat\/cfagornal\/wp-content\/uploads\/usu266\/2025\/11\/2-Post-de-Instagram-25-n-240x300.jpg 240w, https:\/\/agora.xtec.cat\/cfagornal\/wp-content\/uploads\/usu266\/2025\/11\/2-Post-de-Instagram-25-n-768x960.jpg 768w, https:\/\/agora.xtec.cat\/cfagornal\/wp-content\/uploads\/usu266\/2025\/11\/2-Post-de-Instagram-25-n-1229x1536.jpg 1229w, https:\/\/agora.xtec.cat\/cfagornal\/wp-content\/uploads\/usu266\/2025\/11\/2-Post-de-Instagram-25-n-1638x2048.jpg 1638w, https:\/\/agora.xtec.cat\/cfagornal\/wp-content\/uploads\/usu266\/2025\/11\/2-Post-de-Instagram-25-n-scaled.jpg 2048w\" sizes=\"auto, (max-width: 819px) 100vw, 819px\" \/><\/a> <a href=\"https:\/\/agora.xtec.cat\/cfagornal\/wp-content\/uploads\/usu266\/2025\/11\/Post-de-Instagram-25-n-scaled.jpg\"><img loading=\"lazy\" decoding=\"async\" class=\"alignnone size-large wp-image-1692\" src=\"https:\/\/agora.xtec.cat\/cfagornal\/wp-content\/uploads\/usu266\/2025\/11\/Post-de-Instagram-25-n-819x1024.jpg\" alt=\"\" width=\"819\" height=\"1024\" srcset=\"https:\/\/agora.xtec.cat\/cfagornal\/wp-content\/uploads\/usu266\/2025\/11\/Post-de-Instagram-25-n-819x1024.jpg 819w, https:\/\/agora.xtec.cat\/cfagornal\/wp-content\/uploads\/usu266\/2025\/11\/Post-de-Instagram-25-n-240x300.jpg 240w, https:\/\/agora.xtec.cat\/cfagornal\/wp-content\/uploads\/usu266\/2025\/11\/Post-de-Instagram-25-n-768x960.jpg 768w, https:\/\/agora.xtec.cat\/cfagornal\/wp-content\/uploads\/usu266\/2025\/11\/Post-de-Instagram-25-n-1229x1536.jpg 1229w, https:\/\/agora.xtec.cat\/cfagornal\/wp-content\/uploads\/usu266\/2025\/11\/Post-de-Instagram-25-n-1638x2048.jpg 1638w, https:\/\/agora.xtec.cat\/cfagornal\/wp-content\/uploads\/usu266\/2025\/11\/Post-de-Instagram-25-n-scaled.jpg 2048w\" sizes=\"auto, (max-width: 819px) 100vw, 819px\" \/><\/a> <a href=\"https:\/\/agora.xtec.cat\/cfagornal\/wp-content\/uploads\/usu266\/2025\/11\/Post-de-Instagram-25-noviembre-Ilustrativo-Morado.jpg\"><img loading=\"lazy\" decoding=\"async\" class=\"alignnone size-large wp-image-1693\" src=\"https:\/\/agora.xtec.cat\/cfagornal\/wp-content\/uploads\/usu266\/2025\/11\/Post-de-Instagram-25-noviembre-Ilustrativo-Morado-1024x1024.jpg\" alt=\"\" width=\"1024\" height=\"1024\" srcset=\"https:\/\/agora.xtec.cat\/cfagornal\/wp-content\/uploads\/usu266\/2025\/11\/Post-de-Instagram-25-noviembre-Ilustrativo-Morado-1024x1024.jpg 1024w, https:\/\/agora.xtec.cat\/cfagornal\/wp-content\/uploads\/usu266\/2025\/11\/Post-de-Instagram-25-noviembre-Ilustrativo-Morado-300x300.jpg 300w, https:\/\/agora.xtec.cat\/cfagornal\/wp-content\/uploads\/usu266\/2025\/11\/Post-de-Instagram-25-noviembre-Ilustrativo-Morado-150x150.jpg 150w, https:\/\/agora.xtec.cat\/cfagornal\/wp-content\/uploads\/usu266\/2025\/11\/Post-de-Instagram-25-noviembre-Ilustrativo-Morado-768x768.jpg 768w, https:\/\/agora.xtec.cat\/cfagornal\/wp-content\/uploads\/usu266\/2025\/11\/Post-de-Instagram-25-noviembre-Ilustrativo-Morado.jpg 1080w\" sizes=\"auto, (max-width: 1024px) 100vw, 1024px\" \/><\/a><\/p>\n","protected":false},"excerpt":{"rendered":"<p>Des del CFA Bellvitge-Gornal reivindiquem la fi a totes les formes de viol\u00e8ncia masclista en el 25 de novembre, dia internacional de la eliminaci\u00f3 de la viol\u00e8ncia contra les dones. Com a comunitat educativa tenim el comprom\u00eds de fomentar el respecte, la igualtat, i la&hellip;  <a href=\"https:\/\/agora.xtec.cat\/cfagornal\/general\/dia-internacional-de-la-eliminacio-de-la-violencia-contra-les-dones\/\" title=\"Read Dia Internacional de la Eliminaci\u00f3 de la Viol\u00e8ncia contra les dones\">Llegeix m\u00e9s\u00bb<\/a><\/p>\n","protected":false},"author":1,"featured_media":1692,"comment_status":"closed","ping_status":"open","sticky":false,"template":"","format":"standard","meta":{"_bbp_topic_count":0,"_bbp_reply_count":0,"_bbp_total_topic_count":0,"_bbp_total_reply_count":0,"_bbp_voice_count":0,"_bbp_anonymous_reply_count":0,"_bbp_topic_count_hidden":0,"_bbp_reply_count_hidden":0,"_bbp_forum_subforum_count":0,"footnotes":""},"categories":[1],"tags":[],"class_list":["post-1690","post","type-post","status-publish","format-standard","has-post-thumbnail","hentry","category-general"],"post_mailing_queue_ids":[],"_links":{"self":[{"href":"https:\/\/agora.xtec.cat\/cfagornal\/wp-json\/wp\/v2\/posts\/1690","targetHints":{"allow":["GET"]}}],"collection":[{"href":"https:\/\/agora.xtec.cat\/cfagornal\/wp-json\/wp\/v2\/posts"}],"about":[{"href":"https:\/\/agora.xtec.cat\/cfagornal\/wp-json\/wp\/v2\/types\/post"}],"author":[{"embeddable":true,"href":"https:\/\/agora.xtec.cat\/cfagornal\/wp-json\/wp\/v2\/users\/1"}],"replies":[{"embeddable":true,"href":"https:\/\/agora.xtec.cat\/cfagornal\/wp-json\/wp\/v2\/comments?post=1690"}],"version-history":[{"count":1,"href":"https:\/\/agora.xtec.cat\/cfagornal\/wp-json\/wp\/v2\/posts\/1690\/revisions"}],"predecessor-version":[{"id":1694,"href":"https:\/\/agora.xtec.cat\/cfagornal\/wp-json\/wp\/v2\/posts\/1690\/revisions\/1694"}],"wp:featuredmedia":[{"embeddable":true,"href":"https:\/\/agora.xtec.cat\/cfagornal\/wp-json\/wp\/v2\/media\/1692"}],"wp:attachment":[{"href":"https:\/\/agora.xtec.cat\/cfagornal\/wp-json\/wp\/v2\/media?parent=1690"}],"wp:term":[{"taxonomy":"category","embeddable":true,"href":"https:\/\/agora.xtec.cat\/cfagornal\/wp-json\/wp\/v2\/categories?post=1690"},{"taxonomy":"post_tag","embeddable":true,"href":"https:\/\/agora.xtec.cat\/cfagornal\/wp-json\/wp\/v2\/tags?post=1690"}],"curies":[{"name":"wp","href":"https:\/\/api.w.org\/{rel}","templated":true}]}}