{"id":1654,"date":"2025-09-09T13:21:16","date_gmt":"2025-09-09T11:21:16","guid":{"rendered":"https:\/\/agora.xtec.cat\/cfagornal\/?p=1654"},"modified":"2025-09-09T13:21:31","modified_gmt":"2025-09-09T11:21:31","slug":"nou-termini-de-matricules","status":"publish","type":"post","link":"https:\/\/agora.xtec.cat\/cfagornal\/general\/nou-termini-de-matricules\/","title":{"rendered":"NOU TERMINI DE MATR\u00cdCULES"},"content":{"rendered":"<p>S&#8217;obre un nou per\u00edode per a matricular-se al centre. Aquest nou termini \u00e9s del 10 al 19 de setembre a l&#8217;edifici del carrer Ermita, 40.<\/p>\n<p>L&#8217;horari \u00e9s de 9 a 13,30 de dilluns a divendres i de 16 a 20 de dilluns a dijous.<a href=\"https:\/\/agora.xtec.cat\/cfagornal\/wp-content\/uploads\/usu266\/2025\/09\/del-10-al-19-de-setembre.jpg\"><img loading=\"lazy\" decoding=\"async\" class=\"alignnone size-large wp-image-1655\" src=\"https:\/\/agora.xtec.cat\/cfagornal\/wp-content\/uploads\/usu266\/2025\/09\/del-10-al-19-de-setembre-819x1024.jpg\" alt=\"\" width=\"819\" height=\"1024\" srcset=\"https:\/\/agora.xtec.cat\/cfagornal\/wp-content\/uploads\/usu266\/2025\/09\/del-10-al-19-de-setembre-819x1024.jpg 819w, https:\/\/agora.xtec.cat\/cfagornal\/wp-content\/uploads\/usu266\/2025\/09\/del-10-al-19-de-setembre-240x300.jpg 240w, https:\/\/agora.xtec.cat\/cfagornal\/wp-content\/uploads\/usu266\/2025\/09\/del-10-al-19-de-setembre-768x960.jpg 768w, https:\/\/agora.xtec.cat\/cfagornal\/wp-content\/uploads\/usu266\/2025\/09\/del-10-al-19-de-setembre.jpg 1080w\" sizes=\"auto, (max-width: 819px) 100vw, 819px\" \/><\/a><\/p>\n","protected":false},"excerpt":{"rendered":"<p>S&#8217;obre un nou per\u00edode per a matricular-se al centre. Aquest nou termini \u00e9s del 10 al 19 de setembre a l&#8217;edifici del carrer Ermita, 40.<br \/>\nL&#8217;horari \u00e9s de 9 a 13,30 de dilluns a divendres i de 16 a 20 de dilluns a dijous.<a href=\"https:\/\/agora.xtec.cat\/cfagornal\/wp-content\/uploads\/usu266\/2025\/09\/del-10-al-19-de-setembre.jpg\"><\/a><\/p>\n","protected":false},"author":1,"featured_media":1655,"comment_status":"closed","ping_status":"open","sticky":false,"template":"","format":"standard","meta":{"_bbp_topic_count":0,"_bbp_reply_count":0,"_bbp_total_topic_count":0,"_bbp_total_reply_count":0,"_bbp_voice_count":0,"_bbp_anonymous_reply_count":0,"_bbp_topic_count_hidden":0,"_bbp_reply_count_hidden":0,"_bbp_forum_subforum_count":0,"footnotes":""},"categories":[1],"tags":[],"class_list":["post-1654","post","type-post","status-publish","format-standard","has-post-thumbnail","hentry","category-general"],"post_mailing_queue_ids":[],"_links":{"self":[{"href":"https:\/\/agora.xtec.cat\/cfagornal\/wp-json\/wp\/v2\/posts\/1654","targetHints":{"allow":["GET"]}}],"collection":[{"href":"https:\/\/agora.xtec.cat\/cfagornal\/wp-json\/wp\/v2\/posts"}],"about":[{"href":"https:\/\/agora.xtec.cat\/cfagornal\/wp-json\/wp\/v2\/types\/post"}],"author":[{"embeddable":true,"href":"https:\/\/agora.xtec.cat\/cfagornal\/wp-json\/wp\/v2\/users\/1"}],"replies":[{"embeddable":true,"href":"https:\/\/agora.xtec.cat\/cfagornal\/wp-json\/wp\/v2\/comments?post=1654"}],"version-history":[{"count":1,"href":"https:\/\/agora.xtec.cat\/cfagornal\/wp-json\/wp\/v2\/posts\/1654\/revisions"}],"predecessor-version":[{"id":1656,"href":"https:\/\/agora.xtec.cat\/cfagornal\/wp-json\/wp\/v2\/posts\/1654\/revisions\/1656"}],"wp:featuredmedia":[{"embeddable":true,"href":"https:\/\/agora.xtec.cat\/cfagornal\/wp-json\/wp\/v2\/media\/1655"}],"wp:attachment":[{"href":"https:\/\/agora.xtec.cat\/cfagornal\/wp-json\/wp\/v2\/media?parent=1654"}],"wp:term":[{"taxonomy":"category","embeddable":true,"href":"https:\/\/agora.xtec.cat\/cfagornal\/wp-json\/wp\/v2\/categories?post=1654"},{"taxonomy":"post_tag","embeddable":true,"href":"https:\/\/agora.xtec.cat\/cfagornal\/wp-json\/wp\/v2\/tags?post=1654"}],"curies":[{"name":"wp","href":"https:\/\/api.w.org\/{rel}","templated":true}]}}