{"id":1589,"date":"2025-06-03T18:42:58","date_gmt":"2025-06-03T16:42:58","guid":{"rendered":"https:\/\/agora.xtec.cat\/cfagornal\/?p=1589"},"modified":"2025-06-06T11:11:47","modified_gmt":"2025-06-06T09:11:47","slug":"xerrada-de-seguretat-digital","status":"publish","type":"post","link":"https:\/\/agora.xtec.cat\/cfagornal\/general\/xerrada-de-seguretat-digital\/","title":{"rendered":"Xerrada de seguretat digital"},"content":{"rendered":"<p>El proper dimecres 11 de juny a les 11 del mat\u00ed tindr\u00e0 lloc a l&#8217;edifici de Bellvitge una xerrada sobre seguretat digital portada a terme per l&#8217;Andr\u00e9s Garcia,t\u00e8cnic superior en Administraci\u00f3 de Sistemes Inform\u00e0tics en Xarxa, ex-alumne de l&#8217;escola.<\/p>\n<p>Us esperem!<a href=\"https:\/\/agora.xtec.cat\/cfagornal\/wp-content\/uploads\/usu266\/2025\/06\/Xerrada-de-seguretat-digital.png\"><img loading=\"lazy\" decoding=\"async\" class=\"alignnone size-large wp-image-1590\" src=\"https:\/\/agora.xtec.cat\/cfagornal\/wp-content\/uploads\/usu266\/2025\/06\/Xerrada-de-seguretat-digital-724x1024.png\" alt=\"\" width=\"724\" height=\"1024\" srcset=\"https:\/\/agora.xtec.cat\/cfagornal\/wp-content\/uploads\/usu266\/2025\/06\/Xerrada-de-seguretat-digital-724x1024.png 724w, https:\/\/agora.xtec.cat\/cfagornal\/wp-content\/uploads\/usu266\/2025\/06\/Xerrada-de-seguretat-digital-212x300.png 212w, https:\/\/agora.xtec.cat\/cfagornal\/wp-content\/uploads\/usu266\/2025\/06\/Xerrada-de-seguretat-digital-768x1086.png 768w, https:\/\/agora.xtec.cat\/cfagornal\/wp-content\/uploads\/usu266\/2025\/06\/Xerrada-de-seguretat-digital-1086x1536.png 1086w, https:\/\/agora.xtec.cat\/cfagornal\/wp-content\/uploads\/usu266\/2025\/06\/Xerrada-de-seguretat-digital-1448x2048.png 1448w, https:\/\/agora.xtec.cat\/cfagornal\/wp-content\/uploads\/usu266\/2025\/06\/Xerrada-de-seguretat-digital.png 1587w\" sizes=\"auto, (max-width: 724px) 100vw, 724px\" \/><\/a><\/p>\n","protected":false},"excerpt":{"rendered":"<p>El proper dimecres 11 de juny a les 11 del mat\u00ed tindr\u00e0 lloc a l&#8217;edifici de Bellvitge una xerrada sobre seguretat digital portada a terme per l&#8217;Andr\u00e9s Garcia,t\u00e8cnic superior en Administraci\u00f3 de Sistemes Inform\u00e0tics en Xarxa, ex-alumne de l&#8217;escola.<br \/>\nUs esperem!<a href=\"https:\/\/agora.xtec.cat\/cfagornal\/wp-content\/uploads\/usu266\/2025\/06\/Xerrada-de-seguretat-digital.png\"><\/a><\/p>\n","protected":false},"author":1,"featured_media":1590,"comment_status":"open","ping_status":"open","sticky":false,"template":"","format":"standard","meta":{"_bbp_topic_count":0,"_bbp_reply_count":0,"_bbp_total_topic_count":0,"_bbp_total_reply_count":0,"_bbp_voice_count":0,"_bbp_anonymous_reply_count":0,"_bbp_topic_count_hidden":0,"_bbp_reply_count_hidden":0,"_bbp_forum_subforum_count":0,"footnotes":""},"categories":[1],"tags":[],"class_list":["post-1589","post","type-post","status-publish","format-standard","has-post-thumbnail","hentry","category-general"],"post_mailing_queue_ids":[],"_links":{"self":[{"href":"https:\/\/agora.xtec.cat\/cfagornal\/wp-json\/wp\/v2\/posts\/1589","targetHints":{"allow":["GET"]}}],"collection":[{"href":"https:\/\/agora.xtec.cat\/cfagornal\/wp-json\/wp\/v2\/posts"}],"about":[{"href":"https:\/\/agora.xtec.cat\/cfagornal\/wp-json\/wp\/v2\/types\/post"}],"author":[{"embeddable":true,"href":"https:\/\/agora.xtec.cat\/cfagornal\/wp-json\/wp\/v2\/users\/1"}],"replies":[{"embeddable":true,"href":"https:\/\/agora.xtec.cat\/cfagornal\/wp-json\/wp\/v2\/comments?post=1589"}],"version-history":[{"count":2,"href":"https:\/\/agora.xtec.cat\/cfagornal\/wp-json\/wp\/v2\/posts\/1589\/revisions"}],"predecessor-version":[{"id":1598,"href":"https:\/\/agora.xtec.cat\/cfagornal\/wp-json\/wp\/v2\/posts\/1589\/revisions\/1598"}],"wp:featuredmedia":[{"embeddable":true,"href":"https:\/\/agora.xtec.cat\/cfagornal\/wp-json\/wp\/v2\/media\/1590"}],"wp:attachment":[{"href":"https:\/\/agora.xtec.cat\/cfagornal\/wp-json\/wp\/v2\/media?parent=1589"}],"wp:term":[{"taxonomy":"category","embeddable":true,"href":"https:\/\/agora.xtec.cat\/cfagornal\/wp-json\/wp\/v2\/categories?post=1589"},{"taxonomy":"post_tag","embeddable":true,"href":"https:\/\/agora.xtec.cat\/cfagornal\/wp-json\/wp\/v2\/tags?post=1589"}],"curies":[{"name":"wp","href":"https:\/\/api.w.org\/{rel}","templated":true}]}}