{"id":1537,"date":"2025-02-26T13:55:19","date_gmt":"2025-02-26T12:55:19","guid":{"rendered":"https:\/\/agora.xtec.cat\/cfagornal\/?p=1537"},"modified":"2025-02-26T13:59:14","modified_gmt":"2025-02-26T12:59:14","slug":"celebracio-del-dia-de-la-dona-treballadora","status":"publish","type":"post","link":"https:\/\/agora.xtec.cat\/cfagornal\/general\/celebracio-del-dia-de-la-dona-treballadora\/","title":{"rendered":"CELEBRACI\u00d3 DEL DIA DE LA DONA TREBALLADORA"},"content":{"rendered":"<p><a href=\"https:\/\/agora.xtec.cat\/cfagornal\/wp-content\/uploads\/usu266\/2025\/02\/Montse-Virgil-2025-1_page-0001.jpg\"><img loading=\"lazy\" decoding=\"async\" class=\"alignnone size-large wp-image-1538\" src=\"https:\/\/agora.xtec.cat\/cfagornal\/wp-content\/uploads\/usu266\/2025\/02\/Montse-Virgil-2025-1_page-0001-819x1024.jpg\" alt=\"\" width=\"819\" height=\"1024\" srcset=\"https:\/\/agora.xtec.cat\/cfagornal\/wp-content\/uploads\/usu266\/2025\/02\/Montse-Virgil-2025-1_page-0001-819x1024.jpg 819w, https:\/\/agora.xtec.cat\/cfagornal\/wp-content\/uploads\/usu266\/2025\/02\/Montse-Virgil-2025-1_page-0001-240x300.jpg 240w, https:\/\/agora.xtec.cat\/cfagornal\/wp-content\/uploads\/usu266\/2025\/02\/Montse-Virgil-2025-1_page-0001-768x960.jpg 768w, https:\/\/agora.xtec.cat\/cfagornal\/wp-content\/uploads\/usu266\/2025\/02\/Montse-Virgil-2025-1_page-0001-1229x1536.jpg 1229w, https:\/\/agora.xtec.cat\/cfagornal\/wp-content\/uploads\/usu266\/2025\/02\/Montse-Virgil-2025-1_page-0001-1638x2048.jpg 1638w, https:\/\/agora.xtec.cat\/cfagornal\/wp-content\/uploads\/usu266\/2025\/02\/Montse-Virgil-2025-1_page-0001.jpg 1688w\" sizes=\"auto, (max-width: 819px) 100vw, 819px\" \/><\/a><\/p>\n<p>El proper dia 6 de mar\u00e7 a les 17,30 a l&#8217;edifici del Gornal far\u00e0 una xerrada la periodista Montse Virgili i despr\u00e9s hi haur\u00e0 xocolatada.<\/p>\n","protected":false},"excerpt":{"rendered":"<p><a href=\"https:\/\/agora.xtec.cat\/cfagornal\/wp-content\/uploads\/usu266\/2025\/02\/Montse-Virgil-2025-1_page-0001.jpg\"><\/a><br \/>\nEl proper dia 6 de mar\u00e7 a les 17,30 a l&#8217;edifici del Gornal far\u00e0 una xerrada la periodista Montse Virgili i despr\u00e9s hi haur\u00e0 xocolatada.<\/p>\n","protected":false},"author":1,"featured_media":1538,"comment_status":"open","ping_status":"closed","sticky":false,"template":"","format":"standard","meta":{"_bbp_topic_count":0,"_bbp_reply_count":0,"_bbp_total_topic_count":0,"_bbp_total_reply_count":0,"_bbp_voice_count":0,"_bbp_anonymous_reply_count":0,"_bbp_topic_count_hidden":0,"_bbp_reply_count_hidden":0,"_bbp_forum_subforum_count":0,"footnotes":""},"categories":[1],"tags":[],"class_list":["post-1537","post","type-post","status-publish","format-standard","has-post-thumbnail","hentry","category-general"],"post_mailing_queue_ids":[],"_links":{"self":[{"href":"https:\/\/agora.xtec.cat\/cfagornal\/wp-json\/wp\/v2\/posts\/1537","targetHints":{"allow":["GET"]}}],"collection":[{"href":"https:\/\/agora.xtec.cat\/cfagornal\/wp-json\/wp\/v2\/posts"}],"about":[{"href":"https:\/\/agora.xtec.cat\/cfagornal\/wp-json\/wp\/v2\/types\/post"}],"author":[{"embeddable":true,"href":"https:\/\/agora.xtec.cat\/cfagornal\/wp-json\/wp\/v2\/users\/1"}],"replies":[{"embeddable":true,"href":"https:\/\/agora.xtec.cat\/cfagornal\/wp-json\/wp\/v2\/comments?post=1537"}],"version-history":[{"count":2,"href":"https:\/\/agora.xtec.cat\/cfagornal\/wp-json\/wp\/v2\/posts\/1537\/revisions"}],"predecessor-version":[{"id":1540,"href":"https:\/\/agora.xtec.cat\/cfagornal\/wp-json\/wp\/v2\/posts\/1537\/revisions\/1540"}],"wp:featuredmedia":[{"embeddable":true,"href":"https:\/\/agora.xtec.cat\/cfagornal\/wp-json\/wp\/v2\/media\/1538"}],"wp:attachment":[{"href":"https:\/\/agora.xtec.cat\/cfagornal\/wp-json\/wp\/v2\/media?parent=1537"}],"wp:term":[{"taxonomy":"category","embeddable":true,"href":"https:\/\/agora.xtec.cat\/cfagornal\/wp-json\/wp\/v2\/categories?post=1537"},{"taxonomy":"post_tag","embeddable":true,"href":"https:\/\/agora.xtec.cat\/cfagornal\/wp-json\/wp\/v2\/tags?post=1537"}],"curies":[{"name":"wp","href":"https:\/\/api.w.org\/{rel}","templated":true}]}}