{"id":1502,"date":"2024-12-23T14:52:53","date_gmt":"2024-12-23T13:52:53","guid":{"rendered":"https:\/\/agora.xtec.cat\/cfagornal\/?p=1502"},"modified":"2024-12-23T14:53:09","modified_gmt":"2024-12-23T13:53:09","slug":"visita-a-la-fira-de-santa-llucia","status":"publish","type":"post","link":"https:\/\/agora.xtec.cat\/cfagornal\/general\/visita-a-la-fira-de-santa-llucia\/","title":{"rendered":"VISITA A LA FIRA DE SANTA LL\u00daCIA"},"content":{"rendered":"<p>Aqu\u00ed teniu algunes fotos de la visita a la Fira de Santa LL\u00facia amb els grups de Castell\u00e0.<a href=\"https:\/\/agora.xtec.cat\/cfagornal\/wp-content\/uploads\/usu266\/2024\/12\/LLucia-1.jpg\"><img loading=\"lazy\" decoding=\"async\" class=\"alignnone size-large wp-image-1503\" src=\"https:\/\/agora.xtec.cat\/cfagornal\/wp-content\/uploads\/usu266\/2024\/12\/LLucia-1-1024x768.jpg\" alt=\"\" width=\"1024\" height=\"768\" srcset=\"https:\/\/agora.xtec.cat\/cfagornal\/wp-content\/uploads\/usu266\/2024\/12\/LLucia-1-1024x768.jpg 1024w, https:\/\/agora.xtec.cat\/cfagornal\/wp-content\/uploads\/usu266\/2024\/12\/LLucia-1-300x225.jpg 300w, https:\/\/agora.xtec.cat\/cfagornal\/wp-content\/uploads\/usu266\/2024\/12\/LLucia-1-768x576.jpg 768w, https:\/\/agora.xtec.cat\/cfagornal\/wp-content\/uploads\/usu266\/2024\/12\/LLucia-1-1536x1152.jpg 1536w, https:\/\/agora.xtec.cat\/cfagornal\/wp-content\/uploads\/usu266\/2024\/12\/LLucia-1-200x150.jpg 200w, https:\/\/agora.xtec.cat\/cfagornal\/wp-content\/uploads\/usu266\/2024\/12\/LLucia-1.jpg 1600w\" sizes=\"auto, (max-width: 1024px) 100vw, 1024px\" \/><\/a> <a href=\"https:\/\/agora.xtec.cat\/cfagornal\/wp-content\/uploads\/usu266\/2024\/12\/LLucia-2.jpg\"><img loading=\"lazy\" decoding=\"async\" class=\"alignnone size-large wp-image-1504\" src=\"https:\/\/agora.xtec.cat\/cfagornal\/wp-content\/uploads\/usu266\/2024\/12\/LLucia-2-1024x768.jpg\" alt=\"\" width=\"1024\" height=\"768\" srcset=\"https:\/\/agora.xtec.cat\/cfagornal\/wp-content\/uploads\/usu266\/2024\/12\/LLucia-2-1024x768.jpg 1024w, https:\/\/agora.xtec.cat\/cfagornal\/wp-content\/uploads\/usu266\/2024\/12\/LLucia-2-300x225.jpg 300w, https:\/\/agora.xtec.cat\/cfagornal\/wp-content\/uploads\/usu266\/2024\/12\/LLucia-2-768x576.jpg 768w, https:\/\/agora.xtec.cat\/cfagornal\/wp-content\/uploads\/usu266\/2024\/12\/LLucia-2-1536x1152.jpg 1536w, https:\/\/agora.xtec.cat\/cfagornal\/wp-content\/uploads\/usu266\/2024\/12\/LLucia-2-200x150.jpg 200w, https:\/\/agora.xtec.cat\/cfagornal\/wp-content\/uploads\/usu266\/2024\/12\/LLucia-2.jpg 1600w\" sizes=\"auto, (max-width: 1024px) 100vw, 1024px\" \/><\/a> <a href=\"https:\/\/agora.xtec.cat\/cfagornal\/wp-content\/uploads\/usu266\/2024\/12\/LLucia-3.jpg\"><img loading=\"lazy\" decoding=\"async\" class=\"alignnone size-large wp-image-1505\" src=\"https:\/\/agora.xtec.cat\/cfagornal\/wp-content\/uploads\/usu266\/2024\/12\/LLucia-3-768x1024.jpg\" alt=\"\" width=\"768\" height=\"1024\" srcset=\"https:\/\/agora.xtec.cat\/cfagornal\/wp-content\/uploads\/usu266\/2024\/12\/LLucia-3-768x1024.jpg 768w, https:\/\/agora.xtec.cat\/cfagornal\/wp-content\/uploads\/usu266\/2024\/12\/LLucia-3-225x300.jpg 225w, https:\/\/agora.xtec.cat\/cfagornal\/wp-content\/uploads\/usu266\/2024\/12\/LLucia-3-1152x1536.jpg 1152w, https:\/\/agora.xtec.cat\/cfagornal\/wp-content\/uploads\/usu266\/2024\/12\/LLucia-3.jpg 1200w\" sizes=\"auto, (max-width: 768px) 100vw, 768px\" \/><\/a> <a href=\"https:\/\/agora.xtec.cat\/cfagornal\/wp-content\/uploads\/usu266\/2024\/12\/LLucia-4.jpg\"><img loading=\"lazy\" decoding=\"async\" class=\"alignnone size-large wp-image-1506\" src=\"https:\/\/agora.xtec.cat\/cfagornal\/wp-content\/uploads\/usu266\/2024\/12\/LLucia-4-768x1024.jpg\" alt=\"\" width=\"768\" height=\"1024\" srcset=\"https:\/\/agora.xtec.cat\/cfagornal\/wp-content\/uploads\/usu266\/2024\/12\/LLucia-4-768x1024.jpg 768w, https:\/\/agora.xtec.cat\/cfagornal\/wp-content\/uploads\/usu266\/2024\/12\/LLucia-4-225x300.jpg 225w, https:\/\/agora.xtec.cat\/cfagornal\/wp-content\/uploads\/usu266\/2024\/12\/LLucia-4-1152x1536.jpg 1152w, https:\/\/agora.xtec.cat\/cfagornal\/wp-content\/uploads\/usu266\/2024\/12\/LLucia-4.jpg 1200w\" sizes=\"auto, (max-width: 768px) 100vw, 768px\" \/><\/a><\/p>\n","protected":false},"excerpt":{"rendered":"<p>Aqu\u00ed teniu algunes fotos de la visita a la Fira de Santa LL\u00facia amb els grups de Castell\u00e0.<a href=\"https:\/\/agora.xtec.cat\/cfagornal\/wp-content\/uploads\/usu266\/2024\/12\/LLucia-1.jpg\"><\/a> <a href=\"https:\/\/agora.xtec.cat\/cfagornal\/wp-content\/uploads\/usu266\/2024\/12\/LLucia-2.jpg\"><\/a> <a href=\"https:\/\/agora.xtec.cat\/cfagornal\/wp-content\/uploads\/usu266\/2024\/12\/LLucia-3.jpg\"><\/a> <a href=\"https:\/\/agora.xtec.cat\/cfagornal\/wp-content\/uploads\/usu266\/2024\/12\/LLucia-4.jpg\"><\/a><\/p>\n","protected":false},"author":1,"featured_media":1503,"comment_status":"open","ping_status":"closed","sticky":false,"template":"","format":"standard","meta":{"_bbp_topic_count":0,"_bbp_reply_count":0,"_bbp_total_topic_count":0,"_bbp_total_reply_count":0,"_bbp_voice_count":0,"_bbp_anonymous_reply_count":0,"_bbp_topic_count_hidden":0,"_bbp_reply_count_hidden":0,"_bbp_forum_subforum_count":0,"footnotes":""},"categories":[1],"tags":[],"class_list":["post-1502","post","type-post","status-publish","format-standard","has-post-thumbnail","hentry","category-general"],"post_mailing_queue_ids":[],"_links":{"self":[{"href":"https:\/\/agora.xtec.cat\/cfagornal\/wp-json\/wp\/v2\/posts\/1502","targetHints":{"allow":["GET"]}}],"collection":[{"href":"https:\/\/agora.xtec.cat\/cfagornal\/wp-json\/wp\/v2\/posts"}],"about":[{"href":"https:\/\/agora.xtec.cat\/cfagornal\/wp-json\/wp\/v2\/types\/post"}],"author":[{"embeddable":true,"href":"https:\/\/agora.xtec.cat\/cfagornal\/wp-json\/wp\/v2\/users\/1"}],"replies":[{"embeddable":true,"href":"https:\/\/agora.xtec.cat\/cfagornal\/wp-json\/wp\/v2\/comments?post=1502"}],"version-history":[{"count":1,"href":"https:\/\/agora.xtec.cat\/cfagornal\/wp-json\/wp\/v2\/posts\/1502\/revisions"}],"predecessor-version":[{"id":1507,"href":"https:\/\/agora.xtec.cat\/cfagornal\/wp-json\/wp\/v2\/posts\/1502\/revisions\/1507"}],"wp:featuredmedia":[{"embeddable":true,"href":"https:\/\/agora.xtec.cat\/cfagornal\/wp-json\/wp\/v2\/media\/1503"}],"wp:attachment":[{"href":"https:\/\/agora.xtec.cat\/cfagornal\/wp-json\/wp\/v2\/media?parent=1502"}],"wp:term":[{"taxonomy":"category","embeddable":true,"href":"https:\/\/agora.xtec.cat\/cfagornal\/wp-json\/wp\/v2\/categories?post=1502"},{"taxonomy":"post_tag","embeddable":true,"href":"https:\/\/agora.xtec.cat\/cfagornal\/wp-json\/wp\/v2\/tags?post=1502"}],"curies":[{"name":"wp","href":"https:\/\/api.w.org\/{rel}","templated":true}]}}