{"id":1468,"date":"2025-07-08T10:44:12","date_gmt":"2025-07-08T08:44:12","guid":{"rendered":"https:\/\/agora.xtec.cat\/cfagornal\/?p=1468"},"modified":"2025-07-08T12:07:48","modified_gmt":"2025-07-08T10:07:48","slug":"confirmacions-de-matricula","status":"publish","type":"post","link":"https:\/\/agora.xtec.cat\/cfagornal\/general\/confirmacions-de-matricula\/","title":{"rendered":"CONFIRMACIONS DE MATR\u00cdCULA"},"content":{"rendered":"<p>Tot l&#8217;alumnat que va fer la preinscripci\u00f3 al mes de juny i tot l&#8217;antic alumnat que va fer la continu\u00eftat a final de curs haurien de passar per l&#8217;escola (edifici Bellvitge) per tal de confirmar la pla\u00e7a del 2 al 9 de setembre. L&#8217;horari \u00e9s als matins de 9 a 13,30 i a les tardes de 16 a 20,30, excepte els divendres<\/p>\n<p>Les noves matr\u00edcules comen\u00e7aran a partir del 10 de setembre.<\/p>\n<p><a href=\"https:\/\/agora.xtec.cat\/cfagornal\/wp-content\/uploads\/usu266\/2024\/09\/Confirmacio-antic-alumnat_page-0001.jpg\"><img loading=\"lazy\" decoding=\"async\" class=\"alignnone size-large wp-image-1649\" src=\"https:\/\/agora.xtec.cat\/cfagornal\/wp-content\/uploads\/usu266\/2024\/09\/Confirmacio-antic-alumnat_page-0001-1024x724.jpg\" alt=\"\" width=\"1024\" height=\"724\" srcset=\"https:\/\/agora.xtec.cat\/cfagornal\/wp-content\/uploads\/usu266\/2024\/09\/Confirmacio-antic-alumnat_page-0001-1024x724.jpg 1024w, https:\/\/agora.xtec.cat\/cfagornal\/wp-content\/uploads\/usu266\/2024\/09\/Confirmacio-antic-alumnat_page-0001-300x212.jpg 300w, https:\/\/agora.xtec.cat\/cfagornal\/wp-content\/uploads\/usu266\/2024\/09\/Confirmacio-antic-alumnat_page-0001-768x543.jpg 768w, https:\/\/agora.xtec.cat\/cfagornal\/wp-content\/uploads\/usu266\/2024\/09\/Confirmacio-antic-alumnat_page-0001-1536x1086.jpg 1536w, https:\/\/agora.xtec.cat\/cfagornal\/wp-content\/uploads\/usu266\/2024\/09\/Confirmacio-antic-alumnat_page-0001.jpg 1755w\" sizes=\"auto, (max-width: 1024px) 100vw, 1024px\" \/><\/a><\/p>\n","protected":false},"excerpt":{"rendered":"<p>Tot l&#8217;alumnat que va fer la preinscripci\u00f3 al mes de juny i tot l&#8217;antic alumnat que va fer la continu\u00eftat a final de curs haurien de passar per l&#8217;escola (edifici Bellvitge) per tal de confirmar la pla\u00e7a del 2 al 9 de setembre. L&#8217;horari \u00e9s&hellip;  <a href=\"https:\/\/agora.xtec.cat\/cfagornal\/general\/confirmacions-de-matricula\/\" title=\"Read CONFIRMACIONS DE MATR\u00cdCULA\">Llegeix m\u00e9s\u00bb<\/a><\/p>\n","protected":false},"author":1,"featured_media":1649,"comment_status":"closed","ping_status":"closed","sticky":false,"template":"","format":"standard","meta":{"_bbp_topic_count":0,"_bbp_reply_count":0,"_bbp_total_topic_count":0,"_bbp_total_reply_count":0,"_bbp_voice_count":0,"_bbp_anonymous_reply_count":0,"_bbp_topic_count_hidden":0,"_bbp_reply_count_hidden":0,"_bbp_forum_subforum_count":0,"footnotes":""},"categories":[1],"tags":[],"class_list":["post-1468","post","type-post","status-publish","format-standard","has-post-thumbnail","hentry","category-general"],"post_mailing_queue_ids":[],"_links":{"self":[{"href":"https:\/\/agora.xtec.cat\/cfagornal\/wp-json\/wp\/v2\/posts\/1468","targetHints":{"allow":["GET"]}}],"collection":[{"href":"https:\/\/agora.xtec.cat\/cfagornal\/wp-json\/wp\/v2\/posts"}],"about":[{"href":"https:\/\/agora.xtec.cat\/cfagornal\/wp-json\/wp\/v2\/types\/post"}],"author":[{"embeddable":true,"href":"https:\/\/agora.xtec.cat\/cfagornal\/wp-json\/wp\/v2\/users\/1"}],"replies":[{"embeddable":true,"href":"https:\/\/agora.xtec.cat\/cfagornal\/wp-json\/wp\/v2\/comments?post=1468"}],"version-history":[{"count":4,"href":"https:\/\/agora.xtec.cat\/cfagornal\/wp-json\/wp\/v2\/posts\/1468\/revisions"}],"predecessor-version":[{"id":1651,"href":"https:\/\/agora.xtec.cat\/cfagornal\/wp-json\/wp\/v2\/posts\/1468\/revisions\/1651"}],"wp:featuredmedia":[{"embeddable":true,"href":"https:\/\/agora.xtec.cat\/cfagornal\/wp-json\/wp\/v2\/media\/1649"}],"wp:attachment":[{"href":"https:\/\/agora.xtec.cat\/cfagornal\/wp-json\/wp\/v2\/media?parent=1468"}],"wp:term":[{"taxonomy":"category","embeddable":true,"href":"https:\/\/agora.xtec.cat\/cfagornal\/wp-json\/wp\/v2\/categories?post=1468"},{"taxonomy":"post_tag","embeddable":true,"href":"https:\/\/agora.xtec.cat\/cfagornal\/wp-json\/wp\/v2\/tags?post=1468"}],"curies":[{"name":"wp","href":"https:\/\/api.w.org\/{rel}","templated":true}]}}