{"id":1376,"date":"2024-04-05T10:11:21","date_gmt":"2024-04-05T08:11:21","guid":{"rendered":"https:\/\/agora.xtec.cat\/cfagornal\/?p=1376"},"modified":"2024-04-05T10:13:24","modified_gmt":"2024-04-05T08:13:24","slug":"concurs-de-sant-jordi","status":"publish","type":"post","link":"https:\/\/agora.xtec.cat\/cfagornal\/general\/concurs-de-sant-jordi\/","title":{"rendered":"CONCURS DE SANT JORDI"},"content":{"rendered":"<div>Com cada any, per Sant Jordi, a l&#8217;escola fem un concurs literari i un altre de fotografies.<\/div>\n<div>El tema d&#8217;enguany del concurs literari \u00e9s<b> &#8220;La meva paraula favorita&#8221;<\/b>. Podeu fer escrits en prosa o poesia i en castell\u00e0 o catal\u00e0\u00a0 i els podeu enviar per correu a: <a href=\"mailto:revistacfabellvitgegornal@gmal.com\" target=\"_blank\" rel=\"noopener\">revistacfabellvitgegornal@<wbr \/>gmal.com<\/a><\/div>\n<div>En quant a les fotografies, podeu enviar un m\u00e0xim de dos, del tema &#8220;<b>Paraules<\/b>&#8220;.<\/div>\n<div>El termini de lliurament dels treballs \u00e9s el <b>18 d&#8217;abril<\/b>.<\/div>\n<div>Animeu-vos a participar!!!!<\/div>\n<div><a href=\"https:\/\/agora.xtec.cat\/cfagornal\/wp-content\/uploads\/usu266\/2024\/04\/Literari.jpg\"><img loading=\"lazy\" decoding=\"async\" class=\"alignnone size-full wp-image-1378\" src=\"https:\/\/agora.xtec.cat\/cfagornal\/wp-content\/uploads\/usu266\/2024\/04\/Literari.jpg\" alt=\"\" width=\"586\" height=\"828\" srcset=\"https:\/\/agora.xtec.cat\/cfagornal\/wp-content\/uploads\/usu266\/2024\/04\/Literari.jpg 586w, https:\/\/agora.xtec.cat\/cfagornal\/wp-content\/uploads\/usu266\/2024\/04\/Literari-212x300.jpg 212w\" sizes=\"auto, (max-width: 586px) 100vw, 586px\" \/><\/a><a href=\"https:\/\/agora.xtec.cat\/cfagornal\/wp-content\/uploads\/usu266\/2024\/04\/FOTO.jpg\"><img loading=\"lazy\" decoding=\"async\" class=\"alignnone size-full wp-image-1377\" src=\"https:\/\/agora.xtec.cat\/cfagornal\/wp-content\/uploads\/usu266\/2024\/04\/FOTO.jpg\" alt=\"\" width=\"589\" height=\"832\" srcset=\"https:\/\/agora.xtec.cat\/cfagornal\/wp-content\/uploads\/usu266\/2024\/04\/FOTO.jpg 589w, https:\/\/agora.xtec.cat\/cfagornal\/wp-content\/uploads\/usu266\/2024\/04\/FOTO-212x300.jpg 212w\" sizes=\"auto, (max-width: 589px) 100vw, 589px\" \/><\/a><\/div>\n","protected":false},"excerpt":{"rendered":"<p>Com cada any, per Sant Jordi, a l&#8217;escola fem un concurs literari i un altre de fotografies.<br \/>\nEl tema d&#8217;enguany del concurs literari \u00e9s &#8220;La meva paraula favorita&#8221;. Podeu fer escrits en prosa o poesia i en castell\u00e0 o catal\u00e0\u00a0 i els podeu enviar per correu&hellip;  <a href=\"https:\/\/agora.xtec.cat\/cfagornal\/general\/concurs-de-sant-jordi\/\" title=\"Read CONCURS DE SANT JORDI\">Llegeix m\u00e9s\u00bb<\/a><\/p>\n","protected":false},"author":1,"featured_media":1378,"comment_status":"open","ping_status":"closed","sticky":false,"template":"","format":"standard","meta":{"_bbp_topic_count":0,"_bbp_reply_count":0,"_bbp_total_topic_count":0,"_bbp_total_reply_count":0,"_bbp_voice_count":0,"_bbp_anonymous_reply_count":0,"_bbp_topic_count_hidden":0,"_bbp_reply_count_hidden":0,"_bbp_forum_subforum_count":0,"footnotes":""},"categories":[1],"tags":[],"class_list":["post-1376","post","type-post","status-publish","format-standard","has-post-thumbnail","hentry","category-general"],"post_mailing_queue_ids":[],"_links":{"self":[{"href":"https:\/\/agora.xtec.cat\/cfagornal\/wp-json\/wp\/v2\/posts\/1376","targetHints":{"allow":["GET"]}}],"collection":[{"href":"https:\/\/agora.xtec.cat\/cfagornal\/wp-json\/wp\/v2\/posts"}],"about":[{"href":"https:\/\/agora.xtec.cat\/cfagornal\/wp-json\/wp\/v2\/types\/post"}],"author":[{"embeddable":true,"href":"https:\/\/agora.xtec.cat\/cfagornal\/wp-json\/wp\/v2\/users\/1"}],"replies":[{"embeddable":true,"href":"https:\/\/agora.xtec.cat\/cfagornal\/wp-json\/wp\/v2\/comments?post=1376"}],"version-history":[{"count":1,"href":"https:\/\/agora.xtec.cat\/cfagornal\/wp-json\/wp\/v2\/posts\/1376\/revisions"}],"predecessor-version":[{"id":1379,"href":"https:\/\/agora.xtec.cat\/cfagornal\/wp-json\/wp\/v2\/posts\/1376\/revisions\/1379"}],"wp:featuredmedia":[{"embeddable":true,"href":"https:\/\/agora.xtec.cat\/cfagornal\/wp-json\/wp\/v2\/media\/1378"}],"wp:attachment":[{"href":"https:\/\/agora.xtec.cat\/cfagornal\/wp-json\/wp\/v2\/media?parent=1376"}],"wp:term":[{"taxonomy":"category","embeddable":true,"href":"https:\/\/agora.xtec.cat\/cfagornal\/wp-json\/wp\/v2\/categories?post=1376"},{"taxonomy":"post_tag","embeddable":true,"href":"https:\/\/agora.xtec.cat\/cfagornal\/wp-json\/wp\/v2\/tags?post=1376"}],"curies":[{"name":"wp","href":"https:\/\/api.w.org\/{rel}","templated":true}]}}