{"id":1365,"date":"2024-04-05T09:43:45","date_gmt":"2024-04-05T07:43:45","guid":{"rendered":"https:\/\/agora.xtec.cat\/cfagornal\/?p=1365"},"modified":"2024-04-05T09:43:45","modified_gmt":"2024-04-05T07:43:45","slug":"video-i-fotos-excursio-a-reus","status":"publish","type":"post","link":"https:\/\/agora.xtec.cat\/cfagornal\/general\/video-i-fotos-excursio-a-reus\/","title":{"rendered":"V\u00cdDEO I FOTOS EXCURSI\u00d3 A REUS"},"content":{"rendered":"<p><span class=\"css-1qaijid r-bcqeeo r-qvutc0 r-poiln3\">Aqu\u00ed us deixem algunes fotos de la sortida a Reus. Tamb\u00e9 pengem un v\u00eddeo realitzat per l&#8217;Ana Mar\u00eda Garc\u00eda. Vam poder gaudir molt de la visita Modernista i vam descobrir alguns dels magn\u00edfics racons com l&#8217;Institut Pere Mata i el Museu Gaud\u00ed. Gr\u00e0cies per acompanyar-nos un any mes!<\/span><\/p>\n<p><iframe loading=\"lazy\" title=\"YouTube video player\" src=\"https:\/\/www.youtube.com\/embed\/pPro0lYtHuM?si=dvQgFGJcLBSPIYnI\" width=\"560\" height=\"315\" frameborder=\"0\" allowfullscreen=\"allowfullscreen\"><\/iframe><\/p>\n<p><a href=\"https:\/\/agora.xtec.cat\/cfagornal\/wp-content\/uploads\/usu266\/2024\/04\/1.jpg\"><img loading=\"lazy\" decoding=\"async\" class=\"alignnone size-full wp-image-1366\" src=\"https:\/\/agora.xtec.cat\/cfagornal\/wp-content\/uploads\/usu266\/2024\/04\/1.jpg\" alt=\"\" width=\"561\" height=\"751\" srcset=\"https:\/\/agora.xtec.cat\/cfagornal\/wp-content\/uploads\/usu266\/2024\/04\/1.jpg 561w, https:\/\/agora.xtec.cat\/cfagornal\/wp-content\/uploads\/usu266\/2024\/04\/1-224x300.jpg 224w\" sizes=\"auto, (max-width: 561px) 100vw, 561px\" \/><\/a> <a href=\"https:\/\/agora.xtec.cat\/cfagornal\/wp-content\/uploads\/usu266\/2024\/04\/2.jpg\"><img loading=\"lazy\" decoding=\"async\" class=\"alignnone size-large wp-image-1367\" src=\"https:\/\/agora.xtec.cat\/cfagornal\/wp-content\/uploads\/usu266\/2024\/04\/2.jpg\" alt=\"\" width=\"568\" height=\"750\" srcset=\"https:\/\/agora.xtec.cat\/cfagornal\/wp-content\/uploads\/usu266\/2024\/04\/2.jpg 568w, https:\/\/agora.xtec.cat\/cfagornal\/wp-content\/uploads\/usu266\/2024\/04\/2-227x300.jpg 227w\" sizes=\"auto, (max-width: 568px) 100vw, 568px\" \/><\/a> <a href=\"https:\/\/agora.xtec.cat\/cfagornal\/wp-content\/uploads\/usu266\/2024\/04\/3.jpg\"><img loading=\"lazy\" decoding=\"async\" class=\"alignnone size-large wp-image-1368\" src=\"https:\/\/agora.xtec.cat\/cfagornal\/wp-content\/uploads\/usu266\/2024\/04\/3.jpg\" alt=\"\" width=\"562\" height=\"754\" srcset=\"https:\/\/agora.xtec.cat\/cfagornal\/wp-content\/uploads\/usu266\/2024\/04\/3.jpg 562w, https:\/\/agora.xtec.cat\/cfagornal\/wp-content\/uploads\/usu266\/2024\/04\/3-224x300.jpg 224w\" sizes=\"auto, (max-width: 562px) 100vw, 562px\" \/><\/a> <a href=\"https:\/\/agora.xtec.cat\/cfagornal\/wp-content\/uploads\/usu266\/2024\/04\/4.jpg\"><img loading=\"lazy\" decoding=\"async\" class=\"alignnone size-large wp-image-1369\" src=\"https:\/\/agora.xtec.cat\/cfagornal\/wp-content\/uploads\/usu266\/2024\/04\/4.jpg\" alt=\"\" width=\"1006\" height=\"750\" srcset=\"https:\/\/agora.xtec.cat\/cfagornal\/wp-content\/uploads\/usu266\/2024\/04\/4.jpg 1006w, https:\/\/agora.xtec.cat\/cfagornal\/wp-content\/uploads\/usu266\/2024\/04\/4-300x224.jpg 300w, https:\/\/agora.xtec.cat\/cfagornal\/wp-content\/uploads\/usu266\/2024\/04\/4-768x573.jpg 768w, https:\/\/agora.xtec.cat\/cfagornal\/wp-content\/uploads\/usu266\/2024\/04\/4-200x150.jpg 200w\" sizes=\"auto, (max-width: 1006px) 100vw, 1006px\" \/><\/a> <a href=\"https:\/\/agora.xtec.cat\/cfagornal\/wp-content\/uploads\/usu266\/2024\/04\/5.jpg\"><img loading=\"lazy\" decoding=\"async\" class=\"alignnone size-large wp-image-1370\" src=\"https:\/\/agora.xtec.cat\/cfagornal\/wp-content\/uploads\/usu266\/2024\/04\/5.jpg\" alt=\"\" width=\"1002\" height=\"754\" srcset=\"https:\/\/agora.xtec.cat\/cfagornal\/wp-content\/uploads\/usu266\/2024\/04\/5.jpg 1002w, https:\/\/agora.xtec.cat\/cfagornal\/wp-content\/uploads\/usu266\/2024\/04\/5-300x226.jpg 300w, https:\/\/agora.xtec.cat\/cfagornal\/wp-content\/uploads\/usu266\/2024\/04\/5-768x578.jpg 768w, https:\/\/agora.xtec.cat\/cfagornal\/wp-content\/uploads\/usu266\/2024\/04\/5-200x150.jpg 200w\" sizes=\"auto, (max-width: 1002px) 100vw, 1002px\" \/><\/a> <a href=\"https:\/\/agora.xtec.cat\/cfagornal\/wp-content\/uploads\/usu266\/2024\/04\/6.jpg\"><img loading=\"lazy\" decoding=\"async\" class=\"alignnone size-large wp-image-1371\" src=\"https:\/\/agora.xtec.cat\/cfagornal\/wp-content\/uploads\/usu266\/2024\/04\/6.jpg\" alt=\"\" width=\"568\" height=\"754\" srcset=\"https:\/\/agora.xtec.cat\/cfagornal\/wp-content\/uploads\/usu266\/2024\/04\/6.jpg 568w, https:\/\/agora.xtec.cat\/cfagornal\/wp-content\/uploads\/usu266\/2024\/04\/6-226x300.jpg 226w\" sizes=\"auto, (max-width: 568px) 100vw, 568px\" \/><\/a> <a href=\"https:\/\/agora.xtec.cat\/cfagornal\/wp-content\/uploads\/usu266\/2024\/04\/7.jpg\"><img loading=\"lazy\" decoding=\"async\" class=\"alignnone size-large wp-image-1372\" src=\"https:\/\/agora.xtec.cat\/cfagornal\/wp-content\/uploads\/usu266\/2024\/04\/7.jpg\" alt=\"\" width=\"568\" height=\"750\" srcset=\"https:\/\/agora.xtec.cat\/cfagornal\/wp-content\/uploads\/usu266\/2024\/04\/7.jpg 568w, https:\/\/agora.xtec.cat\/cfagornal\/wp-content\/uploads\/usu266\/2024\/04\/7-227x300.jpg 227w\" sizes=\"auto, (max-width: 568px) 100vw, 568px\" \/><\/a> <a href=\"https:\/\/agora.xtec.cat\/cfagornal\/wp-content\/uploads\/usu266\/2024\/04\/8.jpg\"><img loading=\"lazy\" decoding=\"async\" class=\"alignnone size-large wp-image-1373\" src=\"https:\/\/agora.xtec.cat\/cfagornal\/wp-content\/uploads\/usu266\/2024\/04\/8.jpg\" alt=\"\" width=\"571\" height=\"757\" srcset=\"https:\/\/agora.xtec.cat\/cfagornal\/wp-content\/uploads\/usu266\/2024\/04\/8.jpg 571w, https:\/\/agora.xtec.cat\/cfagornal\/wp-content\/uploads\/usu266\/2024\/04\/8-226x300.jpg 226w\" sizes=\"auto, (max-width: 571px) 100vw, 571px\" \/><\/a><\/p>\n","protected":false},"excerpt":{"rendered":"<p>Aqu\u00ed us deixem algunes fotos de la sortida a Reus. Tamb\u00e9 pengem un v\u00eddeo realitzat per l&#8217;Ana Mar\u00eda Garc\u00eda. Vam poder gaudir molt de la visita Modernista i vam descobrir alguns dels magn\u00edfics racons com l&#8217;Institut Pere Mata i el Museu Gaud\u00ed. Gr\u00e0cies per acompanyar-nos&hellip;  <a href=\"https:\/\/agora.xtec.cat\/cfagornal\/general\/video-i-fotos-excursio-a-reus\/\" title=\"Read V\u00cdDEO I FOTOS EXCURSI\u00d3 A REUS\">Llegeix m\u00e9s\u00bb<\/a><\/p>\n","protected":false},"author":1,"featured_media":1374,"comment_status":"open","ping_status":"closed","sticky":false,"template":"","format":"standard","meta":{"_bbp_topic_count":0,"_bbp_reply_count":0,"_bbp_total_topic_count":0,"_bbp_total_reply_count":0,"_bbp_voice_count":0,"_bbp_anonymous_reply_count":0,"_bbp_topic_count_hidden":0,"_bbp_reply_count_hidden":0,"_bbp_forum_subforum_count":0,"footnotes":""},"categories":[1],"tags":[],"class_list":["post-1365","post","type-post","status-publish","format-standard","has-post-thumbnail","hentry","category-general"],"post_mailing_queue_ids":[],"_links":{"self":[{"href":"https:\/\/agora.xtec.cat\/cfagornal\/wp-json\/wp\/v2\/posts\/1365","targetHints":{"allow":["GET"]}}],"collection":[{"href":"https:\/\/agora.xtec.cat\/cfagornal\/wp-json\/wp\/v2\/posts"}],"about":[{"href":"https:\/\/agora.xtec.cat\/cfagornal\/wp-json\/wp\/v2\/types\/post"}],"author":[{"embeddable":true,"href":"https:\/\/agora.xtec.cat\/cfagornal\/wp-json\/wp\/v2\/users\/1"}],"replies":[{"embeddable":true,"href":"https:\/\/agora.xtec.cat\/cfagornal\/wp-json\/wp\/v2\/comments?post=1365"}],"version-history":[{"count":1,"href":"https:\/\/agora.xtec.cat\/cfagornal\/wp-json\/wp\/v2\/posts\/1365\/revisions"}],"predecessor-version":[{"id":1375,"href":"https:\/\/agora.xtec.cat\/cfagornal\/wp-json\/wp\/v2\/posts\/1365\/revisions\/1375"}],"wp:featuredmedia":[{"embeddable":true,"href":"https:\/\/agora.xtec.cat\/cfagornal\/wp-json\/wp\/v2\/media\/1374"}],"wp:attachment":[{"href":"https:\/\/agora.xtec.cat\/cfagornal\/wp-json\/wp\/v2\/media?parent=1365"}],"wp:term":[{"taxonomy":"category","embeddable":true,"href":"https:\/\/agora.xtec.cat\/cfagornal\/wp-json\/wp\/v2\/categories?post=1365"},{"taxonomy":"post_tag","embeddable":true,"href":"https:\/\/agora.xtec.cat\/cfagornal\/wp-json\/wp\/v2\/tags?post=1365"}],"curies":[{"name":"wp","href":"https:\/\/api.w.org\/{rel}","templated":true}]}}