{"id":1358,"date":"2024-03-21T09:37:49","date_gmt":"2024-03-21T08:37:49","guid":{"rendered":"https:\/\/agora.xtec.cat\/cfagornal\/?p=1358"},"modified":"2024-03-21T09:42:32","modified_gmt":"2024-03-21T08:42:32","slug":"xerrada-sobre-alimentacio-i-dieta","status":"publish","type":"post","link":"https:\/\/agora.xtec.cat\/cfagornal\/general\/xerrada-sobre-alimentacio-i-dieta\/","title":{"rendered":"XERRADA SOBRE ALIMENTACI\u00d3 I DIETA"},"content":{"rendered":"<p>El passat dimecres 6 de mar\u00e7 ens van visitar la psic\u00f2loga Ana Cremades i la dietista Noem\u00ed Cebrian de l\u2019EAP Bellvitge per explicar-nos com portar una alimentaci\u00f3 i dieta equilibrada aix\u00ed com con\u00e8ixer algunes malalties sobre nutrici\u00f3 que es poden patir.<br \/>\nAquest trimestre l\u2019alumnat de GES1, Graduat Escolar de 1r curs, ha realitzat el m\u00f2dul d\u2019Educaci\u00f3 per la Salut i un dels aspectes importants que hem treballat \u00e9s portar una dieta sana i equilibrada. Agra\u00efm molt la col\u00b7laboraci\u00f3 d\u2019Ana i Noem\u00ed que ens han ajudat a con\u00e8ixer m\u00e9s sobre la salut aliment\u00e0ria.<a href=\"https:\/\/agora.xtec.cat\/cfagornal\/wp-content\/uploads\/usu266\/2024\/03\/Imagen1.jpg\"><img loading=\"lazy\" decoding=\"async\" class=\"size-full wp-image-1359 aligncenter\" src=\"https:\/\/agora.xtec.cat\/cfagornal\/wp-content\/uploads\/usu266\/2024\/03\/Imagen1.jpg\" alt=\"\" width=\"629\" height=\"839\" srcset=\"https:\/\/agora.xtec.cat\/cfagornal\/wp-content\/uploads\/usu266\/2024\/03\/Imagen1.jpg 629w, https:\/\/agora.xtec.cat\/cfagornal\/wp-content\/uploads\/usu266\/2024\/03\/Imagen1-225x300.jpg 225w\" sizes=\"auto, (max-width: 629px) 100vw, 629px\" \/><\/a> <a href=\"https:\/\/agora.xtec.cat\/cfagornal\/wp-content\/uploads\/usu266\/2024\/03\/imagen2.jpg\"><img loading=\"lazy\" decoding=\"async\" class=\"alignnone size-large wp-image-1360\" src=\"https:\/\/agora.xtec.cat\/cfagornal\/wp-content\/uploads\/usu266\/2024\/03\/imagen2-1024x768.jpg\" alt=\"\" width=\"1024\" height=\"768\" srcset=\"https:\/\/agora.xtec.cat\/cfagornal\/wp-content\/uploads\/usu266\/2024\/03\/imagen2-1024x768.jpg 1024w, https:\/\/agora.xtec.cat\/cfagornal\/wp-content\/uploads\/usu266\/2024\/03\/imagen2-300x225.jpg 300w, https:\/\/agora.xtec.cat\/cfagornal\/wp-content\/uploads\/usu266\/2024\/03\/imagen2-768x576.jpg 768w, https:\/\/agora.xtec.cat\/cfagornal\/wp-content\/uploads\/usu266\/2024\/03\/imagen2-200x150.jpg 200w, https:\/\/agora.xtec.cat\/cfagornal\/wp-content\/uploads\/usu266\/2024\/03\/imagen2.jpg 1118w\" sizes=\"auto, (max-width: 1024px) 100vw, 1024px\" \/><\/a> <a href=\"https:\/\/agora.xtec.cat\/cfagornal\/wp-content\/uploads\/usu266\/2024\/03\/Imagen3.jpg\"><img loading=\"lazy\" decoding=\"async\" class=\"alignnone size-large wp-image-1361\" src=\"https:\/\/agora.xtec.cat\/cfagornal\/wp-content\/uploads\/usu266\/2024\/03\/Imagen3-1024x768.jpg\" alt=\"\" width=\"1024\" height=\"768\" srcset=\"https:\/\/agora.xtec.cat\/cfagornal\/wp-content\/uploads\/usu266\/2024\/03\/Imagen3-1024x768.jpg 1024w, https:\/\/agora.xtec.cat\/cfagornal\/wp-content\/uploads\/usu266\/2024\/03\/Imagen3-300x225.jpg 300w, https:\/\/agora.xtec.cat\/cfagornal\/wp-content\/uploads\/usu266\/2024\/03\/Imagen3-768x576.jpg 768w, https:\/\/agora.xtec.cat\/cfagornal\/wp-content\/uploads\/usu266\/2024\/03\/Imagen3-200x150.jpg 200w, https:\/\/agora.xtec.cat\/cfagornal\/wp-content\/uploads\/usu266\/2024\/03\/Imagen3.jpg 1118w\" sizes=\"auto, (max-width: 1024px) 100vw, 1024px\" \/><\/a><\/p>\n","protected":false},"excerpt":{"rendered":"<p>El passat dimecres 6 de mar\u00e7 ens van visitar la psic\u00f2loga Ana Cremades i la dietista Noem\u00ed Cebrian de l\u2019EAP Bellvitge per explicar-nos com portar una alimentaci\u00f3 i dieta equilibrada aix\u00ed com con\u00e8ixer algunes malalties sobre nutrici\u00f3 que es poden patir.<br \/>\nAquest trimestre l\u2019alumnat de GES1,&hellip;  <a href=\"https:\/\/agora.xtec.cat\/cfagornal\/general\/xerrada-sobre-alimentacio-i-dieta\/\" title=\"Read XERRADA SOBRE ALIMENTACI\u00d3 I DIETA\">Llegeix m\u00e9s\u00bb<\/a><\/p>\n","protected":false},"author":1,"featured_media":1361,"comment_status":"open","ping_status":"closed","sticky":false,"template":"","format":"standard","meta":{"_bbp_topic_count":0,"_bbp_reply_count":0,"_bbp_total_topic_count":0,"_bbp_total_reply_count":0,"_bbp_voice_count":0,"_bbp_anonymous_reply_count":0,"_bbp_topic_count_hidden":0,"_bbp_reply_count_hidden":0,"_bbp_forum_subforum_count":0,"footnotes":""},"categories":[1],"tags":[],"class_list":["post-1358","post","type-post","status-publish","format-standard","has-post-thumbnail","hentry","category-general"],"post_mailing_queue_ids":[],"_links":{"self":[{"href":"https:\/\/agora.xtec.cat\/cfagornal\/wp-json\/wp\/v2\/posts\/1358","targetHints":{"allow":["GET"]}}],"collection":[{"href":"https:\/\/agora.xtec.cat\/cfagornal\/wp-json\/wp\/v2\/posts"}],"about":[{"href":"https:\/\/agora.xtec.cat\/cfagornal\/wp-json\/wp\/v2\/types\/post"}],"author":[{"embeddable":true,"href":"https:\/\/agora.xtec.cat\/cfagornal\/wp-json\/wp\/v2\/users\/1"}],"replies":[{"embeddable":true,"href":"https:\/\/agora.xtec.cat\/cfagornal\/wp-json\/wp\/v2\/comments?post=1358"}],"version-history":[{"count":2,"href":"https:\/\/agora.xtec.cat\/cfagornal\/wp-json\/wp\/v2\/posts\/1358\/revisions"}],"predecessor-version":[{"id":1363,"href":"https:\/\/agora.xtec.cat\/cfagornal\/wp-json\/wp\/v2\/posts\/1358\/revisions\/1363"}],"wp:featuredmedia":[{"embeddable":true,"href":"https:\/\/agora.xtec.cat\/cfagornal\/wp-json\/wp\/v2\/media\/1361"}],"wp:attachment":[{"href":"https:\/\/agora.xtec.cat\/cfagornal\/wp-json\/wp\/v2\/media?parent=1358"}],"wp:term":[{"taxonomy":"category","embeddable":true,"href":"https:\/\/agora.xtec.cat\/cfagornal\/wp-json\/wp\/v2\/categories?post=1358"},{"taxonomy":"post_tag","embeddable":true,"href":"https:\/\/agora.xtec.cat\/cfagornal\/wp-json\/wp\/v2\/tags?post=1358"}],"curies":[{"name":"wp","href":"https:\/\/api.w.org\/{rel}","templated":true}]}}