{"id":1310,"date":"2023-12-20T10:15:46","date_gmt":"2023-12-20T09:15:46","guid":{"rendered":"https:\/\/agora.xtec.cat\/cfagornal\/?p=1310"},"modified":"2023-12-20T10:15:46","modified_gmt":"2023-12-20T09:15:46","slug":"nous-cursos-de-castella-1-i-catala-1","status":"publish","type":"post","link":"https:\/\/agora.xtec.cat\/cfagornal\/general\/nous-cursos-de-castella-1-i-catala-1\/","title":{"rendered":"NOUS CURSOS DE CASTELL\u00c0 1 i CATAL\u00c0 1"},"content":{"rendered":"<p>NOUS CURSOS DE CASTELL\u00c0 1 i CATAL\u00c0 1<br \/>\nSEGON QUADRIMESTRE 23-24<\/p>\n<p><strong><span style=\"color: #ff0000;\">INSCRIPCIONS<\/span><\/strong>: a partir del 15 de gener<br \/>\n<span style=\"color: #ff0000;\"><strong>INICI DELS CURSOS<\/strong><\/span>: dimecres 14 de febrer<\/p>\n<p><strong><span style=\"color: #ff0000;\">HORARIS<\/span><\/strong>:<br \/>\n\uf0b7 CATAL\u00c0 1 : dilluns, dijous i divendres de 9 a 11h<br \/>\n\uf0b7 CASTELL\u00c0 1: dilluns, dimecres i dijous de 19 a 21h<\/p>\n","protected":false},"excerpt":{"rendered":"<p>NOUS CURSOS DE CASTELL\u00c0 1 i CATAL\u00c0 1<br \/>\nSEGON QUADRIMESTRE 23-24<br \/>\nINSCRIPCIONS: a partir del 15 de gener<br \/>\nINICI DELS CURSOS: dimecres 14 de febrer<br \/>\nHORARIS:<br \/>\n\uf0b7 CATAL\u00c0 1 : dilluns, dijous i divendres de 9 a 11h<br \/>\n\uf0b7 CASTELL\u00c0 1: dilluns, dimecres i dijous de 19 a 21h<\/p>\n","protected":false},"author":1,"featured_media":1311,"comment_status":"open","ping_status":"closed","sticky":false,"template":"","format":"standard","meta":{"_bbp_topic_count":0,"_bbp_reply_count":0,"_bbp_total_topic_count":0,"_bbp_total_reply_count":0,"_bbp_voice_count":0,"_bbp_anonymous_reply_count":0,"_bbp_topic_count_hidden":0,"_bbp_reply_count_hidden":0,"_bbp_forum_subforum_count":0,"footnotes":""},"categories":[1],"tags":[],"class_list":["post-1310","post","type-post","status-publish","format-standard","has-post-thumbnail","hentry","category-general"],"post_mailing_queue_ids":[],"_links":{"self":[{"href":"https:\/\/agora.xtec.cat\/cfagornal\/wp-json\/wp\/v2\/posts\/1310","targetHints":{"allow":["GET"]}}],"collection":[{"href":"https:\/\/agora.xtec.cat\/cfagornal\/wp-json\/wp\/v2\/posts"}],"about":[{"href":"https:\/\/agora.xtec.cat\/cfagornal\/wp-json\/wp\/v2\/types\/post"}],"author":[{"embeddable":true,"href":"https:\/\/agora.xtec.cat\/cfagornal\/wp-json\/wp\/v2\/users\/1"}],"replies":[{"embeddable":true,"href":"https:\/\/agora.xtec.cat\/cfagornal\/wp-json\/wp\/v2\/comments?post=1310"}],"version-history":[{"count":1,"href":"https:\/\/agora.xtec.cat\/cfagornal\/wp-json\/wp\/v2\/posts\/1310\/revisions"}],"predecessor-version":[{"id":1312,"href":"https:\/\/agora.xtec.cat\/cfagornal\/wp-json\/wp\/v2\/posts\/1310\/revisions\/1312"}],"wp:featuredmedia":[{"embeddable":true,"href":"https:\/\/agora.xtec.cat\/cfagornal\/wp-json\/wp\/v2\/media\/1311"}],"wp:attachment":[{"href":"https:\/\/agora.xtec.cat\/cfagornal\/wp-json\/wp\/v2\/media?parent=1310"}],"wp:term":[{"taxonomy":"category","embeddable":true,"href":"https:\/\/agora.xtec.cat\/cfagornal\/wp-json\/wp\/v2\/categories?post=1310"},{"taxonomy":"post_tag","embeddable":true,"href":"https:\/\/agora.xtec.cat\/cfagornal\/wp-json\/wp\/v2\/tags?post=1310"}],"curies":[{"name":"wp","href":"https:\/\/api.w.org\/{rel}","templated":true}]}}