{"id":1098,"date":"2023-02-28T18:28:21","date_gmt":"2023-02-28T17:28:21","guid":{"rendered":"https:\/\/agora.xtec.cat\/cfagornal\/?p=1098"},"modified":"2023-02-28T18:28:21","modified_gmt":"2023-02-28T17:28:21","slug":"sinopsi-xerrada-dia-de-la-dona","status":"publish","type":"post","link":"https:\/\/agora.xtec.cat\/cfagornal\/general\/sinopsi-xerrada-dia-de-la-dona\/","title":{"rendered":"SINOPSI XERRADA DIA DE LA DONA"},"content":{"rendered":"<p>A la commemoraci\u00f3 del dia de la dona la Marta Salicr\u00fa ens far\u00e0 una xerrada sobre les dones en el m\u00f3n de la m\u00fasica pop. Aqu\u00ed podeu llegir una aven\u00e7ada del que parlar\u00e0.<\/p>\n<p align=\"left\"><b>Girl power: sis d\u00e8cades de grups de dones al pop (1960 &#8211; 2020)<\/b><\/p>\n<p align=\"left\"><i>amb Marta Salicr\u00fa<\/i><\/p>\n<p align=\"left\">L\u2019evoluci\u00f3 dels grups de pop formats per dones en els \u00faltims 60 anys diu molt de com ha canviat la societat. Dels \u2018girl groups\u2019 del 1960 en qu\u00e8 les noies posaven veu i cara, a les \u2018all-female bands\u2019 que componen, interpreten i produeixen la seva m\u00fasica, passant pel moviment riot grrrl, clau en la tercera onada feminista. Una escolta comentada des del Girl Group Sound dels 60 fins al K-Pop contemporani, i tot el que queda al mig, en qu\u00e8 sonaran The Shirelles, The Slits, The Go-Go&#8217;s, Le Tigre, Tarta Relena, BlackPink i moltes altres. Amb Marta Salicr\u00fa, periodista musical i directora de Radio Primavera Sound.<\/p>\n<p align=\"left\">(BIO)<\/p>\n<p align=\"left\">La Marta Salicr\u00fa \u00e9s des del 2019 la directora de Radio Primavera Sound, Premi Ondas 2021. Periodista musical de Barcelona, col\u00b7laboradora de la revista Rockdelux des del 2010, entre el 2008 i el 2019 va coordinar la secci\u00f3 de m\u00fasica de la revista Time Out Barcelona, des del 2014 tamb\u00e9 com a cap de redacci\u00f3. Ha coescrit &#8216;Putos himnes generacionals&#8217; (Columna, 2015), \u2018Macros ocultas. Retrofuturos y universos virtuales en la ciencia ficcio\u0301n a propo\u0301sito de TRON\u2019 (Sitges Film Festival, Hermenaute, 2022), i el pr\u00f2leg d&#8217;Apolo: 75 anys sense parar de ballar\u2019 (Comanegra, 2018). Ha compartit la direcci\u00f3 art\u00edstica de les produccions de L\u2019Auditori de Barcelona \u2018Amor Odi Radioshow\u2019 (2022) i \u2018La Mort del G\u00e8nere\u2019 (2023). Ha participat com a ponent a CaixaForum, Eurosonic Noorderslag (ESNS), Primavera Pro, Montreal M, MIL (Lisbon International Music Network), BIME Pro, Club de Creativos i Carballo Interplay. Com a docent, s&#8217;especialitza en cultura pop i podc\u00e0sting (ESCAC, Elisava, UOC, International Music Business School). Ha dirigit un club de lectura de llibres sobre m\u00fasica a la llibreria Finestres, i el 2022 va apar\u00e8ixer a la llista 50 Best in Podcasting de la revista Forbes Espa\u00f1a. Com a DJ ha punxat en esdeveniments de Primavera Sound, Vida Festival, Sala Apolo i Razzmatazz, entre d&#8217;altres.<a href=\"https:\/\/agora.xtec.cat\/cfagornal\/wp-content\/uploads\/usu266\/2023\/02\/Collage-girl-power.jpg\"><img loading=\"lazy\" decoding=\"async\" class=\"alignnone size-large wp-image-1099\" src=\"https:\/\/agora.xtec.cat\/cfagornal\/wp-content\/uploads\/usu266\/2023\/02\/Collage-girl-power-1024x580.jpg\" alt=\"\" width=\"1024\" height=\"580\" srcset=\"https:\/\/agora.xtec.cat\/cfagornal\/wp-content\/uploads\/usu266\/2023\/02\/Collage-girl-power-1024x580.jpg 1024w, https:\/\/agora.xtec.cat\/cfagornal\/wp-content\/uploads\/usu266\/2023\/02\/Collage-girl-power-300x170.jpg 300w, https:\/\/agora.xtec.cat\/cfagornal\/wp-content\/uploads\/usu266\/2023\/02\/Collage-girl-power-768x435.jpg 768w, https:\/\/agora.xtec.cat\/cfagornal\/wp-content\/uploads\/usu266\/2023\/02\/Collage-girl-power-1536x870.jpg 1536w, https:\/\/agora.xtec.cat\/cfagornal\/wp-content\/uploads\/usu266\/2023\/02\/Collage-girl-power.jpg 1692w\" sizes=\"auto, (max-width: 1024px) 100vw, 1024px\" \/><\/a><\/p>\n","protected":false},"excerpt":{"rendered":"<p>A la commemoraci\u00f3 del dia de la dona la Marta Salicr\u00fa ens far\u00e0 una xerrada sobre les dones en el m\u00f3n de la m\u00fasica pop. Aqu\u00ed podeu llegir una aven\u00e7ada del que parlar\u00e0.<br \/>\nGirl power: sis d\u00e8cades de grups de dones al pop (1960 &#8211; 2020)<br \/>\namb&hellip;  <a href=\"https:\/\/agora.xtec.cat\/cfagornal\/general\/sinopsi-xerrada-dia-de-la-dona\/\" title=\"Read SINOPSI XERRADA DIA DE LA DONA\">Llegeix m\u00e9s\u00bb<\/a><\/p>\n","protected":false},"author":1,"featured_media":1099,"comment_status":"open","ping_status":"closed","sticky":false,"template":"","format":"standard","meta":{"_bbp_topic_count":0,"_bbp_reply_count":0,"_bbp_total_topic_count":0,"_bbp_total_reply_count":0,"_bbp_voice_count":0,"_bbp_anonymous_reply_count":0,"_bbp_topic_count_hidden":0,"_bbp_reply_count_hidden":0,"_bbp_forum_subforum_count":0,"footnotes":""},"categories":[1],"tags":[],"class_list":["post-1098","post","type-post","status-publish","format-standard","has-post-thumbnail","hentry","category-general"],"post_mailing_queue_ids":[],"_links":{"self":[{"href":"https:\/\/agora.xtec.cat\/cfagornal\/wp-json\/wp\/v2\/posts\/1098","targetHints":{"allow":["GET"]}}],"collection":[{"href":"https:\/\/agora.xtec.cat\/cfagornal\/wp-json\/wp\/v2\/posts"}],"about":[{"href":"https:\/\/agora.xtec.cat\/cfagornal\/wp-json\/wp\/v2\/types\/post"}],"author":[{"embeddable":true,"href":"https:\/\/agora.xtec.cat\/cfagornal\/wp-json\/wp\/v2\/users\/1"}],"replies":[{"embeddable":true,"href":"https:\/\/agora.xtec.cat\/cfagornal\/wp-json\/wp\/v2\/comments?post=1098"}],"version-history":[{"count":1,"href":"https:\/\/agora.xtec.cat\/cfagornal\/wp-json\/wp\/v2\/posts\/1098\/revisions"}],"predecessor-version":[{"id":1100,"href":"https:\/\/agora.xtec.cat\/cfagornal\/wp-json\/wp\/v2\/posts\/1098\/revisions\/1100"}],"wp:featuredmedia":[{"embeddable":true,"href":"https:\/\/agora.xtec.cat\/cfagornal\/wp-json\/wp\/v2\/media\/1099"}],"wp:attachment":[{"href":"https:\/\/agora.xtec.cat\/cfagornal\/wp-json\/wp\/v2\/media?parent=1098"}],"wp:term":[{"taxonomy":"category","embeddable":true,"href":"https:\/\/agora.xtec.cat\/cfagornal\/wp-json\/wp\/v2\/categories?post=1098"},{"taxonomy":"post_tag","embeddable":true,"href":"https:\/\/agora.xtec.cat\/cfagornal\/wp-json\/wp\/v2\/tags?post=1098"}],"curies":[{"name":"wp","href":"https:\/\/api.w.org\/{rel}","templated":true}]}}