{"id":3812,"date":"2026-04-24T09:02:23","date_gmt":"2026-04-24T07:02:23","guid":{"rendered":"https:\/\/agora.xtec.cat\/cfaescolamartamata\/?p=3812"},"modified":"2026-04-24T09:02:23","modified_gmt":"2026-04-24T07:02:23","slug":"edicio-especial-diari-de-sant-jordi","status":"publish","type":"post","link":"https:\/\/agora.xtec.cat\/cfaescolamartamata\/portada\/edicio-especial-diari-de-sant-jordi\/","title":{"rendered":"Edici\u00f3 especial, diari de Sant Jordi"},"content":{"rendered":"\n<p>Amb motiu de la celebraci\u00f3 de Sant Jordi, l&#8217;alumnat de nivell A2 de castell\u00e0 ha dut a terme&nbsp;una activitat creativa i significativa: l&#8217;elaboraci\u00f3 d&#8217;un diari.<\/p>\n\n\n\n<p>En aquest projecte, cada alumne ha creat not\u00edcies inventades i d&#8217;altres reals, ambientades en diferents contextos, com la vida quotidiana, l&#8217;\u00e0mbit escolar, situacions culturals o fins i tot escenaris imaginaris. A trav\u00e9s d&#8217;aquesta proposta, han pogut treballar l&#8217;expressi\u00f3 escrita d&#8217;una manera m\u00e9s din\u00e0mica estructures b\u00e0siques de la llengua.<\/p>\n\n\n\n<p>El resultat ha estat aquest diari variat i original, on es combinen diferents estils i tem\u00e0tiques, reflectint tant l&#8217;aprenentatge ling\u00fc\u00edstic com la imaginaci\u00f3 de l&#8217;alumnat.<\/p>\n\n\n\n<div data-wp-interactive=\"core\/file\" class=\"wp-block-file\"><object data-wp-bind--hidden=\"!state.hasPdfPreview\" hidden class=\"wp-block-file__embed\" data=\"https:\/\/agora.xtec.cat\/cfaescolamartamata\/wp-content\/uploads\/usu840\/2026\/04\/Diari.pdf\" type=\"application\/pdf\" style=\"width:100%;height:600px\" aria-label=\"Incrustaci\u00f3 del fitxer Diari.\"><\/object><a id=\"wp-block-file--media-9e5d3e6a-3bca-4013-bc2c-30dda19e3637\" href=\"https:\/\/agora.xtec.cat\/cfaescolamartamata\/wp-content\/uploads\/usu840\/2026\/04\/Diari.pdf\">Diari<\/a><a href=\"https:\/\/agora.xtec.cat\/cfaescolamartamata\/wp-content\/uploads\/usu840\/2026\/04\/Diari.pdf\" class=\"wp-block-file__button wp-element-button\" download aria-describedby=\"wp-block-file--media-9e5d3e6a-3bca-4013-bc2c-30dda19e3637\">Baixa<\/a><\/div>\n","protected":false},"excerpt":{"rendered":"<p>Amb motiu de la celebraci\u00f3 de Sant Jordi, l&#8217;alumnat de nivell A2 de castell\u00e0 ha dut a terme&nbsp;una activitat creativa i significativa: l&#8217;elaboraci\u00f3 d&#8217;un diari. En aquest projecte, cada alumne ha creat not\u00edcies inventades i d&#8217;altres reals, ambientades en diferents contextos, com la vida quotidiana, l&#8217;\u00e0mbit escolar, situacions culturals o fins i tot escenaris imaginaris. [&hellip;]<\/p>\n","protected":false},"author":3,"featured_media":3818,"comment_status":"open","ping_status":"open","sticky":false,"template":"","format":"standard","meta":{"_bbp_topic_count":0,"_bbp_reply_count":0,"_bbp_total_topic_count":0,"_bbp_total_reply_count":0,"_bbp_voice_count":0,"_bbp_anonymous_reply_count":0,"_bbp_topic_count_hidden":0,"_bbp_reply_count_hidden":0,"_bbp_forum_subforum_count":0,"site-sidebar-layout":"default","site-content-layout":"","ast-site-content-layout":"default","site-content-style":"default","site-sidebar-style":"default","ast-global-header-display":"","ast-banner-title-visibility":"","ast-main-header-display":"","ast-hfb-above-header-display":"","ast-hfb-below-header-display":"","ast-hfb-mobile-header-display":"","site-post-title":"","ast-breadcrumbs-content":"","ast-featured-img":"","footer-sml-layout":"","theme-transparent-header-meta":"","adv-header-id-meta":"","stick-header-meta":"","header-above-stick-meta":"","header-main-stick-meta":"","header-below-stick-meta":"","astra-migrate-meta-layouts":"set","ast-page-background-enabled":"default","ast-page-background-meta":{"desktop":{"background-color":"var(--ast-global-color-4)","background-image":"","background-repeat":"repeat","background-position":"center center","background-size":"auto","background-attachment":"scroll","background-type":"","background-media":"","overlay-type":"","overlay-color":"","overlay-opacity":"","overlay-gradient":""},"tablet":{"background-color":"","background-image":"","background-repeat":"repeat","background-position":"center center","background-size":"auto","background-attachment":"scroll","background-type":"","background-media":"","overlay-type":"","overlay-color":"","overlay-opacity":"","overlay-gradient":""},"mobile":{"background-color":"","background-image":"","background-repeat":"repeat","background-position":"center center","background-size":"auto","background-attachment":"scroll","background-type":"","background-media":"","overlay-type":"","overlay-color":"","overlay-opacity":"","overlay-gradient":""}},"ast-content-background-meta":{"desktop":{"background-color":"var(--ast-global-color-5)","background-image":"","background-repeat":"repeat","background-position":"center center","background-size":"auto","background-attachment":"scroll","background-type":"","background-media":"","overlay-type":"","overlay-color":"","overlay-opacity":"","overlay-gradient":""},"tablet":{"background-color":"var(--ast-global-color-5)","background-image":"","background-repeat":"repeat","background-position":"center center","background-size":"auto","background-attachment":"scroll","background-type":"","background-media":"","overlay-type":"","overlay-color":"","overlay-opacity":"","overlay-gradient":""},"mobile":{"background-color":"var(--ast-global-color-5)","background-image":"","background-repeat":"repeat","background-position":"center center","background-size":"auto","background-attachment":"scroll","background-type":"","background-media":"","overlay-type":"","overlay-color":"","overlay-opacity":"","overlay-gradient":""}},"footnotes":""},"categories":[29,116],"tags":[],"class_list":["post-3812","post","type-post","status-publish","format-standard","has-post-thumbnail","hentry","category-portada","category-sant-jordi"],"post_mailing_queue_ids":[],"_links":{"self":[{"href":"https:\/\/agora.xtec.cat\/cfaescolamartamata\/wp-json\/wp\/v2\/posts\/3812","targetHints":{"allow":["GET"]}}],"collection":[{"href":"https:\/\/agora.xtec.cat\/cfaescolamartamata\/wp-json\/wp\/v2\/posts"}],"about":[{"href":"https:\/\/agora.xtec.cat\/cfaescolamartamata\/wp-json\/wp\/v2\/types\/post"}],"author":[{"embeddable":true,"href":"https:\/\/agora.xtec.cat\/cfaescolamartamata\/wp-json\/wp\/v2\/users\/3"}],"replies":[{"embeddable":true,"href":"https:\/\/agora.xtec.cat\/cfaescolamartamata\/wp-json\/wp\/v2\/comments?post=3812"}],"version-history":[{"count":2,"href":"https:\/\/agora.xtec.cat\/cfaescolamartamata\/wp-json\/wp\/v2\/posts\/3812\/revisions"}],"predecessor-version":[{"id":3817,"href":"https:\/\/agora.xtec.cat\/cfaescolamartamata\/wp-json\/wp\/v2\/posts\/3812\/revisions\/3817"}],"wp:featuredmedia":[{"embeddable":true,"href":"https:\/\/agora.xtec.cat\/cfaescolamartamata\/wp-json\/wp\/v2\/media\/3818"}],"wp:attachment":[{"href":"https:\/\/agora.xtec.cat\/cfaescolamartamata\/wp-json\/wp\/v2\/media?parent=3812"}],"wp:term":[{"taxonomy":"category","embeddable":true,"href":"https:\/\/agora.xtec.cat\/cfaescolamartamata\/wp-json\/wp\/v2\/categories?post=3812"},{"taxonomy":"post_tag","embeddable":true,"href":"https:\/\/agora.xtec.cat\/cfaescolamartamata\/wp-json\/wp\/v2\/tags?post=3812"}],"curies":[{"name":"wp","href":"https:\/\/api.w.org\/{rel}","templated":true}]}}