{"id":3749,"date":"2026-04-10T12:57:54","date_gmt":"2026-04-10T10:57:54","guid":{"rendered":"https:\/\/agora.xtec.cat\/cfaescolamartamata\/?p=3749"},"modified":"2026-04-20T08:06:37","modified_gmt":"2026-04-20T06:06:37","slug":"jornada-del-dia-internacional-del-poble-gitano-2","status":"publish","type":"post","link":"https:\/\/agora.xtec.cat\/cfaescolamartamata\/portada\/jornada-del-dia-internacional-del-poble-gitano-2\/","title":{"rendered":"Actes del Dia Internacional del Poble Gitano"},"content":{"rendered":"\n<p>El dimecres 8 d\u2019abril, es va celebrar una jornada per commemorar el sis-cents aniversari de l\u2019arribada del poble gitano a Catalunya. &nbsp;<\/p>\n\n\n\n<p>Es van reproduir v\u00eddeos sobre la hist\u00f2ria i viv\u00e8ncies del poble gitano arreu d&#8217;Europa, un mural explicatiu i un berenar multicultural.<\/p>\n\n\n\n<div class=\"wp-block-getwid-images-slider has-arrows-outside has-dots-outside is-carousel has-slides-gap-none has-images-center has-fitted-images has-fixed-height\"><div class=\"wp-block-getwid-images-slider__wrapper\" data-effect=\"slide\" data-slides-show=\"2\" data-slides-show-laptop=\"1\" data-slides-show-tablet=\"1\" data-slides-show-mobile=\"1\" data-slides-scroll=\"1\" data-autoplay=\"true\" data-pause-hover=\"true\" data-autoplay-speed=\"6000\" data-infinite=\"true\" data-animation-speed=\"800\" data-center-mode=\"false\" data-variable-width=\"false\" data-arrows=\"outside\" data-dots=\"outside\" data-spacing=\"none\"><div class=\"wp-block-getwid-images-slider__item\" style=\"height:600px\"><figure><img loading=\"lazy\" decoding=\"async\" width=\"1024\" height=\"768\" src=\"https:\/\/agora.xtec.cat\/cfaescolamartamata\/wp-content\/uploads\/usu840\/2026\/04\/Poble-Gitano-4-1024x768.jpg\" data-id=\"3761\" data-link=\"https:\/\/agora.xtec.cat\/cfaescolamartamata\/portada\/jornada-del-dia-internacional-del-poble-gitano\/attachment\/poble-gitano-4\/\" data-original-link=\"https:\/\/agora.xtec.cat\/cfaescolamartamata\/wp-content\/uploads\/usu840\/2026\/04\/Poble-Gitano-4-scaled.jpg\" class=\"wp-block-getwid-images-slider__image wp-image-3761\" srcset=\"https:\/\/agora.xtec.cat\/cfaescolamartamata\/wp-content\/uploads\/usu840\/2026\/04\/Poble-Gitano-4-1024x768.jpg 1024w, https:\/\/agora.xtec.cat\/cfaescolamartamata\/wp-content\/uploads\/usu840\/2026\/04\/Poble-Gitano-4-300x225.jpg 300w, https:\/\/agora.xtec.cat\/cfaescolamartamata\/wp-content\/uploads\/usu840\/2026\/04\/Poble-Gitano-4-768x576.jpg 768w, https:\/\/agora.xtec.cat\/cfaescolamartamata\/wp-content\/uploads\/usu840\/2026\/04\/Poble-Gitano-4-1536x1152.jpg 1536w, https:\/\/agora.xtec.cat\/cfaescolamartamata\/wp-content\/uploads\/usu840\/2026\/04\/Poble-Gitano-4-2048x1536.jpg 2048w\" sizes=\"auto, (max-width: 1024px) 100vw, 1024px\" \/><\/figure><\/div><div class=\"wp-block-getwid-images-slider__item\" style=\"height:600px\"><figure><img loading=\"lazy\" decoding=\"async\" width=\"1024\" height=\"768\" src=\"https:\/\/agora.xtec.cat\/cfaescolamartamata\/wp-content\/uploads\/usu840\/2026\/04\/Poble-Gitano-3-1024x768.jpg\" alt=\"Poble Gitano (3)\" data-id=\"3762\" data-link=\"https:\/\/agora.xtec.cat\/cfaescolamartamata\/portada\/jornada-del-dia-internacional-del-poble-gitano\/attachment\/poble-gitano-3\/\" data-original-link=\"https:\/\/agora.xtec.cat\/cfaescolamartamata\/wp-content\/uploads\/usu840\/2026\/04\/Poble-Gitano-3-scaled.jpg\" class=\"wp-block-getwid-images-slider__image wp-image-3762\" srcset=\"https:\/\/agora.xtec.cat\/cfaescolamartamata\/wp-content\/uploads\/usu840\/2026\/04\/Poble-Gitano-3-1024x768.jpg 1024w, https:\/\/agora.xtec.cat\/cfaescolamartamata\/wp-content\/uploads\/usu840\/2026\/04\/Poble-Gitano-3-300x225.jpg 300w, https:\/\/agora.xtec.cat\/cfaescolamartamata\/wp-content\/uploads\/usu840\/2026\/04\/Poble-Gitano-3-768x576.jpg 768w, https:\/\/agora.xtec.cat\/cfaescolamartamata\/wp-content\/uploads\/usu840\/2026\/04\/Poble-Gitano-3-1536x1152.jpg 1536w, https:\/\/agora.xtec.cat\/cfaescolamartamata\/wp-content\/uploads\/usu840\/2026\/04\/Poble-Gitano-3-2048x1536.jpg 2048w\" sizes=\"auto, (max-width: 1024px) 100vw, 1024px\" \/><\/figure><\/div><div class=\"wp-block-getwid-images-slider__item\" style=\"height:600px\"><figure><img loading=\"lazy\" decoding=\"async\" width=\"1020\" height=\"765\" src=\"https:\/\/agora.xtec.cat\/cfaescolamartamata\/wp-content\/uploads\/usu840\/2026\/04\/Poble-Gitano-13-1.jpg\" data-id=\"3771\" data-link=\"https:\/\/agora.xtec.cat\/cfaescolamartamata\/portada\/jornada-del-dia-internacional-del-poble-gitano\/attachment\/poble-gitano-13-2\/\" data-original-link=\"https:\/\/agora.xtec.cat\/cfaescolamartamata\/wp-content\/uploads\/usu840\/2026\/04\/Poble-Gitano-13-1.jpg\" class=\"wp-block-getwid-images-slider__image wp-image-3771\" srcset=\"https:\/\/agora.xtec.cat\/cfaescolamartamata\/wp-content\/uploads\/usu840\/2026\/04\/Poble-Gitano-13-1.jpg 1020w, https:\/\/agora.xtec.cat\/cfaescolamartamata\/wp-content\/uploads\/usu840\/2026\/04\/Poble-Gitano-13-1-300x225.jpg 300w, https:\/\/agora.xtec.cat\/cfaescolamartamata\/wp-content\/uploads\/usu840\/2026\/04\/Poble-Gitano-13-1-768x576.jpg 768w\" sizes=\"auto, (max-width: 1020px) 100vw, 1020px\" \/><\/figure><\/div><div class=\"wp-block-getwid-images-slider__item\" style=\"height:600px\"><figure><img loading=\"lazy\" decoding=\"async\" width=\"1020\" height=\"765\" src=\"https:\/\/agora.xtec.cat\/cfaescolamartamata\/wp-content\/uploads\/usu840\/2026\/04\/Poble-Gitano-10-1.jpg\" data-id=\"3769\" data-link=\"https:\/\/agora.xtec.cat\/cfaescolamartamata\/portada\/jornada-del-dia-internacional-del-poble-gitano\/attachment\/poble-gitano-10-4\/\" data-original-link=\"https:\/\/agora.xtec.cat\/cfaescolamartamata\/wp-content\/uploads\/usu840\/2026\/04\/Poble-Gitano-10-1.jpg\" class=\"wp-block-getwid-images-slider__image wp-image-3769\" srcset=\"https:\/\/agora.xtec.cat\/cfaescolamartamata\/wp-content\/uploads\/usu840\/2026\/04\/Poble-Gitano-10-1.jpg 1020w, https:\/\/agora.xtec.cat\/cfaescolamartamata\/wp-content\/uploads\/usu840\/2026\/04\/Poble-Gitano-10-1-300x225.jpg 300w, https:\/\/agora.xtec.cat\/cfaescolamartamata\/wp-content\/uploads\/usu840\/2026\/04\/Poble-Gitano-10-1-768x576.jpg 768w\" sizes=\"auto, (max-width: 1020px) 100vw, 1020px\" \/><\/figure><\/div><div class=\"wp-block-getwid-images-slider__item\" style=\"height:600px\"><figure><img loading=\"lazy\" decoding=\"async\" width=\"1024\" height=\"768\" src=\"https:\/\/agora.xtec.cat\/cfaescolamartamata\/wp-content\/uploads\/usu840\/2026\/04\/Poble-Gitano-18-1.jpg\" data-id=\"3773\" data-link=\"https:\/\/agora.xtec.cat\/cfaescolamartamata\/portada\/jornada-del-dia-internacional-del-poble-gitano\/attachment\/poble-gitano-18-2\/\" data-original-link=\"https:\/\/agora.xtec.cat\/cfaescolamartamata\/wp-content\/uploads\/usu840\/2026\/04\/Poble-Gitano-18-1.jpg\" class=\"wp-block-getwid-images-slider__image wp-image-3773\" srcset=\"https:\/\/agora.xtec.cat\/cfaescolamartamata\/wp-content\/uploads\/usu840\/2026\/04\/Poble-Gitano-18-1.jpg 1024w, https:\/\/agora.xtec.cat\/cfaescolamartamata\/wp-content\/uploads\/usu840\/2026\/04\/Poble-Gitano-18-1-300x225.jpg 300w, https:\/\/agora.xtec.cat\/cfaescolamartamata\/wp-content\/uploads\/usu840\/2026\/04\/Poble-Gitano-18-1-768x576.jpg 768w\" sizes=\"auto, (max-width: 1024px) 100vw, 1024px\" \/><\/figure><\/div><div class=\"wp-block-getwid-images-slider__item\" style=\"height:600px\"><figure><img loading=\"lazy\" decoding=\"async\" width=\"768\" height=\"1024\" src=\"https:\/\/agora.xtec.cat\/cfaescolamartamata\/wp-content\/uploads\/usu840\/2026\/04\/Poble-Gitano-2-768x1024.jpg\" data-id=\"3758\" data-link=\"https:\/\/agora.xtec.cat\/cfaescolamartamata\/portada\/jornada-del-dia-internacional-del-poble-gitano\/attachment\/poble-gitano-2\/\" data-original-link=\"https:\/\/agora.xtec.cat\/cfaescolamartamata\/wp-content\/uploads\/usu840\/2026\/04\/Poble-Gitano-2.jpg\" class=\"wp-block-getwid-images-slider__image wp-image-3758\" srcset=\"https:\/\/agora.xtec.cat\/cfaescolamartamata\/wp-content\/uploads\/usu840\/2026\/04\/Poble-Gitano-2-768x1024.jpg 768w, https:\/\/agora.xtec.cat\/cfaescolamartamata\/wp-content\/uploads\/usu840\/2026\/04\/Poble-Gitano-2-225x300.jpg 225w, https:\/\/agora.xtec.cat\/cfaescolamartamata\/wp-content\/uploads\/usu840\/2026\/04\/Poble-Gitano-2-1152x1536.jpg 1152w, https:\/\/agora.xtec.cat\/cfaescolamartamata\/wp-content\/uploads\/usu840\/2026\/04\/Poble-Gitano-2.jpg 1512w\" sizes=\"auto, (max-width: 768px) 100vw, 768px\" \/><\/figure><\/div><div class=\"wp-block-getwid-images-slider__item\" style=\"height:600px\"><figure><img loading=\"lazy\" decoding=\"async\" width=\"768\" height=\"1024\" src=\"https:\/\/agora.xtec.cat\/cfaescolamartamata\/wp-content\/uploads\/usu840\/2026\/04\/Poble-Gitano-1-768x1024.jpg\" data-id=\"3759\" data-link=\"https:\/\/agora.xtec.cat\/cfaescolamartamata\/portada\/jornada-del-dia-internacional-del-poble-gitano\/attachment\/poble-gitano-1\/\" data-original-link=\"https:\/\/agora.xtec.cat\/cfaescolamartamata\/wp-content\/uploads\/usu840\/2026\/04\/Poble-Gitano-1-scaled.jpg\" class=\"wp-block-getwid-images-slider__image wp-image-3759\" srcset=\"https:\/\/agora.xtec.cat\/cfaescolamartamata\/wp-content\/uploads\/usu840\/2026\/04\/Poble-Gitano-1-768x1024.jpg 768w, https:\/\/agora.xtec.cat\/cfaescolamartamata\/wp-content\/uploads\/usu840\/2026\/04\/Poble-Gitano-1-225x300.jpg 225w, https:\/\/agora.xtec.cat\/cfaescolamartamata\/wp-content\/uploads\/usu840\/2026\/04\/Poble-Gitano-1-1152x1536.jpg 1152w, https:\/\/agora.xtec.cat\/cfaescolamartamata\/wp-content\/uploads\/usu840\/2026\/04\/Poble-Gitano-1-1536x2048.jpg 1536w, https:\/\/agora.xtec.cat\/cfaescolamartamata\/wp-content\/uploads\/usu840\/2026\/04\/Poble-Gitano-1-scaled.jpg 1920w\" sizes=\"auto, (max-width: 768px) 100vw, 768px\" \/><\/figure><\/div><div class=\"wp-block-getwid-images-slider__item\" style=\"height:600px\"><figure><img loading=\"lazy\" decoding=\"async\" width=\"768\" height=\"1024\" src=\"https:\/\/agora.xtec.cat\/cfaescolamartamata\/wp-content\/uploads\/usu840\/2026\/04\/Poble-Gitano-9-1-768x1024.jpg\" data-id=\"3767\" data-link=\"https:\/\/agora.xtec.cat\/cfaescolamartamata\/portada\/jornada-del-dia-internacional-del-poble-gitano\/attachment\/poble-gitano-9-2\/\" data-original-link=\"https:\/\/agora.xtec.cat\/cfaescolamartamata\/wp-content\/uploads\/usu840\/2026\/04\/Poble-Gitano-9-1-scaled.jpg\" class=\"wp-block-getwid-images-slider__image wp-image-3767\" srcset=\"https:\/\/agora.xtec.cat\/cfaescolamartamata\/wp-content\/uploads\/usu840\/2026\/04\/Poble-Gitano-9-1-768x1024.jpg 768w, https:\/\/agora.xtec.cat\/cfaescolamartamata\/wp-content\/uploads\/usu840\/2026\/04\/Poble-Gitano-9-1-225x300.jpg 225w, https:\/\/agora.xtec.cat\/cfaescolamartamata\/wp-content\/uploads\/usu840\/2026\/04\/Poble-Gitano-9-1-1152x1536.jpg 1152w, https:\/\/agora.xtec.cat\/cfaescolamartamata\/wp-content\/uploads\/usu840\/2026\/04\/Poble-Gitano-9-1-1536x2048.jpg 1536w, https:\/\/agora.xtec.cat\/cfaescolamartamata\/wp-content\/uploads\/usu840\/2026\/04\/Poble-Gitano-9-1-scaled.jpg 1920w\" sizes=\"auto, (max-width: 768px) 100vw, 768px\" \/><\/figure><\/div><div class=\"wp-block-getwid-images-slider__item\" style=\"height:600px\"><figure><img loading=\"lazy\" decoding=\"async\" width=\"768\" height=\"1024\" src=\"https:\/\/agora.xtec.cat\/cfaescolamartamata\/wp-content\/uploads\/usu840\/2026\/04\/Poble-Gitano-7-768x1024.jpg\" data-id=\"3765\" data-link=\"https:\/\/agora.xtec.cat\/cfaescolamartamata\/portada\/jornada-del-dia-internacional-del-poble-gitano\/attachment\/poble-gitano-7-3\/\" data-original-link=\"https:\/\/agora.xtec.cat\/cfaescolamartamata\/wp-content\/uploads\/usu840\/2026\/04\/Poble-Gitano-7-scaled.jpg\" class=\"wp-block-getwid-images-slider__image wp-image-3765\" srcset=\"https:\/\/agora.xtec.cat\/cfaescolamartamata\/wp-content\/uploads\/usu840\/2026\/04\/Poble-Gitano-7-768x1024.jpg 768w, https:\/\/agora.xtec.cat\/cfaescolamartamata\/wp-content\/uploads\/usu840\/2026\/04\/Poble-Gitano-7-225x300.jpg 225w, https:\/\/agora.xtec.cat\/cfaescolamartamata\/wp-content\/uploads\/usu840\/2026\/04\/Poble-Gitano-7-1152x1536.jpg 1152w, https:\/\/agora.xtec.cat\/cfaescolamartamata\/wp-content\/uploads\/usu840\/2026\/04\/Poble-Gitano-7-1536x2048.jpg 1536w, https:\/\/agora.xtec.cat\/cfaescolamartamata\/wp-content\/uploads\/usu840\/2026\/04\/Poble-Gitano-7-scaled.jpg 1920w\" sizes=\"auto, (max-width: 768px) 100vw, 768px\" \/><\/figure><\/div><div class=\"wp-block-getwid-images-slider__item\" style=\"height:600px\"><figure><img loading=\"lazy\" decoding=\"async\" width=\"768\" height=\"1024\" src=\"https:\/\/agora.xtec.cat\/cfaescolamartamata\/wp-content\/uploads\/usu840\/2026\/04\/Poble-Gitano-11-1.jpeg\" data-id=\"3770\" data-link=\"https:\/\/agora.xtec.cat\/cfaescolamartamata\/portada\/jornada-del-dia-internacional-del-poble-gitano\/attachment\/poble-gitano-11-2\/\" data-original-link=\"https:\/\/agora.xtec.cat\/cfaescolamartamata\/wp-content\/uploads\/usu840\/2026\/04\/Poble-Gitano-11-1.jpeg\" class=\"wp-block-getwid-images-slider__image wp-image-3770\" srcset=\"https:\/\/agora.xtec.cat\/cfaescolamartamata\/wp-content\/uploads\/usu840\/2026\/04\/Poble-Gitano-11-1.jpeg 768w, https:\/\/agora.xtec.cat\/cfaescolamartamata\/wp-content\/uploads\/usu840\/2026\/04\/Poble-Gitano-11-1-225x300.jpeg 225w\" sizes=\"auto, (max-width: 768px) 100vw, 768px\" \/><\/figure><\/div><div class=\"wp-block-getwid-images-slider__item\" style=\"height:600px\"><figure><img loading=\"lazy\" decoding=\"async\" width=\"768\" height=\"1024\" src=\"https:\/\/agora.xtec.cat\/cfaescolamartamata\/wp-content\/uploads\/usu840\/2026\/04\/Poble-Gitano-10-1.jpeg\" data-id=\"3768\" data-link=\"https:\/\/agora.xtec.cat\/cfaescolamartamata\/portada\/jornada-del-dia-internacional-del-poble-gitano\/attachment\/poble-gitano-10-3\/\" data-original-link=\"https:\/\/agora.xtec.cat\/cfaescolamartamata\/wp-content\/uploads\/usu840\/2026\/04\/Poble-Gitano-10-1.jpeg\" class=\"wp-block-getwid-images-slider__image wp-image-3768\" srcset=\"https:\/\/agora.xtec.cat\/cfaescolamartamata\/wp-content\/uploads\/usu840\/2026\/04\/Poble-Gitano-10-1.jpeg 768w, https:\/\/agora.xtec.cat\/cfaescolamartamata\/wp-content\/uploads\/usu840\/2026\/04\/Poble-Gitano-10-1-225x300.jpeg 225w\" sizes=\"auto, (max-width: 768px) 100vw, 768px\" \/><\/figure><\/div><div class=\"wp-block-getwid-images-slider__item\" style=\"height:600px\"><figure><img loading=\"lazy\" decoding=\"async\" width=\"768\" height=\"1024\" src=\"https:\/\/agora.xtec.cat\/cfaescolamartamata\/wp-content\/uploads\/usu840\/2026\/04\/Poble-Gitano-8-768x1024.jpg\" data-id=\"3766\" data-link=\"https:\/\/agora.xtec.cat\/cfaescolamartamata\/portada\/jornada-del-dia-internacional-del-poble-gitano\/attachment\/poble-gitano-8\/\" data-original-link=\"https:\/\/agora.xtec.cat\/cfaescolamartamata\/wp-content\/uploads\/usu840\/2026\/04\/Poble-Gitano-8-scaled.jpg\" class=\"wp-block-getwid-images-slider__image wp-image-3766\" srcset=\"https:\/\/agora.xtec.cat\/cfaescolamartamata\/wp-content\/uploads\/usu840\/2026\/04\/Poble-Gitano-8-768x1024.jpg 768w, https:\/\/agora.xtec.cat\/cfaescolamartamata\/wp-content\/uploads\/usu840\/2026\/04\/Poble-Gitano-8-225x300.jpg 225w, https:\/\/agora.xtec.cat\/cfaescolamartamata\/wp-content\/uploads\/usu840\/2026\/04\/Poble-Gitano-8-1152x1536.jpg 1152w, https:\/\/agora.xtec.cat\/cfaescolamartamata\/wp-content\/uploads\/usu840\/2026\/04\/Poble-Gitano-8-1536x2048.jpg 1536w, https:\/\/agora.xtec.cat\/cfaescolamartamata\/wp-content\/uploads\/usu840\/2026\/04\/Poble-Gitano-8-scaled.jpg 1920w\" sizes=\"auto, (max-width: 768px) 100vw, 768px\" \/><\/figure><\/div><div class=\"wp-block-getwid-images-slider__item\" style=\"height:600px\"><figure><img loading=\"lazy\" decoding=\"async\" width=\"768\" height=\"1024\" src=\"https:\/\/agora.xtec.cat\/cfaescolamartamata\/wp-content\/uploads\/usu840\/2026\/04\/Poble-Gitano-5-768x1024.jpg\" data-id=\"3760\" data-link=\"https:\/\/agora.xtec.cat\/cfaescolamartamata\/portada\/jornada-del-dia-internacional-del-poble-gitano\/attachment\/poble-gitano-5\/\" data-original-link=\"https:\/\/agora.xtec.cat\/cfaescolamartamata\/wp-content\/uploads\/usu840\/2026\/04\/Poble-Gitano-5-scaled.jpg\" class=\"wp-block-getwid-images-slider__image wp-image-3760\" srcset=\"https:\/\/agora.xtec.cat\/cfaescolamartamata\/wp-content\/uploads\/usu840\/2026\/04\/Poble-Gitano-5-768x1024.jpg 768w, https:\/\/agora.xtec.cat\/cfaescolamartamata\/wp-content\/uploads\/usu840\/2026\/04\/Poble-Gitano-5-225x300.jpg 225w, https:\/\/agora.xtec.cat\/cfaescolamartamata\/wp-content\/uploads\/usu840\/2026\/04\/Poble-Gitano-5-1152x1536.jpg 1152w, https:\/\/agora.xtec.cat\/cfaescolamartamata\/wp-content\/uploads\/usu840\/2026\/04\/Poble-Gitano-5-1536x2048.jpg 1536w, https:\/\/agora.xtec.cat\/cfaescolamartamata\/wp-content\/uploads\/usu840\/2026\/04\/Poble-Gitano-5-scaled.jpg 1920w\" sizes=\"auto, (max-width: 768px) 100vw, 768px\" \/><\/figure><\/div><div class=\"wp-block-getwid-images-slider__item\" style=\"height:600px\"><figure><img loading=\"lazy\" decoding=\"async\" width=\"768\" height=\"1024\" src=\"https:\/\/agora.xtec.cat\/cfaescolamartamata\/wp-content\/uploads\/usu840\/2026\/04\/Poble-Gitano-6-768x1024.jpg\" data-id=\"3763\" data-link=\"https:\/\/agora.xtec.cat\/cfaescolamartamata\/portada\/jornada-del-dia-internacional-del-poble-gitano\/attachment\/poble-gitano-6\/\" data-original-link=\"https:\/\/agora.xtec.cat\/cfaescolamartamata\/wp-content\/uploads\/usu840\/2026\/04\/Poble-Gitano-6-scaled.jpg\" class=\"wp-block-getwid-images-slider__image wp-image-3763\" srcset=\"https:\/\/agora.xtec.cat\/cfaescolamartamata\/wp-content\/uploads\/usu840\/2026\/04\/Poble-Gitano-6-768x1024.jpg 768w, https:\/\/agora.xtec.cat\/cfaescolamartamata\/wp-content\/uploads\/usu840\/2026\/04\/Poble-Gitano-6-225x300.jpg 225w, https:\/\/agora.xtec.cat\/cfaescolamartamata\/wp-content\/uploads\/usu840\/2026\/04\/Poble-Gitano-6-1152x1536.jpg 1152w, https:\/\/agora.xtec.cat\/cfaescolamartamata\/wp-content\/uploads\/usu840\/2026\/04\/Poble-Gitano-6-1536x2048.jpg 1536w, https:\/\/agora.xtec.cat\/cfaescolamartamata\/wp-content\/uploads\/usu840\/2026\/04\/Poble-Gitano-6-scaled.jpg 1920w\" sizes=\"auto, (max-width: 768px) 100vw, 768px\" \/><\/figure><\/div><\/div><\/div>\n\n\n\n<p><\/p>\n","protected":false},"excerpt":{"rendered":"<p>El dimecres 8 d\u2019abril, es va celebrar una jornada per commemorar el sis-cents aniversari de l\u2019arribada del poble gitano a Catalunya. &nbsp; Es van reproduir v\u00eddeos sobre la hist\u00f2ria i viv\u00e8ncies del poble gitano arreu d&#8217;Europa, un mural explicatiu i un berenar multicultural.<\/p>\n","protected":false},"author":3,"featured_media":3762,"comment_status":"open","ping_status":"open","sticky":false,"template":"","format":"standard","meta":{"_bbp_topic_count":0,"_bbp_reply_count":0,"_bbp_total_topic_count":0,"_bbp_total_reply_count":0,"_bbp_voice_count":0,"_bbp_anonymous_reply_count":0,"_bbp_topic_count_hidden":0,"_bbp_reply_count_hidden":0,"_bbp_forum_subforum_count":0,"site-sidebar-layout":"default","site-content-layout":"","ast-site-content-layout":"default","site-content-style":"default","site-sidebar-style":"default","ast-global-header-display":"","ast-banner-title-visibility":"","ast-main-header-display":"","ast-hfb-above-header-display":"","ast-hfb-below-header-display":"","ast-hfb-mobile-header-display":"","site-post-title":"","ast-breadcrumbs-content":"","ast-featured-img":"","footer-sml-layout":"","theme-transparent-header-meta":"","adv-header-id-meta":"","stick-header-meta":"","header-above-stick-meta":"","header-main-stick-meta":"","header-below-stick-meta":"","astra-migrate-meta-layouts":"set","ast-page-background-enabled":"default","ast-page-background-meta":{"desktop":{"background-color":"var(--ast-global-color-4)","background-image":"","background-repeat":"repeat","background-position":"center center","background-size":"auto","background-attachment":"scroll","background-type":"","background-media":"","overlay-type":"","overlay-color":"","overlay-opacity":"","overlay-gradient":""},"tablet":{"background-color":"","background-image":"","background-repeat":"repeat","background-position":"center center","background-size":"auto","background-attachment":"scroll","background-type":"","background-media":"","overlay-type":"","overlay-color":"","overlay-opacity":"","overlay-gradient":""},"mobile":{"background-color":"","background-image":"","background-repeat":"repeat","background-position":"center center","background-size":"auto","background-attachment":"scroll","background-type":"","background-media":"","overlay-type":"","overlay-color":"","overlay-opacity":"","overlay-gradient":""}},"ast-content-background-meta":{"desktop":{"background-color":"var(--ast-global-color-5)","background-image":"","background-repeat":"repeat","background-position":"center center","background-size":"auto","background-attachment":"scroll","background-type":"","background-media":"","overlay-type":"","overlay-color":"","overlay-opacity":"","overlay-gradient":""},"tablet":{"background-color":"var(--ast-global-color-5)","background-image":"","background-repeat":"repeat","background-position":"center center","background-size":"auto","background-attachment":"scroll","background-type":"","background-media":"","overlay-type":"","overlay-color":"","overlay-opacity":"","overlay-gradient":""},"mobile":{"background-color":"var(--ast-global-color-5)","background-image":"","background-repeat":"repeat","background-position":"center center","background-size":"auto","background-attachment":"scroll","background-type":"","background-media":"","overlay-type":"","overlay-color":"","overlay-opacity":"","overlay-gradient":""}},"footnotes":""},"categories":[29,88],"tags":[],"class_list":["post-3749","post","type-post","status-publish","format-standard","has-post-thumbnail","hentry","category-portada","category-xerrades"],"post_mailing_queue_ids":[],"_links":{"self":[{"href":"https:\/\/agora.xtec.cat\/cfaescolamartamata\/wp-json\/wp\/v2\/posts\/3749","targetHints":{"allow":["GET"]}}],"collection":[{"href":"https:\/\/agora.xtec.cat\/cfaescolamartamata\/wp-json\/wp\/v2\/posts"}],"about":[{"href":"https:\/\/agora.xtec.cat\/cfaescolamartamata\/wp-json\/wp\/v2\/types\/post"}],"author":[{"embeddable":true,"href":"https:\/\/agora.xtec.cat\/cfaescolamartamata\/wp-json\/wp\/v2\/users\/3"}],"replies":[{"embeddable":true,"href":"https:\/\/agora.xtec.cat\/cfaescolamartamata\/wp-json\/wp\/v2\/comments?post=3749"}],"version-history":[{"count":5,"href":"https:\/\/agora.xtec.cat\/cfaescolamartamata\/wp-json\/wp\/v2\/posts\/3749\/revisions"}],"predecessor-version":[{"id":3784,"href":"https:\/\/agora.xtec.cat\/cfaescolamartamata\/wp-json\/wp\/v2\/posts\/3749\/revisions\/3784"}],"wp:featuredmedia":[{"embeddable":true,"href":"https:\/\/agora.xtec.cat\/cfaescolamartamata\/wp-json\/wp\/v2\/media\/3762"}],"wp:attachment":[{"href":"https:\/\/agora.xtec.cat\/cfaescolamartamata\/wp-json\/wp\/v2\/media?parent=3749"}],"wp:term":[{"taxonomy":"category","embeddable":true,"href":"https:\/\/agora.xtec.cat\/cfaescolamartamata\/wp-json\/wp\/v2\/categories?post=3749"},{"taxonomy":"post_tag","embeddable":true,"href":"https:\/\/agora.xtec.cat\/cfaescolamartamata\/wp-json\/wp\/v2\/tags?post=3749"}],"curies":[{"name":"wp","href":"https:\/\/api.w.org\/{rel}","templated":true}]}}