{"id":3741,"date":"2026-04-07T18:44:37","date_gmt":"2026-04-07T16:44:37","guid":{"rendered":"https:\/\/agora.xtec.cat\/cfaescolamartamata\/?p=3741"},"modified":"2026-04-07T18:57:56","modified_gmt":"2026-04-07T16:57:56","slug":"jornada-del-dia-internacional-del-poble-gitano","status":"publish","type":"post","link":"https:\/\/agora.xtec.cat\/cfaescolamartamata\/portada\/jornada-del-dia-internacional-del-poble-gitano\/","title":{"rendered":"Jornada del Dia Internacional del Poble Gitano"},"content":{"rendered":"\n<p>El dimecres 8 d\u2019abril, al CFA Marta Mata, celebrarem una jornada per commemorar el sis-cents aniversari de l\u2019arribada del poble gitano a Catalunya. Aquesta trobada ser\u00e0 tamb\u00e9 una oportunitat per al\u00e7ar la veu contra el racisme i reivindicar el respecte i la igualtat cap als col\u00b7lectius m\u00e9s vulnerables.<\/p>\n\n\n\n<figure class=\"wp-block-image aligncenter size-large\"><a href=\"https:\/\/agora.xtec.cat\/cfaescolamartamata\/wp-content\/uploads\/usu840\/2026\/04\/8-dabril.jpg\"><img loading=\"lazy\" decoding=\"async\" width=\"726\" height=\"1024\" src=\"https:\/\/agora.xtec.cat\/cfaescolamartamata\/wp-content\/uploads\/usu840\/2026\/04\/8-dabril-726x1024.jpg\" alt=\"Dia del Poble Gitano\" class=\"wp-image-3742\" srcset=\"https:\/\/agora.xtec.cat\/cfaescolamartamata\/wp-content\/uploads\/usu840\/2026\/04\/8-dabril-726x1024.jpg 726w, https:\/\/agora.xtec.cat\/cfaescolamartamata\/wp-content\/uploads\/usu840\/2026\/04\/8-dabril-213x300.jpg 213w, https:\/\/agora.xtec.cat\/cfaescolamartamata\/wp-content\/uploads\/usu840\/2026\/04\/8-dabril-768x1083.jpg 768w, https:\/\/agora.xtec.cat\/cfaescolamartamata\/wp-content\/uploads\/usu840\/2026\/04\/8-dabril-1090x1536.jpg 1090w, https:\/\/agora.xtec.cat\/cfaescolamartamata\/wp-content\/uploads\/usu840\/2026\/04\/8-dabril.jpg 1240w\" sizes=\"auto, (max-width: 726px) 100vw, 726px\" \/><\/a><\/figure>\n","protected":false},"excerpt":{"rendered":"<p>El dimecres 8 d\u2019abril, al CFA Marta Mata, celebrarem una jornada per commemorar el sis-cents aniversari de l\u2019arribada del poble gitano a Catalunya. Aquesta trobada ser\u00e0 tamb\u00e9 una oportunitat per al\u00e7ar la veu contra el racisme i reivindicar el respecte i la igualtat cap als col\u00b7lectius m\u00e9s vulnerables.<\/p>\n","protected":false},"author":3,"featured_media":3742,"comment_status":"open","ping_status":"open","sticky":false,"template":"","format":"standard","meta":{"_bbp_topic_count":0,"_bbp_reply_count":0,"_bbp_total_topic_count":0,"_bbp_total_reply_count":0,"_bbp_voice_count":0,"_bbp_anonymous_reply_count":0,"_bbp_topic_count_hidden":0,"_bbp_reply_count_hidden":0,"_bbp_forum_subforum_count":0,"site-sidebar-layout":"default","site-content-layout":"","ast-site-content-layout":"default","site-content-style":"default","site-sidebar-style":"default","ast-global-header-display":"","ast-banner-title-visibility":"","ast-main-header-display":"","ast-hfb-above-header-display":"","ast-hfb-below-header-display":"","ast-hfb-mobile-header-display":"","site-post-title":"","ast-breadcrumbs-content":"","ast-featured-img":"","footer-sml-layout":"","theme-transparent-header-meta":"","adv-header-id-meta":"","stick-header-meta":"","header-above-stick-meta":"","header-main-stick-meta":"","header-below-stick-meta":"","astra-migrate-meta-layouts":"set","ast-page-background-enabled":"default","ast-page-background-meta":{"desktop":{"background-color":"var(--ast-global-color-4)","background-image":"","background-repeat":"repeat","background-position":"center center","background-size":"auto","background-attachment":"scroll","background-type":"","background-media":"","overlay-type":"","overlay-color":"","overlay-opacity":"","overlay-gradient":""},"tablet":{"background-color":"","background-image":"","background-repeat":"repeat","background-position":"center center","background-size":"auto","background-attachment":"scroll","background-type":"","background-media":"","overlay-type":"","overlay-color":"","overlay-opacity":"","overlay-gradient":""},"mobile":{"background-color":"","background-image":"","background-repeat":"repeat","background-position":"center center","background-size":"auto","background-attachment":"scroll","background-type":"","background-media":"","overlay-type":"","overlay-color":"","overlay-opacity":"","overlay-gradient":""}},"ast-content-background-meta":{"desktop":{"background-color":"var(--ast-global-color-5)","background-image":"","background-repeat":"repeat","background-position":"center center","background-size":"auto","background-attachment":"scroll","background-type":"","background-media":"","overlay-type":"","overlay-color":"","overlay-opacity":"","overlay-gradient":""},"tablet":{"background-color":"var(--ast-global-color-5)","background-image":"","background-repeat":"repeat","background-position":"center center","background-size":"auto","background-attachment":"scroll","background-type":"","background-media":"","overlay-type":"","overlay-color":"","overlay-opacity":"","overlay-gradient":""},"mobile":{"background-color":"var(--ast-global-color-5)","background-image":"","background-repeat":"repeat","background-position":"center center","background-size":"auto","background-attachment":"scroll","background-type":"","background-media":"","overlay-type":"","overlay-color":"","overlay-opacity":"","overlay-gradient":""}},"footnotes":""},"categories":[29,88],"tags":[],"class_list":["post-3741","post","type-post","status-publish","format-standard","has-post-thumbnail","hentry","category-portada","category-xerrades"],"post_mailing_queue_ids":[],"_links":{"self":[{"href":"https:\/\/agora.xtec.cat\/cfaescolamartamata\/wp-json\/wp\/v2\/posts\/3741","targetHints":{"allow":["GET"]}}],"collection":[{"href":"https:\/\/agora.xtec.cat\/cfaescolamartamata\/wp-json\/wp\/v2\/posts"}],"about":[{"href":"https:\/\/agora.xtec.cat\/cfaescolamartamata\/wp-json\/wp\/v2\/types\/post"}],"author":[{"embeddable":true,"href":"https:\/\/agora.xtec.cat\/cfaescolamartamata\/wp-json\/wp\/v2\/users\/3"}],"replies":[{"embeddable":true,"href":"https:\/\/agora.xtec.cat\/cfaescolamartamata\/wp-json\/wp\/v2\/comments?post=3741"}],"version-history":[{"count":2,"href":"https:\/\/agora.xtec.cat\/cfaescolamartamata\/wp-json\/wp\/v2\/posts\/3741\/revisions"}],"predecessor-version":[{"id":3744,"href":"https:\/\/agora.xtec.cat\/cfaescolamartamata\/wp-json\/wp\/v2\/posts\/3741\/revisions\/3744"}],"wp:featuredmedia":[{"embeddable":true,"href":"https:\/\/agora.xtec.cat\/cfaescolamartamata\/wp-json\/wp\/v2\/media\/3742"}],"wp:attachment":[{"href":"https:\/\/agora.xtec.cat\/cfaescolamartamata\/wp-json\/wp\/v2\/media?parent=3741"}],"wp:term":[{"taxonomy":"category","embeddable":true,"href":"https:\/\/agora.xtec.cat\/cfaescolamartamata\/wp-json\/wp\/v2\/categories?post=3741"},{"taxonomy":"post_tag","embeddable":true,"href":"https:\/\/agora.xtec.cat\/cfaescolamartamata\/wp-json\/wp\/v2\/tags?post=3741"}],"curies":[{"name":"wp","href":"https:\/\/api.w.org\/{rel}","templated":true}]}}