{"id":4357,"date":"2025-07-15T22:01:57","date_gmt":"2025-07-15T20:01:57","guid":{"rendered":"https:\/\/agora.xtec.cat\/cfaegara\/?p=4357"},"modified":"2025-07-18T09:14:36","modified_gmt":"2025-07-18T07:14:36","slug":"consulta-de-les-llistes-de-preinscripcio-curs-2025-2026","status":"publish","type":"post","link":"https:\/\/agora.xtec.cat\/cfaegara\/portada\/consulta-de-les-llistes-de-preinscripcio-curs-2025-2026\/","title":{"rendered":"Consulta de les llistes de preinscripci\u00f3 curs 2025-2026"},"content":{"rendered":"<p><span class=\"ms-rteStyle-Accent1\"><strong>Publicaci\u00f3 de la llista de sol\u00b7licituds amb la puntuaci\u00f3 despr\u00e9s de les reclamacions<\/strong><\/span><\/p>\n<p>En aquest llistat surten les sol\u00b7licituds de preinscripci\u00f3 al centre amb la puntuaci\u00f3 despr\u00e9s de les reclamacions, segons la data establerta, en la resoluci\u00f3. En aquesta publicaci\u00f3, apareixen les mateixes dades que en el llistat de baremaci\u00f3 provisional per\u00f2 canviant l\u2019ordenaci\u00f3, que ara es fa per el barem i n\u00famero de desempat.<\/p>\n<p><a href=\"https:\/\/drive.google.com\/file\/d\/1ZGo2lLgJyvLNHZ2HsAaKTCh4OGAXWsMs\/view?usp=drive_link\">Difusi\u00f3 de baremaci\u00f3 definitiva<\/a><\/p>\n<hr \/>\n<p><strong style=\"font-family: inherit; font-size: 1em;\">Publicaci\u00f3 de la relaci\u00f3 d\u2019alumnes assignats al centre: 16 de juliol<\/strong><\/p>\n<p>En aquest llistat surten els alumnes assignats al centre amb indicaci\u00f3 del centre de primera petici\u00f3 \u2013 on van presentar la sol\u00b7licitud de preinscripci\u00f3-, agrupats per ensenyament i nivell i ordenats per cognoms i nom.<\/p>\n<p><a class=\"rutamenu\" href=\"https:\/\/drive.google.com\/file\/d\/1Vth7NzfypefxJccGjK7Gy5O-AzY05EKm\/view?usp=sharing\">Relaci\u00f3 d&#8217;alumnes assignats al centre<\/a><\/p>\n<div>\n<p><span class=\"ms-rteStyle-Accent1\"> <strong>\u200b<\/strong><\/span><span class=\"ms-rteStyle-Accent1\"><strong>Publicaci\u00f3 de la llista d&#8217;espera: 16 de juliol<br \/>\n<\/strong><\/span><\/p>\n<p>En aquest llistat surten, agrupades per ensenyament i nivell i ordenades per puntuaci\u00f3 de barem i n\u00famero de desempat, totes les peticions de l&#8217;alumnat que han demanat el centre en primera petici\u00f3 i que tenen ordre de prefer\u00e8ncia 1, agrupats per ensenyament i nivell i ordenats per cognoms i nom, que no s\u2019han assignat per falta de vacants. Per cada oferta que no ha estat assignat en alguna de les peticions.\u00a0\u200b\u200b<\/p>\n<p><a href=\"https:\/\/drive.google.com\/file\/d\/1Q_Wsib4XacAGczNV8Q46A8oZeFP61SJ1\/view?usp=sharing\">Difusi\u00f3 de la llista d&#8217;espera<\/a><\/p>\n<\/div>\n<hr \/>\n<p><strong>Matr\u00edcula: del 2 al 9 de setembre de 2025<\/strong><\/p>\n<p>Ens podeu trucar al 937 857 640 a partir del 1 de setembre per sol\u00b7licitar cita pr\u00e8via per acabar de formalitzar la matr\u00edcula.<\/p>\n<p>En cas de no haver fet la preinscripci\u00f3 al juny anirem adjudicant les places vacants a mesura que ens aneu trucant a partir del 2 de setembre.<\/p>\n<hr \/>\n<p><strong>Inici de curs<\/strong><\/p>\n<p>El curs comen\u00e7a el 22 de setembre de 2025.<\/p>\n<h4><\/h4>\n","protected":false},"excerpt":{"rendered":"<p>Publicaci\u00f3 de la llista de sol\u00b7licituds amb la puntuaci\u00f3 despr\u00e9s de les reclamacions<br \/>\nEn aquest llistat surten les sol\u00b7licituds de preinscripci\u00f3 al centre amb la puntuaci\u00f3 despr\u00e9s de les reclamacions, segons la data establerta, en la resoluci\u00f3. En aquesta publicaci\u00f3, apareixen les mateixes dades que en&hellip;  <a href=\"https:\/\/agora.xtec.cat\/cfaegara\/portada\/consulta-de-les-llistes-de-preinscripcio-curs-2025-2026\/\" title=\"Read Consulta de les llistes de preinscripci\u00f3 curs 2025-2026\">Llegeix m\u00e9s\u00bb<\/a><\/p>\n","protected":false},"author":3,"featured_media":4358,"comment_status":"open","ping_status":"open","sticky":false,"template":"","format":"standard","meta":{"_bbp_topic_count":0,"_bbp_reply_count":0,"_bbp_total_topic_count":0,"_bbp_total_reply_count":0,"_bbp_voice_count":0,"_bbp_anonymous_reply_count":0,"_bbp_topic_count_hidden":0,"_bbp_reply_count_hidden":0,"_bbp_forum_subforum_count":0,"footnotes":""},"categories":[29],"tags":[],"class_list":["post-4357","post","type-post","status-publish","format-standard","has-post-thumbnail","hentry","category-portada"],"post_mailing_queue_ids":[],"_links":{"self":[{"href":"https:\/\/agora.xtec.cat\/cfaegara\/wp-json\/wp\/v2\/posts\/4357","targetHints":{"allow":["GET"]}}],"collection":[{"href":"https:\/\/agora.xtec.cat\/cfaegara\/wp-json\/wp\/v2\/posts"}],"about":[{"href":"https:\/\/agora.xtec.cat\/cfaegara\/wp-json\/wp\/v2\/types\/post"}],"author":[{"embeddable":true,"href":"https:\/\/agora.xtec.cat\/cfaegara\/wp-json\/wp\/v2\/users\/3"}],"replies":[{"embeddable":true,"href":"https:\/\/agora.xtec.cat\/cfaegara\/wp-json\/wp\/v2\/comments?post=4357"}],"version-history":[{"count":6,"href":"https:\/\/agora.xtec.cat\/cfaegara\/wp-json\/wp\/v2\/posts\/4357\/revisions"}],"predecessor-version":[{"id":4377,"href":"https:\/\/agora.xtec.cat\/cfaegara\/wp-json\/wp\/v2\/posts\/4357\/revisions\/4377"}],"wp:featuredmedia":[{"embeddable":true,"href":"https:\/\/agora.xtec.cat\/cfaegara\/wp-json\/wp\/v2\/media\/4358"}],"wp:attachment":[{"href":"https:\/\/agora.xtec.cat\/cfaegara\/wp-json\/wp\/v2\/media?parent=4357"}],"wp:term":[{"taxonomy":"category","embeddable":true,"href":"https:\/\/agora.xtec.cat\/cfaegara\/wp-json\/wp\/v2\/categories?post=4357"},{"taxonomy":"post_tag","embeddable":true,"href":"https:\/\/agora.xtec.cat\/cfaegara\/wp-json\/wp\/v2\/tags?post=4357"}],"curies":[{"name":"wp","href":"https:\/\/api.w.org\/{rel}","templated":true}]}}