{"id":3776,"date":"2022-05-02T16:51:34","date_gmt":"2022-05-02T14:51:34","guid":{"rendered":"https:\/\/agora.xtec.cat\/cfaegara\/?p=3776"},"modified":"2022-05-02T16:53:12","modified_gmt":"2022-05-02T14:53:12","slug":"el-cfa-egara-llegeix","status":"publish","type":"post","link":"https:\/\/agora.xtec.cat\/cfaegara\/general\/el-cfa-egara-llegeix\/","title":{"rendered":"EL CFA EGARA LLEGEIX"},"content":{"rendered":"<p>El passat 26 d&#8217;abril,\u00a0 dins del cicle &#8220;Terrassa llegeix..&#8221; , programat per la BCT Xarxa, va tenir lloc a la Biblioteca Districte 6 una trobada dels nostres alumnes de Catal\u00e0 i de G2 amb dues autores del recull de relats <em>La cervesa de la Highsmith: <\/em>la Raquel G\u00e1mez i la Susana Hern\u00e1ndez. Va introduir l&#8217;acte la directora de la BD6, Montserrat de la Torre, i dos alumnes de G2, el Daniel Ruiz i la Louda Partido, van fer una breu presentaci\u00f3 de les dues escriptores.<\/p>\n<p><a href=\"https:\/\/agora.xtec.cat\/cfaegara\/wp-content\/uploads\/usu1042\/2022\/04\/IMG-20220427-WA0009-1.jpg\"><img loading=\"lazy\" decoding=\"async\" class=\"alignnone wp-image-3782\" src=\"https:\/\/agora.xtec.cat\/cfaegara\/wp-content\/uploads\/usu1042\/2022\/04\/IMG-20220427-WA0009-1-1024x768.jpg\" alt=\"\" width=\"299\" height=\"225\" srcset=\"https:\/\/agora.xtec.cat\/cfaegara\/wp-content\/uploads\/usu1042\/2022\/04\/IMG-20220427-WA0009-1-1024x768.jpg 1024w, https:\/\/agora.xtec.cat\/cfaegara\/wp-content\/uploads\/usu1042\/2022\/04\/IMG-20220427-WA0009-1-300x225.jpg 300w, https:\/\/agora.xtec.cat\/cfaegara\/wp-content\/uploads\/usu1042\/2022\/04\/IMG-20220427-WA0009-1-768x576.jpg 768w, https:\/\/agora.xtec.cat\/cfaegara\/wp-content\/uploads\/usu1042\/2022\/04\/IMG-20220427-WA0009-1-1536x1152.jpg 1536w, https:\/\/agora.xtec.cat\/cfaegara\/wp-content\/uploads\/usu1042\/2022\/04\/IMG-20220427-WA0009-1-200x150.jpg 200w, https:\/\/agora.xtec.cat\/cfaegara\/wp-content\/uploads\/usu1042\/2022\/04\/IMG-20220427-WA0009-1.jpg 2000w\" sizes=\"auto, (max-width: 299px) 100vw, 299px\" \/><\/a><a href=\"https:\/\/agora.xtec.cat\/cfaegara\/wp-content\/uploads\/usu1042\/2022\/04\/IMG-20220427-WA0013.jpg\"><img loading=\"lazy\" decoding=\"async\" class=\"alignnone wp-image-3781\" src=\"https:\/\/agora.xtec.cat\/cfaegara\/wp-content\/uploads\/usu1042\/2022\/04\/IMG-20220427-WA0013-1024x768.jpg\" alt=\"\" width=\"302\" height=\"227\" srcset=\"https:\/\/agora.xtec.cat\/cfaegara\/wp-content\/uploads\/usu1042\/2022\/04\/IMG-20220427-WA0013-1024x768.jpg 1024w, https:\/\/agora.xtec.cat\/cfaegara\/wp-content\/uploads\/usu1042\/2022\/04\/IMG-20220427-WA0013-300x225.jpg 300w, https:\/\/agora.xtec.cat\/cfaegara\/wp-content\/uploads\/usu1042\/2022\/04\/IMG-20220427-WA0013-768x576.jpg 768w, https:\/\/agora.xtec.cat\/cfaegara\/wp-content\/uploads\/usu1042\/2022\/04\/IMG-20220427-WA0013-1536x1152.jpg 1536w, https:\/\/agora.xtec.cat\/cfaegara\/wp-content\/uploads\/usu1042\/2022\/04\/IMG-20220427-WA0013-200x150.jpg 200w, https:\/\/agora.xtec.cat\/cfaegara\/wp-content\/uploads\/usu1042\/2022\/04\/IMG-20220427-WA0013.jpg 2000w\" sizes=\"auto, (max-width: 302px) 100vw, 302px\" \/><\/a><a href=\"https:\/\/agora.xtec.cat\/cfaegara\/wp-content\/uploads\/usu1042\/2022\/04\/IMG-20220427-WA0014.jpg\"><img loading=\"lazy\" decoding=\"async\" class=\"alignnone wp-image-3780\" src=\"https:\/\/agora.xtec.cat\/cfaegara\/wp-content\/uploads\/usu1042\/2022\/04\/IMG-20220427-WA0014-1024x768.jpg\" alt=\"\" width=\"299\" height=\"224\" srcset=\"https:\/\/agora.xtec.cat\/cfaegara\/wp-content\/uploads\/usu1042\/2022\/04\/IMG-20220427-WA0014-1024x768.jpg 1024w, https:\/\/agora.xtec.cat\/cfaegara\/wp-content\/uploads\/usu1042\/2022\/04\/IMG-20220427-WA0014-300x225.jpg 300w, https:\/\/agora.xtec.cat\/cfaegara\/wp-content\/uploads\/usu1042\/2022\/04\/IMG-20220427-WA0014-768x576.jpg 768w, https:\/\/agora.xtec.cat\/cfaegara\/wp-content\/uploads\/usu1042\/2022\/04\/IMG-20220427-WA0014-1536x1152.jpg 1536w, https:\/\/agora.xtec.cat\/cfaegara\/wp-content\/uploads\/usu1042\/2022\/04\/IMG-20220427-WA0014-200x150.jpg 200w, https:\/\/agora.xtec.cat\/cfaegara\/wp-content\/uploads\/usu1042\/2022\/04\/IMG-20220427-WA0014.jpg 2000w\" sizes=\"auto, (max-width: 299px) 100vw, 299px\" \/><\/a><\/p>\n<p>A continuaci\u00f3, els alumnes van fer-los preguntes sobre la seva traject\u00f2ria liter\u00e0ria, el perqu\u00e8 de la seva vocaci\u00f3, els seus projectes de futur&#8230; I tamb\u00e9 detalls sobre els relats que hav\u00edem treballat a classe. La Raquel G\u00e1mez i la Susana Hern\u00e1ndez vam resultar ser unes convidades excel\u00b7lents, que ens van fer venir ganes de llegir m\u00e9s relats seus i m\u00e9s autors de novel\u00b7la negra.<\/p>\n","protected":false},"excerpt":{"rendered":"<p>El passat 26 d&#8217;abril,\u00a0 dins del cicle &#8220;Terrassa llegeix..&#8221; , programat per la BCT Xarxa, va tenir lloc a la Biblioteca Districte 6 una trobada dels nostres alumnes de Catal\u00e0 i de G2 amb dues autores del recull de relats La cervesa de la Highsmith:&hellip;  <a href=\"https:\/\/agora.xtec.cat\/cfaegara\/general\/el-cfa-egara-llegeix\/\" title=\"Read EL CFA EGARA LLEGEIX\">Llegeix m\u00e9s\u00bb<\/a><\/p>\n","protected":false},"author":75,"featured_media":3777,"comment_status":"open","ping_status":"closed","sticky":false,"template":"","format":"standard","meta":{"_bbp_topic_count":0,"_bbp_reply_count":0,"_bbp_total_topic_count":0,"_bbp_total_reply_count":0,"_bbp_voice_count":0,"_bbp_anonymous_reply_count":0,"_bbp_topic_count_hidden":0,"_bbp_reply_count_hidden":0,"_bbp_forum_subforum_count":0,"footnotes":""},"categories":[102,1,91,29],"tags":[387,388,386],"class_list":["post-3776","post","type-post","status-publish","format-standard","has-post-thumbnail","hentry","category-cat","category-general","category-ges-2","category-portada","tag-catala-2","tag-catala-3","tag-ges-2"],"post_mailing_queue_ids":[],"_links":{"self":[{"href":"https:\/\/agora.xtec.cat\/cfaegara\/wp-json\/wp\/v2\/posts\/3776","targetHints":{"allow":["GET"]}}],"collection":[{"href":"https:\/\/agora.xtec.cat\/cfaegara\/wp-json\/wp\/v2\/posts"}],"about":[{"href":"https:\/\/agora.xtec.cat\/cfaegara\/wp-json\/wp\/v2\/types\/post"}],"author":[{"embeddable":true,"href":"https:\/\/agora.xtec.cat\/cfaegara\/wp-json\/wp\/v2\/users\/75"}],"replies":[{"embeddable":true,"href":"https:\/\/agora.xtec.cat\/cfaegara\/wp-json\/wp\/v2\/comments?post=3776"}],"version-history":[{"count":3,"href":"https:\/\/agora.xtec.cat\/cfaegara\/wp-json\/wp\/v2\/posts\/3776\/revisions"}],"predecessor-version":[{"id":3788,"href":"https:\/\/agora.xtec.cat\/cfaegara\/wp-json\/wp\/v2\/posts\/3776\/revisions\/3788"}],"wp:featuredmedia":[{"embeddable":true,"href":"https:\/\/agora.xtec.cat\/cfaegara\/wp-json\/wp\/v2\/media\/3777"}],"wp:attachment":[{"href":"https:\/\/agora.xtec.cat\/cfaegara\/wp-json\/wp\/v2\/media?parent=3776"}],"wp:term":[{"taxonomy":"category","embeddable":true,"href":"https:\/\/agora.xtec.cat\/cfaegara\/wp-json\/wp\/v2\/categories?post=3776"},{"taxonomy":"post_tag","embeddable":true,"href":"https:\/\/agora.xtec.cat\/cfaegara\/wp-json\/wp\/v2\/tags?post=3776"}],"curies":[{"name":"wp","href":"https:\/\/api.w.org\/{rel}","templated":true}]}}