{"id":3730,"date":"2022-02-04T14:09:39","date_gmt":"2022-02-04T13:09:39","guid":{"rendered":"https:\/\/agora.xtec.cat\/cfaegara\/?p=3730"},"modified":"2022-02-11T11:32:56","modified_gmt":"2022-02-11T10:32:56","slug":"visita-de-la-terrassa-modernista","status":"publish","type":"post","link":"https:\/\/agora.xtec.cat\/cfaegara\/general\/visita-de-la-terrassa-modernista\/","title":{"rendered":"VISITA DE LA TERRASSA MODERNISTA"},"content":{"rendered":"<p>El dimecres 2 de febrer els alumnes de GES 2 que cursen el m\u00f2dul &#8220;Viatjar per Catalunya&#8221; van fer una sortida pel centre de Terrassa per veure alguns edificis modernistes. El punt de partida va ser la Casa Alegre de Sagrera, edifici-museu del carrer Font Vella 29, que fou la casa pairal de Joaquim de Sagrera, fabricant t\u00e8xtil de final del s XVIII i comen\u00e7ament del XIX. El seg\u00fcent punt va ser la Torre del Palau, Castell Palau constru\u00eft el s XII i edifici m\u00e9s emblem\u00e0tic de la ciutat tant per la seva situaci\u00f3 al centre del casc antic com per la seva pres\u00e8ncia a l&#8217;escut de la vila des de l&#8217;\u00e8poca medieval. A continuaci\u00f3 els alumnes es van dirigir cap al Raval de Montserrat, on van poder contemplar l&#8217;Ajuntament, el Mercat de la Independ\u00e8ncia, la farm\u00e0cia Albinyana&#8230; L&#8217;itinerari va acabar a la Masia Freixa, joia modernista de Terrassa i edifici d&#8217;inspiraci\u00f3 gaudiniana constru\u00eft per l&#8217;arquitecte Llu\u00eds Muncunill.<\/p>\n<p>La visita de la Terrassa modernista va ser molt interessant i els alumnes van aprendre moltes coses!!! \ud83d\ude0a<\/p>\n<p><a href=\"https:\/\/agora.xtec.cat\/cfaegara\/wp-content\/uploads\/usu1042\/2022\/02\/1.jpg\"><img loading=\"lazy\" decoding=\"async\" class=\"alignnone size-large wp-image-3731\" src=\"https:\/\/agora.xtec.cat\/cfaegara\/wp-content\/uploads\/usu1042\/2022\/02\/1-1024x708.jpg\" alt=\"\" width=\"1024\" height=\"708\" srcset=\"https:\/\/agora.xtec.cat\/cfaegara\/wp-content\/uploads\/usu1042\/2022\/02\/1-1024x708.jpg 1024w, https:\/\/agora.xtec.cat\/cfaegara\/wp-content\/uploads\/usu1042\/2022\/02\/1-300x207.jpg 300w, https:\/\/agora.xtec.cat\/cfaegara\/wp-content\/uploads\/usu1042\/2022\/02\/1-768x531.jpg 768w, https:\/\/agora.xtec.cat\/cfaegara\/wp-content\/uploads\/usu1042\/2022\/02\/1.jpg 1280w\" sizes=\"auto, (max-width: 1024px) 100vw, 1024px\" \/><\/a><\/p>\n<p><a href=\"https:\/\/agora.xtec.cat\/cfaegara\/wp-content\/uploads\/usu1042\/2022\/02\/2.jpg\"><img loading=\"lazy\" decoding=\"async\" class=\"alignnone size-large wp-image-3732\" src=\"https:\/\/agora.xtec.cat\/cfaegara\/wp-content\/uploads\/usu1042\/2022\/02\/2-906x1024.jpg\" alt=\"\" width=\"906\" height=\"1024\" srcset=\"https:\/\/agora.xtec.cat\/cfaegara\/wp-content\/uploads\/usu1042\/2022\/02\/2-906x1024.jpg 906w, https:\/\/agora.xtec.cat\/cfaegara\/wp-content\/uploads\/usu1042\/2022\/02\/2-265x300.jpg 265w, https:\/\/agora.xtec.cat\/cfaegara\/wp-content\/uploads\/usu1042\/2022\/02\/2-768x868.jpg 768w, https:\/\/agora.xtec.cat\/cfaegara\/wp-content\/uploads\/usu1042\/2022\/02\/2.jpg 1132w\" sizes=\"auto, (max-width: 906px) 100vw, 906px\" \/><\/a><\/p>\n<p><a href=\"https:\/\/agora.xtec.cat\/cfaegara\/wp-content\/uploads\/usu1042\/2022\/02\/3.jpg\"><img loading=\"lazy\" decoding=\"async\" class=\"alignnone size-large wp-image-3733\" src=\"https:\/\/agora.xtec.cat\/cfaegara\/wp-content\/uploads\/usu1042\/2022\/02\/3-784x1024.jpg\" alt=\"\" width=\"784\" height=\"1024\" srcset=\"https:\/\/agora.xtec.cat\/cfaegara\/wp-content\/uploads\/usu1042\/2022\/02\/3-784x1024.jpg 784w, https:\/\/agora.xtec.cat\/cfaegara\/wp-content\/uploads\/usu1042\/2022\/02\/3-230x300.jpg 230w, https:\/\/agora.xtec.cat\/cfaegara\/wp-content\/uploads\/usu1042\/2022\/02\/3-768x1003.jpg 768w, https:\/\/agora.xtec.cat\/cfaegara\/wp-content\/uploads\/usu1042\/2022\/02\/3.jpg 980w\" sizes=\"auto, (max-width: 784px) 100vw, 784px\" \/><\/a><\/p>\n<p><a href=\"https:\/\/agora.xtec.cat\/cfaegara\/wp-content\/uploads\/usu1042\/2022\/02\/4.jpg\"><img loading=\"lazy\" decoding=\"async\" class=\"alignnone size-large wp-image-3734\" src=\"https:\/\/agora.xtec.cat\/cfaegara\/wp-content\/uploads\/usu1042\/2022\/02\/4-1024x1008.jpg\" alt=\"\" width=\"1024\" height=\"1008\" srcset=\"https:\/\/agora.xtec.cat\/cfaegara\/wp-content\/uploads\/usu1042\/2022\/02\/4-1024x1008.jpg 1024w, https:\/\/agora.xtec.cat\/cfaegara\/wp-content\/uploads\/usu1042\/2022\/02\/4-300x295.jpg 300w, https:\/\/agora.xtec.cat\/cfaegara\/wp-content\/uploads\/usu1042\/2022\/02\/4-768x756.jpg 768w, https:\/\/agora.xtec.cat\/cfaegara\/wp-content\/uploads\/usu1042\/2022\/02\/4.jpg 1280w\" sizes=\"auto, (max-width: 1024px) 100vw, 1024px\" \/><\/a><\/p>\n","protected":false},"excerpt":{"rendered":"<p>El dimecres 2 de febrer els alumnes de GES 2 que cursen el m\u00f2dul &#8220;Viatjar per Catalunya&#8221; van fer una sortida pel centre de Terrassa per veure alguns edificis modernistes. El punt de partida va ser la Casa Alegre de Sagrera, edifici-museu del carrer Font&hellip;  <a href=\"https:\/\/agora.xtec.cat\/cfaegara\/general\/visita-de-la-terrassa-modernista\/\" title=\"Read VISITA DE LA TERRASSA MODERNISTA\">Llegeix m\u00e9s\u00bb<\/a><\/p>\n","protected":false},"author":6,"featured_media":3731,"comment_status":"open","ping_status":"closed","sticky":false,"template":"","format":"standard","meta":{"_bbp_topic_count":0,"_bbp_reply_count":0,"_bbp_total_topic_count":0,"_bbp_total_reply_count":0,"_bbp_voice_count":0,"_bbp_anonymous_reply_count":0,"_bbp_topic_count_hidden":0,"_bbp_reply_count_hidden":0,"_bbp_forum_subforum_count":0,"footnotes":""},"categories":[1,89,91,29],"tags":[385],"class_list":["post-3730","post","type-post","status-publish","format-standard","has-post-thumbnail","hentry","category-general","category-ges","category-ges-2","category-portada","tag-terrasa-modernista"],"post_mailing_queue_ids":[],"_links":{"self":[{"href":"https:\/\/agora.xtec.cat\/cfaegara\/wp-json\/wp\/v2\/posts\/3730","targetHints":{"allow":["GET"]}}],"collection":[{"href":"https:\/\/agora.xtec.cat\/cfaegara\/wp-json\/wp\/v2\/posts"}],"about":[{"href":"https:\/\/agora.xtec.cat\/cfaegara\/wp-json\/wp\/v2\/types\/post"}],"author":[{"embeddable":true,"href":"https:\/\/agora.xtec.cat\/cfaegara\/wp-json\/wp\/v2\/users\/6"}],"replies":[{"embeddable":true,"href":"https:\/\/agora.xtec.cat\/cfaegara\/wp-json\/wp\/v2\/comments?post=3730"}],"version-history":[{"count":2,"href":"https:\/\/agora.xtec.cat\/cfaegara\/wp-json\/wp\/v2\/posts\/3730\/revisions"}],"predecessor-version":[{"id":3737,"href":"https:\/\/agora.xtec.cat\/cfaegara\/wp-json\/wp\/v2\/posts\/3730\/revisions\/3737"}],"wp:featuredmedia":[{"embeddable":true,"href":"https:\/\/agora.xtec.cat\/cfaegara\/wp-json\/wp\/v2\/media\/3731"}],"wp:attachment":[{"href":"https:\/\/agora.xtec.cat\/cfaegara\/wp-json\/wp\/v2\/media?parent=3730"}],"wp:term":[{"taxonomy":"category","embeddable":true,"href":"https:\/\/agora.xtec.cat\/cfaegara\/wp-json\/wp\/v2\/categories?post=3730"},{"taxonomy":"post_tag","embeddable":true,"href":"https:\/\/agora.xtec.cat\/cfaegara\/wp-json\/wp\/v2\/tags?post=3730"}],"curies":[{"name":"wp","href":"https:\/\/api.w.org\/{rel}","templated":true}]}}