{"id":3626,"date":"2021-11-28T10:43:55","date_gmt":"2021-11-28T09:43:55","guid":{"rendered":"https:\/\/agora.xtec.cat\/cfaegara\/?p=3626"},"modified":"2022-02-02T17:00:28","modified_gmt":"2022-02-02T16:00:28","slug":"taller-la-revolucio-dels-anticossos-2021-22","status":"publish","type":"post","link":"https:\/\/agora.xtec.cat\/cfaegara\/general\/taller-la-revolucio-dels-anticossos-2021-22\/","title":{"rendered":"Taller: La revoluci\u00f3 dels anticossos GES1 &#8211; 2021-22"},"content":{"rendered":"<p>El dilluns 22 de novembre ens han vingut a l&#8217;escola a fer un taller sobre com funciona el nostre sistema immunitari.<\/p>\n<p>L&#8217;alumnat del GES1 hi ha participat activament i han apr\u00e8s moltes coses de com funcionen els nostres gl\u00f2buls blancs, de qu\u00e8 s\u00f3n els ant\u00edgens i els anticossos i de com actuen les vacunes dins el nostre cos. Tamb\u00e9 han investigat sobre unes mostres simulades de sang, per saber si estaven infectades o no amb microbis.<\/p>\n<table style=\"border-collapse: collapse; width: 100%;\">\n<tbody>\n<tr>\n<td style=\"width: 50%;\"><img loading=\"lazy\" decoding=\"async\" class=\"alignnone size-full wp-image-3613\" src=\"https:\/\/agora.xtec.cat\/cfaegara\/wp-content\/uploads\/usu1042\/2021\/11\/GES-211122-anticossos-6.jpg\" alt=\"\" width=\"640\" height=\"480\" srcset=\"https:\/\/agora.xtec.cat\/cfaegara\/wp-content\/uploads\/usu1042\/2021\/11\/GES-211122-anticossos-6.jpg 640w, https:\/\/agora.xtec.cat\/cfaegara\/wp-content\/uploads\/usu1042\/2021\/11\/GES-211122-anticossos-6-300x225.jpg 300w, https:\/\/agora.xtec.cat\/cfaegara\/wp-content\/uploads\/usu1042\/2021\/11\/GES-211122-anticossos-6-200x150.jpg 200w\" sizes=\"auto, (max-width: 640px) 100vw, 640px\" \/><\/td>\n<td style=\"width: 50%;\"><img loading=\"lazy\" decoding=\"async\" class=\"alignnone size-full wp-image-3611\" src=\"https:\/\/agora.xtec.cat\/cfaegara\/wp-content\/uploads\/usu1042\/2021\/11\/GES-211122-anticossos-4.jpg\" alt=\"\" width=\"640\" height=\"480\" srcset=\"https:\/\/agora.xtec.cat\/cfaegara\/wp-content\/uploads\/usu1042\/2021\/11\/GES-211122-anticossos-4.jpg 640w, https:\/\/agora.xtec.cat\/cfaegara\/wp-content\/uploads\/usu1042\/2021\/11\/GES-211122-anticossos-4-300x225.jpg 300w, https:\/\/agora.xtec.cat\/cfaegara\/wp-content\/uploads\/usu1042\/2021\/11\/GES-211122-anticossos-4-200x150.jpg 200w\" sizes=\"auto, (max-width: 640px) 100vw, 640px\" \/><\/td>\n<\/tr>\n<tr>\n<td style=\"width: 50%;\"><img loading=\"lazy\" decoding=\"async\" class=\"alignnone size-full wp-image-3610\" src=\"https:\/\/agora.xtec.cat\/cfaegara\/wp-content\/uploads\/usu1042\/2021\/11\/GES-211122-anticossos-3.jpg\" alt=\"\" width=\"640\" height=\"480\" srcset=\"https:\/\/agora.xtec.cat\/cfaegara\/wp-content\/uploads\/usu1042\/2021\/11\/GES-211122-anticossos-3.jpg 640w, https:\/\/agora.xtec.cat\/cfaegara\/wp-content\/uploads\/usu1042\/2021\/11\/GES-211122-anticossos-3-300x225.jpg 300w, https:\/\/agora.xtec.cat\/cfaegara\/wp-content\/uploads\/usu1042\/2021\/11\/GES-211122-anticossos-3-200x150.jpg 200w\" sizes=\"auto, (max-width: 640px) 100vw, 640px\" \/><\/td>\n<td style=\"width: 50%;\"><img loading=\"lazy\" decoding=\"async\" class=\"alignnone size-full wp-image-3609\" src=\"https:\/\/agora.xtec.cat\/cfaegara\/wp-content\/uploads\/usu1042\/2021\/11\/GES-211122-anticossos-2-2.jpg\" alt=\"\" width=\"640\" height=\"480\" srcset=\"https:\/\/agora.xtec.cat\/cfaegara\/wp-content\/uploads\/usu1042\/2021\/11\/GES-211122-anticossos-2-2.jpg 640w, https:\/\/agora.xtec.cat\/cfaegara\/wp-content\/uploads\/usu1042\/2021\/11\/GES-211122-anticossos-2-2-300x225.jpg 300w, https:\/\/agora.xtec.cat\/cfaegara\/wp-content\/uploads\/usu1042\/2021\/11\/GES-211122-anticossos-2-2-200x150.jpg 200w\" sizes=\"auto, (max-width: 640px) 100vw, 640px\" \/><\/td>\n<\/tr>\n<\/tbody>\n<\/table>\n<p>&nbsp;<\/p>\n","protected":false},"excerpt":{"rendered":"<p>El dilluns 22 de novembre ens han vingut a l&#8217;escola a fer un taller sobre com funciona el nostre sistema immunitari.<br \/>\nL&#8217;alumnat del GES1 hi ha participat activament i han apr\u00e8s moltes coses de com funcionen els nostres gl\u00f2buls blancs, de qu\u00e8 s\u00f3n els ant\u00edgens i&hellip;  <a href=\"https:\/\/agora.xtec.cat\/cfaegara\/general\/taller-la-revolucio-dels-anticossos-2021-22\/\" title=\"Read Taller: La revoluci\u00f3 dels anticossos GES1 &#8211; 2021-22\">Llegeix m\u00e9s\u00bb<\/a><\/p>\n","protected":false},"author":3,"featured_media":3615,"comment_status":"open","ping_status":"closed","sticky":false,"template":"","format":"standard","meta":{"_bbp_topic_count":0,"_bbp_reply_count":0,"_bbp_total_topic_count":0,"_bbp_total_reply_count":0,"_bbp_voice_count":0,"_bbp_anonymous_reply_count":0,"_bbp_topic_count_hidden":0,"_bbp_reply_count_hidden":0,"_bbp_forum_subforum_count":0,"footnotes":""},"categories":[1,89,29],"tags":[338,344,75],"class_list":["post-3626","post","type-post","status-publish","format-standard","has-post-thumbnail","hentry","category-general","category-ges","category-portada","tag-ges","tag-ges1","tag-taller-de-centre"],"post_mailing_queue_ids":[],"_links":{"self":[{"href":"https:\/\/agora.xtec.cat\/cfaegara\/wp-json\/wp\/v2\/posts\/3626","targetHints":{"allow":["GET"]}}],"collection":[{"href":"https:\/\/agora.xtec.cat\/cfaegara\/wp-json\/wp\/v2\/posts"}],"about":[{"href":"https:\/\/agora.xtec.cat\/cfaegara\/wp-json\/wp\/v2\/types\/post"}],"author":[{"embeddable":true,"href":"https:\/\/agora.xtec.cat\/cfaegara\/wp-json\/wp\/v2\/users\/3"}],"replies":[{"embeddable":true,"href":"https:\/\/agora.xtec.cat\/cfaegara\/wp-json\/wp\/v2\/comments?post=3626"}],"version-history":[{"count":3,"href":"https:\/\/agora.xtec.cat\/cfaegara\/wp-json\/wp\/v2\/posts\/3626\/revisions"}],"predecessor-version":[{"id":3698,"href":"https:\/\/agora.xtec.cat\/cfaegara\/wp-json\/wp\/v2\/posts\/3626\/revisions\/3698"}],"wp:featuredmedia":[{"embeddable":true,"href":"https:\/\/agora.xtec.cat\/cfaegara\/wp-json\/wp\/v2\/media\/3615"}],"wp:attachment":[{"href":"https:\/\/agora.xtec.cat\/cfaegara\/wp-json\/wp\/v2\/media?parent=3626"}],"wp:term":[{"taxonomy":"category","embeddable":true,"href":"https:\/\/agora.xtec.cat\/cfaegara\/wp-json\/wp\/v2\/categories?post=3626"},{"taxonomy":"post_tag","embeddable":true,"href":"https:\/\/agora.xtec.cat\/cfaegara\/wp-json\/wp\/v2\/tags?post=3626"}],"curies":[{"name":"wp","href":"https:\/\/api.w.org\/{rel}","templated":true}]}}