{"id":3503,"date":"2021-05-28T19:23:54","date_gmt":"2021-05-28T17:23:54","guid":{"rendered":"http:\/\/agora.xtec.cat\/cfaegara\/?p=3503"},"modified":"2021-05-31T20:11:04","modified_gmt":"2021-05-31T18:11:04","slug":"sortida-a-la-casa-alegre-de-sagrera-de-terrassa-2020-21","status":"publish","type":"post","link":"https:\/\/agora.xtec.cat\/cfaegara\/portada\/sortida-a-la-casa-alegre-de-sagrera-de-terrassa-2020-21\/","title":{"rendered":"Sortida a la Casa Alegre de Sagrera &#8211; 2020-21"},"content":{"rendered":"<p>L&#8217;alumnat de Castell\u00e0 1.2 va fer una sortida a la Casa Alegre de Sagrera, el millor exemple de la ciutat per a descobrir com eren les resid\u00e8ncies de les fam\u00edlies industrials i burgeses del segle XIX i principis del XX.<\/p>\n<p><a href=\"https:\/\/agora.xtec.cat\/cfaegara\/wp-content\/uploads\/usu1042\/2021\/05\/Sortida-Casa-Alegra-Modernista-de-Terrassa.jpg\"><img loading=\"lazy\" decoding=\"async\" class=\"alignnone wp-image-3504 size-large\" src=\"https:\/\/agora.xtec.cat\/cfaegara\/wp-content\/uploads\/usu1042\/2021\/05\/Sortida-Casa-Alegra-Modernista-de-Terrassa-1024x576.jpg\" alt=\"\" width=\"1024\" height=\"576\" \/><\/a><\/p>\n","protected":false},"excerpt":{"rendered":"<p>L&#8217;alumnat de Castell\u00e0 1.2 va visitar el Museu\u2013Casa Alegre de Sagrera, a Terrassa. Tothom va poder gaudir de l&#8217;estil modernista d&#8217;una casa de la burgesia catalana.&hellip;  <a href=\"https:\/\/agora.xtec.cat\/cfaegara\/portada\/sortida-a-la-casa-alegre-de-sagrera-de-terrassa-2020-21\/\" title=\"Read Sortida a la Casa Alegre de Sagrera &#8211; 2020-21\">Llegeix m\u00e9s\u00bb<\/a><\/p>\n","protected":false},"author":1,"featured_media":0,"comment_status":"open","ping_status":"closed","sticky":false,"template":"","format":"standard","meta":{"_bbp_topic_count":0,"_bbp_reply_count":0,"_bbp_total_topic_count":0,"_bbp_total_reply_count":0,"_bbp_voice_count":0,"_bbp_anonymous_reply_count":0,"_bbp_topic_count_hidden":0,"_bbp_reply_count_hidden":0,"_bbp_forum_subforum_count":0,"footnotes":""},"categories":[103,29],"tags":[352,171,39],"class_list":["post-3503","post","type-post","status-publish","format-standard","hentry","category-cast","category-portada","tag-castella","tag-cultura","tag-sortides"],"post_mailing_queue_ids":[],"_links":{"self":[{"href":"https:\/\/agora.xtec.cat\/cfaegara\/wp-json\/wp\/v2\/posts\/3503","targetHints":{"allow":["GET"]}}],"collection":[{"href":"https:\/\/agora.xtec.cat\/cfaegara\/wp-json\/wp\/v2\/posts"}],"about":[{"href":"https:\/\/agora.xtec.cat\/cfaegara\/wp-json\/wp\/v2\/types\/post"}],"author":[{"embeddable":true,"href":"https:\/\/agora.xtec.cat\/cfaegara\/wp-json\/wp\/v2\/users\/1"}],"replies":[{"embeddable":true,"href":"https:\/\/agora.xtec.cat\/cfaegara\/wp-json\/wp\/v2\/comments?post=3503"}],"version-history":[{"count":4,"href":"https:\/\/agora.xtec.cat\/cfaegara\/wp-json\/wp\/v2\/posts\/3503\/revisions"}],"predecessor-version":[{"id":3533,"href":"https:\/\/agora.xtec.cat\/cfaegara\/wp-json\/wp\/v2\/posts\/3503\/revisions\/3533"}],"wp:attachment":[{"href":"https:\/\/agora.xtec.cat\/cfaegara\/wp-json\/wp\/v2\/media?parent=3503"}],"wp:term":[{"taxonomy":"category","embeddable":true,"href":"https:\/\/agora.xtec.cat\/cfaegara\/wp-json\/wp\/v2\/categories?post=3503"},{"taxonomy":"post_tag","embeddable":true,"href":"https:\/\/agora.xtec.cat\/cfaegara\/wp-json\/wp\/v2\/tags?post=3503"}],"curies":[{"name":"wp","href":"https:\/\/api.w.org\/{rel}","templated":true}]}}