{"id":3302,"date":"2021-03-13T13:05:38","date_gmt":"2021-03-13T12:05:38","guid":{"rendered":"http:\/\/agora.xtec.cat\/cfaegara\/?p=3302"},"modified":"2021-03-20T13:27:23","modified_gmt":"2021-03-20T12:27:23","slug":"fira-virtual-terrassa-tria-futur-2020-21","status":"publish","type":"post","link":"https:\/\/agora.xtec.cat\/cfaegara\/general\/fira-virtual-terrassa-tria-futur-2020-21\/","title":{"rendered":"Fira Virtual \u00abTerrassa tria futur\u00bb &#8211; 2020-21"},"content":{"rendered":"<p>Xerrada en l\u00ednia \u00abEl treball del futur\u00bb.<br \/>\nL&#8217;alumnat de GES del CFA \u00c8gara participar\u00e0 a la fira virtual d&#8217;orientaci\u00f3 formativa i professional \u00abTERRASSA TRIA FUTUR\u00bb.<br \/>\n<a href=\"https:\/\/triafutur.terrassa.cat\/\" target=\"_blank\" rel=\"noopener noreferrer\">triafutur.terrassa.cat\/<\/a><br \/>\n<a href=\"https:\/\/www.terrassa.cat\/fira-tria-futur\" target=\"_blank\" rel=\"noopener noreferrer\">Fira Terrassa tria futur. Ajuntament de Terrassa<\/a><\/p>\n<p><a href=\"https:\/\/agora.xtec.cat\/cfaegara\/wp-content\/uploads\/usu1042\/2021\/03\/Cartell_Fira_Tria_Futur-725x1024.jpg\"><img loading=\"lazy\" decoding=\"async\" class=\"alignnone wp-image-3301 size-large\" src=\"https:\/\/agora.xtec.cat\/cfaegara\/wp-content\/uploads\/usu1042\/2021\/03\/Cartell_Fira_Tria_Futur-725x1024-725x1024.jpg\" alt=\"\" width=\"725\" height=\"1024\" \/><\/a><\/p>\n","protected":false},"excerpt":{"rendered":"<p>Xerrada en l\u00ednia \u00abEl treball del futur\u00bb.<br \/>\nL&#8217;alumnat de GES del CFA \u00c8gara participar\u00e0 a la fira virtual d&#8217;orientaci\u00f3 formativa i professional \u00abTerrassa tria futur\u00bb.<br \/>\n&hellip;  <a href=\"https:\/\/agora.xtec.cat\/cfaegara\/general\/fira-virtual-terrassa-tria-futur-2020-21\/\" title=\"Read Fira Virtual \u00abTerrassa tria futur\u00bb &#8211; 2020-21\">Llegeix m\u00e9s\u00bb<\/a><\/p>\n","protected":false},"author":1,"featured_media":0,"comment_status":"open","ping_status":"closed","sticky":false,"template":"","format":"standard","meta":{"_bbp_topic_count":0,"_bbp_reply_count":0,"_bbp_total_topic_count":0,"_bbp_total_reply_count":0,"_bbp_voice_count":0,"_bbp_anonymous_reply_count":0,"_bbp_topic_count_hidden":0,"_bbp_reply_count_hidden":0,"_bbp_forum_subforum_count":0,"footnotes":""},"categories":[1,89,91,29],"tags":[107,349,338,75,348],"class_list":["post-3302","post","type-post","status-publish","format-standard","hentry","category-general","category-ges","category-ges-2","category-portada","tag-activitats","tag-fira-virtual","tag-ges","tag-taller-de-centre","tag-terrassa-tria-futur"],"post_mailing_queue_ids":[],"_links":{"self":[{"href":"https:\/\/agora.xtec.cat\/cfaegara\/wp-json\/wp\/v2\/posts\/3302","targetHints":{"allow":["GET"]}}],"collection":[{"href":"https:\/\/agora.xtec.cat\/cfaegara\/wp-json\/wp\/v2\/posts"}],"about":[{"href":"https:\/\/agora.xtec.cat\/cfaegara\/wp-json\/wp\/v2\/types\/post"}],"author":[{"embeddable":true,"href":"https:\/\/agora.xtec.cat\/cfaegara\/wp-json\/wp\/v2\/users\/1"}],"replies":[{"embeddable":true,"href":"https:\/\/agora.xtec.cat\/cfaegara\/wp-json\/wp\/v2\/comments?post=3302"}],"version-history":[{"count":3,"href":"https:\/\/agora.xtec.cat\/cfaegara\/wp-json\/wp\/v2\/posts\/3302\/revisions"}],"predecessor-version":[{"id":3383,"href":"https:\/\/agora.xtec.cat\/cfaegara\/wp-json\/wp\/v2\/posts\/3302\/revisions\/3383"}],"wp:attachment":[{"href":"https:\/\/agora.xtec.cat\/cfaegara\/wp-json\/wp\/v2\/media?parent=3302"}],"wp:term":[{"taxonomy":"category","embeddable":true,"href":"https:\/\/agora.xtec.cat\/cfaegara\/wp-json\/wp\/v2\/categories?post=3302"},{"taxonomy":"post_tag","embeddable":true,"href":"https:\/\/agora.xtec.cat\/cfaegara\/wp-json\/wp\/v2\/tags?post=3302"}],"curies":[{"name":"wp","href":"https:\/\/api.w.org\/{rel}","templated":true}]}}