{"id":2727,"date":"2026-05-29T09:40:50","date_gmt":"2026-05-29T07:40:50","guid":{"rendered":"https:\/\/agora.xtec.cat\/cfaedeliahernandez\/?p=2727"},"modified":"2026-05-31T10:52:23","modified_gmt":"2026-05-31T08:52:23","slug":"22e-certamen-literari-escolar-de-les-llengues-dorigen","status":"publish","type":"post","link":"https:\/\/agora.xtec.cat\/cfaedeliahernandez\/general\/22e-certamen-literari-escolar-de-les-llengues-dorigen\/","title":{"rendered":"22\u00e9 Certamen Literari Escolar de les lleng\u00fces d&#8217;origen"},"content":{"rendered":"\n<h1 class=\"wp-block-heading\"><\/h1>\n\n\n\n<p>Tenim el plaer de compartir una not\u00edcia que ens omple d&#8217;orgull a tota la comunitat educativa del CFA Edelia Hern\u00e1ndez: la nostra alumna Mercedes S\u00e1nchez Sagarra ha estat guardonada amb un dels premis del 22\u00e8 Certamen Literari en Lleng\u00fces d&#8217;Origen, en el qual el centre va participar el passat mes de gener.<\/p>\n\n\n\n<p>Aquest certamen \u00e9s un espai de reconeixement de la creaci\u00f3 liter\u00e0ria en les lleng\u00fces d&#8217;origen de l\u2019alumnat participant, i representa una oportunitat \u00fanica per posar en valor la riquesa ling\u00fc\u00edstica i cultural de les persones que aprenen i es formen als centres d&#8217;educaci\u00f3 d&#8217;adults de Catalunya.<\/p>\n\n\n\n<p>Felicitem de tot cor la Mercedes per aquest assoliment i valorem molt positivament el seu treball que \u00e9s una inspiraci\u00f3 per a totes les persones que formem part del nostre CFA.<\/p>\n\n\n\n<p>L&#8217;acte de lliurament de premis tindr\u00e0 lloc el proper dimarts 10 de juny i ser\u00e0 un moment especial per celebrar conjuntament l&#8217;esfor\u00e7 i el talent de totes les persones guardonades.<\/p>\n\n\n\n<p>Animem totes les persones de la comunitat educativa del centre que han participat i vulguin compartir aquest moment tan significatiu a acompanyar la Mercedes en aquest acte. La vostra pres\u00e8ncia far\u00e0 encara m\u00e9s gran aquesta celebraci\u00f3.<\/p>\n\n\n\n<p>Us animem a continuar escrivint i a compartir amb nosaltres la vostra creativitat liter\u00e0ria.<\/p>\n\n\n\n<figure class=\"wp-block-image size-large\"><a href=\"https:\/\/agora.xtec.cat\/cfaedeliahernandez\/wp-content\/uploads\/usu2195\/2026\/02\/Foto-Certamen-UNESCO-scaled.jpg\"><img loading=\"lazy\" decoding=\"async\" width=\"1016\" height=\"1024\" src=\"https:\/\/agora.xtec.cat\/cfaedeliahernandez\/wp-content\/uploads\/usu2195\/2026\/02\/Foto-Certamen-UNESCO-1016x1024.jpg\" alt=\"\" class=\"wp-image-2645\" srcset=\"https:\/\/agora.xtec.cat\/cfaedeliahernandez\/wp-content\/uploads\/usu2195\/2026\/02\/Foto-Certamen-UNESCO-1016x1024.jpg 1016w, https:\/\/agora.xtec.cat\/cfaedeliahernandez\/wp-content\/uploads\/usu2195\/2026\/02\/Foto-Certamen-UNESCO-298x300.jpg 298w, https:\/\/agora.xtec.cat\/cfaedeliahernandez\/wp-content\/uploads\/usu2195\/2026\/02\/Foto-Certamen-UNESCO-150x150.jpg 150w, https:\/\/agora.xtec.cat\/cfaedeliahernandez\/wp-content\/uploads\/usu2195\/2026\/02\/Foto-Certamen-UNESCO-768x774.jpg 768w, https:\/\/agora.xtec.cat\/cfaedeliahernandez\/wp-content\/uploads\/usu2195\/2026\/02\/Foto-Certamen-UNESCO-1525x1536.jpg 1525w, https:\/\/agora.xtec.cat\/cfaedeliahernandez\/wp-content\/uploads\/usu2195\/2026\/02\/Foto-Certamen-UNESCO-2033x2048.jpg 2033w\" sizes=\"auto, (max-width: 1016px) 100vw, 1016px\" \/><\/a><figcaption class=\"wp-element-caption\">Merc\u00e8 S\u00e1nchez Sagarra 68 anys CFA Ed\u00e9lia Hern\u00e1ndez<br>L&#8217;ambici\u00f3 d&#8217;en Joan.  Catal\u00e0<br><a href=\"https:\/\/drive.google.com\/open?id=1ntnITK0_6Zx4wNLGd005hJdIvz5QI8SQ\">https:\/\/drive.google.com\/open?id=1ntnITK0_6Zx4wNLGd005hJdIvz5QI8SQ<\/a><\/figcaption><\/figure>\n\n\n\n<p><\/p>\n","protected":false},"excerpt":{"rendered":"<p>Tenim el plaer de compartir una not\u00edcia que ens omple d&#8217;orgull a tota la comunitat educativa del CFA Edelia Hern\u00e1ndez: la nostra alumna Mercedes S\u00e1nchez Sagarra ha estat guardonada amb un dels premis del 22\u00e8 Certamen Literari en Lleng\u00fces d&#8217;Origen, en el qual el centre&hellip;  <a href=\"https:\/\/agora.xtec.cat\/cfaedeliahernandez\/general\/22e-certamen-literari-escolar-de-les-llengues-dorigen\/\" title=\"Read 22\u00e9 Certamen Literari Escolar de les lleng\u00fces d&#8217;origen\">Llegeix m\u00e9s\u00bb<\/a><\/p>\n","protected":false},"author":1,"featured_media":0,"comment_status":"open","ping_status":"open","sticky":false,"template":"","format":"standard","meta":{"_bbp_topic_count":0,"_bbp_reply_count":0,"_bbp_total_topic_count":0,"_bbp_total_reply_count":0,"_bbp_voice_count":0,"_bbp_anonymous_reply_count":0,"_bbp_topic_count_hidden":0,"_bbp_reply_count_hidden":0,"_bbp_forum_subforum_count":0,"footnotes":""},"categories":[1],"tags":[],"class_list":["post-2727","post","type-post","status-publish","format-standard","hentry","category-general"],"post_mailing_queue_ids":[],"_links":{"self":[{"href":"https:\/\/agora.xtec.cat\/cfaedeliahernandez\/wp-json\/wp\/v2\/posts\/2727","targetHints":{"allow":["GET"]}}],"collection":[{"href":"https:\/\/agora.xtec.cat\/cfaedeliahernandez\/wp-json\/wp\/v2\/posts"}],"about":[{"href":"https:\/\/agora.xtec.cat\/cfaedeliahernandez\/wp-json\/wp\/v2\/types\/post"}],"author":[{"embeddable":true,"href":"https:\/\/agora.xtec.cat\/cfaedeliahernandez\/wp-json\/wp\/v2\/users\/1"}],"replies":[{"embeddable":true,"href":"https:\/\/agora.xtec.cat\/cfaedeliahernandez\/wp-json\/wp\/v2\/comments?post=2727"}],"version-history":[{"count":5,"href":"https:\/\/agora.xtec.cat\/cfaedeliahernandez\/wp-json\/wp\/v2\/posts\/2727\/revisions"}],"predecessor-version":[{"id":2760,"href":"https:\/\/agora.xtec.cat\/cfaedeliahernandez\/wp-json\/wp\/v2\/posts\/2727\/revisions\/2760"}],"wp:attachment":[{"href":"https:\/\/agora.xtec.cat\/cfaedeliahernandez\/wp-json\/wp\/v2\/media?parent=2727"}],"wp:term":[{"taxonomy":"category","embeddable":true,"href":"https:\/\/agora.xtec.cat\/cfaedeliahernandez\/wp-json\/wp\/v2\/categories?post=2727"},{"taxonomy":"post_tag","embeddable":true,"href":"https:\/\/agora.xtec.cat\/cfaedeliahernandez\/wp-json\/wp\/v2\/tags?post=2727"}],"curies":[{"name":"wp","href":"https:\/\/api.w.org\/{rel}","templated":true}]}}