{"id":2800,"date":"2026-09-03T14:00:19","date_gmt":"2026-09-03T12:00:19","guid":{"rendered":"https:\/\/agora.xtec.cat\/cfacornella\/?p=2800"},"modified":"2026-09-03T14:00:19","modified_gmt":"2026-09-03T12:00:19","slug":"nou-grup-de-catala-2-vespre","status":"publish","type":"post","link":"https:\/\/agora.xtec.cat\/cfacornella\/general\/nou-grup-de-catala-2-vespre\/","title":{"rendered":"Nou grup de Catal\u00e0 2 vespre!"},"content":{"rendered":"\n\n\n<p>El CFA Cornell\u00e0 seguim treballant per tenir-ho tot a punt per a l&#8217;inici d&#8217;aquest c<span class=\"x7l2uk3 xt0e3qv\">urs 2026-27<\/span> \ud83d\udd25 Com a novetat dins de l&#8217;\u00e0mplia <span class=\"x7l2uk3 xt0e3qv\">Oferta Formativa<\/span> de qu\u00e8 disposem, enguany hi haur\u00e0 un nou grup del nivell de <span class=\"x7l2uk3 xt0e3qv\">Catal\u00e0 2<\/span> al <span class=\"x7l2uk3 xt0e3qv\">vespre,<\/span> atenent aix\u00ed una necessitat del nostre alumnat. En concret, l&#8217;horari ser\u00e0 dimarts i dijous, de 19h a 21h. \ud83d\ude0d<\/p>\n<p><a href=\"https:\/\/agora.xtec.cat\/cfacornella\/wp-content\/uploads\/usu2362\/2026\/09\/cat2.jpg\"><img loading=\"lazy\" decoding=\"async\" class=\"aligncenter size-medium wp-image-2801\" src=\"https:\/\/agora.xtec.cat\/cfacornella\/wp-content\/uploads\/usu2362\/2026\/09\/cat2-280x300.jpg\" alt=\"\" width=\"280\" height=\"300\" srcset=\"https:\/\/agora.xtec.cat\/cfacornella\/wp-content\/uploads\/usu2362\/2026\/09\/cat2-280x300.jpg 280w, https:\/\/agora.xtec.cat\/cfacornella\/wp-content\/uploads\/usu2362\/2026\/09\/cat2.jpg 550w\" sizes=\"auto, (max-width: 280px) 100vw, 280px\" \/><\/a><\/p>\n","protected":false},"excerpt":{"rendered":"<p>El CFA Cornell\u00e0 seguim treballant per tenir-ho tot a punt per a l&#8217;inici d&#8217;aquest curs 2026-27 \ud83d\udd25 Com a novetat dins de l&#8217;\u00e0mplia Oferta Formativa de qu\u00e8 disposem, enguany hi haur\u00e0 un nou grup del nivell de Catal\u00e0 2 al vespre, atenent aix\u00ed una necessitat&hellip;  <a href=\"https:\/\/agora.xtec.cat\/cfacornella\/general\/nou-grup-de-catala-2-vespre\/\" title=\"Read Nou grup de Catal\u00e0 2 vespre!\">Llegeix m\u00e9s\u00bb<\/a><\/p>\n","protected":false},"author":1,"featured_media":0,"comment_status":"open","ping_status":"open","sticky":false,"template":"","format":"standard","meta":{"_bbp_topic_count":0,"_bbp_reply_count":0,"_bbp_total_topic_count":0,"_bbp_total_reply_count":0,"_bbp_voice_count":0,"_bbp_anonymous_reply_count":0,"_bbp_topic_count_hidden":0,"_bbp_reply_count_hidden":0,"_bbp_forum_subforum_count":0,"footnotes":""},"categories":[1,29],"tags":[],"class_list":["post-2800","post","type-post","status-publish","format-standard","hentry","category-general","category-portada"],"post_mailing_queue_ids":[],"_links":{"self":[{"href":"https:\/\/agora.xtec.cat\/cfacornella\/wp-json\/wp\/v2\/posts\/2800","targetHints":{"allow":["GET"]}}],"collection":[{"href":"https:\/\/agora.xtec.cat\/cfacornella\/wp-json\/wp\/v2\/posts"}],"about":[{"href":"https:\/\/agora.xtec.cat\/cfacornella\/wp-json\/wp\/v2\/types\/post"}],"author":[{"embeddable":true,"href":"https:\/\/agora.xtec.cat\/cfacornella\/wp-json\/wp\/v2\/users\/1"}],"replies":[{"embeddable":true,"href":"https:\/\/agora.xtec.cat\/cfacornella\/wp-json\/wp\/v2\/comments?post=2800"}],"version-history":[{"count":1,"href":"https:\/\/agora.xtec.cat\/cfacornella\/wp-json\/wp\/v2\/posts\/2800\/revisions"}],"predecessor-version":[{"id":2802,"href":"https:\/\/agora.xtec.cat\/cfacornella\/wp-json\/wp\/v2\/posts\/2800\/revisions\/2802"}],"wp:attachment":[{"href":"https:\/\/agora.xtec.cat\/cfacornella\/wp-json\/wp\/v2\/media?parent=2800"}],"wp:term":[{"taxonomy":"category","embeddable":true,"href":"https:\/\/agora.xtec.cat\/cfacornella\/wp-json\/wp\/v2\/categories?post=2800"},{"taxonomy":"post_tag","embeddable":true,"href":"https:\/\/agora.xtec.cat\/cfacornella\/wp-json\/wp\/v2\/tags?post=2800"}],"curies":[{"name":"wp","href":"https:\/\/api.w.org\/{rel}","templated":true}]}}