{"id":2798,"date":"2026-09-01T17:10:33","date_gmt":"2026-09-01T15:10:33","guid":{"rendered":"https:\/\/agora.xtec.cat\/cfacornella\/?p=2798"},"modified":"2026-09-01T17:10:33","modified_gmt":"2026-09-01T15:10:33","slug":"comencem-el-curs-2026-27","status":"publish","type":"post","link":"https:\/\/agora.xtec.cat\/cfacornella\/general\/comencem-el-curs-2026-27\/","title":{"rendered":"Comencem el curs 2026-27!!"},"content":{"rendered":"\n\n\n<p>Comencem el nou c<span class=\"x7l2uk3 xt0e3qv\">urs 2026-27<\/span> amb les piles ben carregades, amb tota la il\u00b7lusi\u00f3 que provoquen els nous inicis!! \u2764\ufe0f\ud83d\udd25\ud83e\udd70 Us recordem que cal confirmar pla\u00e7a, a partir de dem\u00e0 i fins el 10 de setembre, per a l&#8217;alumnat que va passar pel proc\u00e9s de <span class=\"x7l2uk3 xt0e3qv\">#preinscripci\u00f3<\/span> durant el mes de juny!! No ho oblideu!! Bon retrobament a tothom! \ud83d\ude0a<\/p>\n","protected":false},"excerpt":{"rendered":"<p>Comencem el nou curs 2026-27 amb les piles ben carregades, amb tota la il\u00b7lusi\u00f3 que provoquen els nous inicis!! \u2764\ufe0f\ud83d\udd25\ud83e\udd70 Us recordem que cal confirmar pla\u00e7a, a partir de dem\u00e0 i fins el 10 de setembre, per a l&#8217;alumnat que va passar pel proc\u00e9s de&hellip;  <a href=\"https:\/\/agora.xtec.cat\/cfacornella\/general\/comencem-el-curs-2026-27\/\" title=\"Read Comencem el curs 2026-27!!\">Llegeix m\u00e9s\u00bb<\/a><\/p>\n","protected":false},"author":1,"featured_media":0,"comment_status":"open","ping_status":"open","sticky":false,"template":"","format":"standard","meta":{"_bbp_topic_count":0,"_bbp_reply_count":0,"_bbp_total_topic_count":0,"_bbp_total_reply_count":0,"_bbp_voice_count":0,"_bbp_anonymous_reply_count":0,"_bbp_topic_count_hidden":0,"_bbp_reply_count_hidden":0,"_bbp_forum_subforum_count":0,"footnotes":""},"categories":[1,29],"tags":[],"class_list":["post-2798","post","type-post","status-publish","format-standard","hentry","category-general","category-portada"],"post_mailing_queue_ids":[],"_links":{"self":[{"href":"https:\/\/agora.xtec.cat\/cfacornella\/wp-json\/wp\/v2\/posts\/2798","targetHints":{"allow":["GET"]}}],"collection":[{"href":"https:\/\/agora.xtec.cat\/cfacornella\/wp-json\/wp\/v2\/posts"}],"about":[{"href":"https:\/\/agora.xtec.cat\/cfacornella\/wp-json\/wp\/v2\/types\/post"}],"author":[{"embeddable":true,"href":"https:\/\/agora.xtec.cat\/cfacornella\/wp-json\/wp\/v2\/users\/1"}],"replies":[{"embeddable":true,"href":"https:\/\/agora.xtec.cat\/cfacornella\/wp-json\/wp\/v2\/comments?post=2798"}],"version-history":[{"count":1,"href":"https:\/\/agora.xtec.cat\/cfacornella\/wp-json\/wp\/v2\/posts\/2798\/revisions"}],"predecessor-version":[{"id":2799,"href":"https:\/\/agora.xtec.cat\/cfacornella\/wp-json\/wp\/v2\/posts\/2798\/revisions\/2799"}],"wp:attachment":[{"href":"https:\/\/agora.xtec.cat\/cfacornella\/wp-json\/wp\/v2\/media?parent=2798"}],"wp:term":[{"taxonomy":"category","embeddable":true,"href":"https:\/\/agora.xtec.cat\/cfacornella\/wp-json\/wp\/v2\/categories?post=2798"},{"taxonomy":"post_tag","embeddable":true,"href":"https:\/\/agora.xtec.cat\/cfacornella\/wp-json\/wp\/v2\/tags?post=2798"}],"curies":[{"name":"wp","href":"https:\/\/api.w.org\/{rel}","templated":true}]}}