{"id":2921,"date":"2025-09-03T16:47:20","date_gmt":"2025-09-03T14:47:20","guid":{"rendered":"https:\/\/agora.xtec.cat\/cfaconcordia\/?p=2921"},"modified":"2025-09-17T16:59:40","modified_gmt":"2025-09-17T14:59:40","slug":"au-3","status":"publish","type":"post","link":"https:\/\/agora.xtec.cat\/cfaconcordia\/general\/au-3\/","title":{"rendered":"Torre de l&#8217;Aigua (Sabadell)"},"content":{"rendered":"\n<figure class=\"wp-block-image size-large\"><img decoding=\"async\" src=\"https:\/\/upload.wikimedia.org\/wikipedia\/commons\/9\/94\/Torre_de_l%27aigua-sabadell.jpg\" alt=\"\"\/><\/figure>\n\n\n\n<p>La&nbsp;<strong>Torre de l&#8217;Aigua<\/strong>&nbsp;de&nbsp;<a href=\"https:\/\/ca.wikipedia.org\/wiki\/Sabadell\">Sabadell<\/a>&nbsp;\u00e9s un&nbsp;<a href=\"https:\/\/ca.wikipedia.org\/w\/index.php?title=Dip%C3%B2sit_d%27aigua&amp;action=edit&amp;redlink=1\">dip\u00f2sit d&#8217;aigua<\/a>&nbsp;<a href=\"https:\/\/ca.wikipedia.org\/wiki\/Modernisme_catal%C3%A0\">modernista<\/a>&nbsp;considerat un dels edificis m\u00e9s emblem\u00e0tics de la ciutat, fins al punt de ser-ne el s\u00edmbol identificatiu.<sup><a href=\"https:\/\/ca.wikipedia.org\/wiki\/Torre_de_l%27Aigua_(Sabadell)#cite_note-1\">[1]<\/a><\/sup>&nbsp;S&#8217;aixeca a la banda est de la ciutat, gaireb\u00e9 al cantell mateix de la riba del&nbsp;<a href=\"https:\/\/ca.wikipedia.org\/wiki\/Riu_Ripoll\">riu Ripoll<\/a>, prop de la carretera de&nbsp;<a href=\"https:\/\/ca.wikipedia.org\/wiki\/Caldes_de_Montbui\">Caldes de Montbui<\/a>. Va funcionar com a dip\u00f2sit entre&nbsp;<a href=\"https:\/\/ca.wikipedia.org\/wiki\/1922\">1922<\/a>&nbsp;i&nbsp;<a href=\"https:\/\/ca.wikipedia.org\/wiki\/1967\">1967<\/a>.<sup><a href=\"https:\/\/ca.wikipedia.org\/wiki\/Torre_de_l%27Aigua_(Sabadell)#cite_note-quatre-2\">[2]<\/a><\/sup>&nbsp;\u00c9s considerat un dels 100 &#8220;Elements del&nbsp;<a href=\"https:\/\/ca.wikipedia.org\/wiki\/Patrimoni_Industrial_de_Catalunya\">Patrimoni Industrial de Catalunya<\/a>&#8221; i s&#8217;hi poden fer visites guiades els dies de&nbsp;<a href=\"https:\/\/ca.wikipedia.org\/wiki\/Festa_Major_de_Sabadell\">Festa Major<\/a>, el primer cap de setmana de setembre. La torre est\u00e0 catalogada com a&nbsp;<a href=\"https:\/\/ca.wikipedia.org\/wiki\/B%C3%A9_cultural_d%27inter%C3%A8s_local\">B\u00e9 cultural d&#8217;inter\u00e8s local<\/a>&nbsp;amb el n\u00famero de registre 1508-I.<sup><a href=\"https:\/\/ca.wikipedia.org\/wiki\/Torre_de_l%27Aigua_(Sabadell)#cite_note-3\">[3]<\/a><\/sup><\/p>\n\n\n\n<p>\u00c9s una de les primeres construccions realitzades amb&nbsp;<a href=\"https:\/\/ca.wikipedia.org\/wiki\/Formig%C3%B3_armat\">formig\u00f3 armat<\/a>&nbsp;a Sabadell (una barreja de grava, sorra i aigua, en combinaci\u00f3 amb barres d&#8217;acer), que va permetre aixecar una estructura esvelta que alhora havia de sustentar un dip\u00f2sit d&#8217;aigua. L&#8217;obra, iniciada el 1916 i acabada el 1918, va ser planejada per l&#8217;enginyer&nbsp;<a href=\"https:\/\/ca.wikipedia.org\/wiki\/Francesc_Izard_i_Bas\">Francesc Izard<\/a>, projectada per l&#8217;arquitecte&nbsp;<a href=\"https:\/\/ca.wikipedia.org\/wiki\/Llu%C3%ADs_Homs_i_Moncus%C3%AD\">Llu\u00eds Homs<\/a>, i va comptar amb la direcci\u00f3 de l&#8217;arquitecte&nbsp;<a href=\"https:\/\/ca.wikipedia.org\/wiki\/Josep_Renom_i_Costa\">Josep Renom<\/a>.<sup><a href=\"https:\/\/ca.wikipedia.org\/wiki\/Torre_de_l%27Aigua_(Sabadell)#cite_note-4\">[4]<\/a><\/sup><\/p>\n\n\n\n<h2 class=\"wp-block-heading\" id=\"Hist\u00f2ria\">Hist\u00f2ria<\/h2>\n\n\n\n<p>[<a href=\"https:\/\/ca.wikipedia.org\/w\/index.php?title=Torre_de_l%27Aigua_(Sabadell)&amp;action=edit&amp;section=1\">modifica<\/a>]<\/p>\n\n\n\n<p>El juny 1915, davant el problema de l&#8217;abastament d&#8217;<a href=\"https:\/\/ca.wikipedia.org\/wiki\/Aigua\">aigua<\/a>&nbsp;de la ciutat, s&#8217;obr\u00ed un concurs de projecte i construcci\u00f3 d&#8217;una torre-dip\u00f2sit, amb l&#8217;objectiu d&#8217;acumular l&#8217;aigua extreta dels pous del&nbsp;<a href=\"https:\/\/ca.wikipedia.org\/wiki\/Riu_Ripoll\">riu Ripoll<\/a>. L&#8217;escassedat d&#8217;aigua a la ciutat vingu\u00e9 motivada per diversos factors: el desenvolupament de la&nbsp;<a href=\"https:\/\/ca.wikipedia.org\/wiki\/Ind%C3%BAstria\">ind\u00fastria<\/a>, l&#8217;augment de poblaci\u00f3 a causa de l&#8217;annexi\u00f3 de la&nbsp;<a href=\"https:\/\/ca.wikipedia.org\/wiki\/Creu_Alta\">Creu Alta<\/a>&nbsp;a la ciutat, el decrement en la&nbsp;<a href=\"https:\/\/ca.wikipedia.org\/wiki\/Taxa_de_mortalitat\">mortalitat<\/a>, i la&nbsp;<a href=\"https:\/\/ca.wikipedia.org\/wiki\/Immigraci%C3%B3\">immigraci\u00f3<\/a>.<\/p>\n\n\n\n<p>El projecte tenia unes bases detallades per l&#8217;enginyer sabadellenc&nbsp;<a href=\"https:\/\/ca.wikipedia.org\/wiki\/Francesc_Izard_i_Bas\">Francesc Izard i Bas<\/a>&nbsp;per\u00f2 que deixava llibertat quant a materials i forma. Es presentaren quatre projectes, sent el guanyador&nbsp;<a href=\"https:\/\/ca.wikipedia.org\/wiki\/Llu%C3%ADs_Homs_Moncus%C3%AD\">Llu\u00eds Homs Moncus\u00ed<\/a>. El febrer de 1916 es van comen\u00e7ar les obres, sota la direcci\u00f3 de&nbsp;<a href=\"https:\/\/ca.wikipedia.org\/wiki\/Josep_Renom_i_Costa\">Josep Renom i Costa<\/a>, com a arquitecte municipal. El cost de l&#8217;obra va ser de 104.422,70&nbsp;<a href=\"https:\/\/ca.wikipedia.org\/wiki\/Pesseta\">pessetes<\/a>. L&#8217;agost de 1918 es va inaugurar amb l&#8217;assist\u00e8ncia de les autoritats, per\u00f2 no va entrar en funcionament fins al 1922.<sup><a href=\"https:\/\/ca.wikipedia.org\/wiki\/Torre_de_l%27Aigua_(Sabadell)#cite_note-5\">[5]<\/a><\/sup>&nbsp;L&#8217;aigua pujava per l&#8217;interior d&#8217;un dels pilars fins al dip\u00f2sit i baixava per un altre pilar per ser distribu\u00efda a la ciutat, principalment a les fonts p\u00fabliques i als safareigs. Aquesta distribuci\u00f3 era possible gr\u00e0cies al principi dels&nbsp;<a href=\"https:\/\/ca.wikipedia.org\/wiki\/Vasos_comunicants\">vasos comunicants<\/a>.<sup><a href=\"https:\/\/ca.wikipedia.org\/wiki\/Torre_de_l%27Aigua_(Sabadell)#cite_note-:0-6\">[6]<\/a><\/sup><\/p>\n\n\n\n<p>El 1949 l&#8217;explotaci\u00f3 de la torre, propietat de l&#8217;<a href=\"https:\/\/ca.wikipedia.org\/wiki\/Ajuntament_de_Sabadell\">Ajuntament de Sabadell<\/a>, va ser cedida a una empresa concession\u00e0ria, la&nbsp;<a href=\"https:\/\/ca.wikipedia.org\/wiki\/Grup_CASSA\">Companya d&#8217;Aig\u00fces de Sabadell<\/a>&nbsp;(CASSA), amb un contracte de 99&nbsp;anys. La torre va deixar de funcionar com a tal el&nbsp;<a href=\"https:\/\/ca.wikipedia.org\/wiki\/1967\">1967<\/a>. Vint anys despr\u00e9s, el 1987, es va dur una restauraci\u00f3 de l&#8217;edifici, mantenint-ne la fesomia original. El 1988 CASSA va retornar la torre a l&#8217;Ajuntament de Sabadell.<\/p>\n\n\n\n<p>Des de l&#8217;any 2000, compta amb il\u00b7luminaci\u00f3 nocturna.<\/p>\n\n\n\n<p>El 24 de novembre de 2018 es va commemorar el centenari de la inauguraci\u00f3 de la Torre de l&#8217;Aigua amb un espectacle que combin\u00e0 actuacions musicals, visites teatralitzades a la torre i un espectacle piromusical.<sup><a href=\"https:\/\/ca.wikipedia.org\/wiki\/Torre_de_l%27Aigua_(Sabadell)#cite_note-7\">[7]<\/a><\/sup><\/p>\n\n\n\n<h2 class=\"wp-block-heading\" id=\"Edifici\">Edifici<\/h2>\n\n\n\n<p>[<a href=\"https:\/\/ca.wikipedia.org\/w\/index.php?title=Torre_de_l%27Aigua_(Sabadell)&amp;action=edit&amp;section=2\">modifica<\/a>]<\/p>\n\n\n\n<p>Estructuralment, l&#8217;obra remet als models alemanys. Dins l&#8217;arquitectura local, \u00e9s significativa pel fet que es tracta d&#8217;una de les primeres construccions realitzades amb&nbsp;<a href=\"https:\/\/ca.wikipedia.org\/wiki\/Formig%C3%B3\">formig\u00f3<\/a>&nbsp;armat. Est\u00e0 constitu\u00efda per vuit&nbsp;<a href=\"https:\/\/ca.wikipedia.org\/wiki\/Pilar_(arquitectura)\">pilars<\/a>, disposats en forma de tronc de&nbsp;<a href=\"https:\/\/ca.wikipedia.org\/wiki\/Pir%C3%A0mide\">pir\u00e0mide<\/a>, i estan units pels diferents trams de l&#8217;escala&nbsp;<a href=\"https:\/\/ca.wikipedia.org\/w\/index.php?title=Helicoidal&amp;action=edit&amp;redlink=1\">helicoidal<\/a>&nbsp;que hi dona acc\u00e9s. Els pilars sostenen el cos elevat, de secci\u00f3 octogonal i cobert per un capitell de vuit&nbsp;<a href=\"https:\/\/ca.wikipedia.org\/wiki\/Plementeria\">plements<\/a>. Tot i que exteriorment t\u00e9 forma octogonal, l&#8217;interior \u00e9s circular, per evitar una excessiva pressi\u00f3 de l&#8217;aigua als angles.<sup><a href=\"https:\/\/ca.wikipedia.org\/wiki\/Torre_de_l%27Aigua_(Sabadell)#cite_note-:0-6\">[6]<\/a><\/sup>&nbsp;Al damunt del dip\u00f2sit hi ha el&nbsp;<a href=\"https:\/\/ca.wikipedia.org\/wiki\/Mirador\">mirador<\/a>, amb una obertura a cada costat, de forma rectangular amb la part superior lleugerament arquejada, i protegides per balcons de&nbsp;<a href=\"https:\/\/ca.wikipedia.org\/wiki\/Ferro\">ferro<\/a>. Uns equips de bombes instal\u00b7lades dins de la&nbsp;<a href=\"https:\/\/ca.wikipedia.org\/wiki\/Caseta_de_les_Aig%C3%BCes\">Caseta de les Aig\u00fces<\/a><sup><a href=\"https:\/\/ca.wikipedia.org\/wiki\/Torre_de_l%27Aigua_(Sabadell)#cite_note-8\">[8]<\/a><\/sup>&nbsp;hi pujaven l&#8217;aigua dels pous del riu. Des del nivell a pla d&#8217;entrada fins dalt, sobre la bolla que corona la c\u00fapula, t\u00e9 50 m. T\u00e9 una capacitat de 293,5 m\u00b3.<\/p>\n\n\n\n<h2 class=\"wp-block-heading\"><\/h2>\n\n\n\n<div class=\"wp-block-media-text is-stacked-on-mobile\"><figure class=\"wp-block-media-text__media\"><\/figure><div class=\"wp-block-media-text__content\">\n<p><\/p>\n<\/div><\/div>\n\n\n\n<p><\/p>\n\n\n\n<div class=\"wp-block-group is-vertical is-layout-flex wp-container-core-group-is-layout-1 wp-block-group-is-layout-flex\">\n<h3 class=\"wp-block-heading\">VISITA<\/h3>\n\n\n\n<div class=\"wp-block-getwid-tabs\" data-active-tab=\"0\"><ul class=\"wp-block-getwid-tabs__nav-links\"><\/ul><\/div>\n\n\n\n<div class=\"wp-block-getwid-tabs\" data-active-tab=\"0\"><ul class=\"wp-block-getwid-tabs__nav-links\"><\/ul><\/div>\n\n\n\n<div class=\"wp-block-getwid-section\"><div class=\"wp-block-getwid-section__wrapper\"><div class=\"wp-block-getwid-section__inner-wrapper\"><div class=\"wp-block-getwid-section__background-holder\"><div class=\"wp-block-getwid-section__background\"><\/div><div class=\"wp-block-getwid-section__foreground\"><\/div><\/div><div class=\"wp-block-getwid-section__content\"><div class=\"wp-block-getwid-section__inner-content\"><\/div><\/div><\/div><\/div><\/div>\n\n\n<p class=\"wp-block-tag-cloud\"><a href=\"https:\/\/agora.xtec.cat\/cfaconcordia\/tag\/angles\/\" class=\"tag-cloud-link tag-link-42 tag-link-position-1\" style=\"font-size: 22pt;\" aria-label=\"Angl\u00e8s (2 elements)\">Angl\u00e8s<\/a>\n<a href=\"https:\/\/agora.xtec.cat\/cfaconcordia\/tag\/article-fake\/\" class=\"tag-cloud-link tag-link-107 tag-link-position-2\" style=\"font-size: 8pt;\" aria-label=\"article fake (0 elements)\">article fake<\/a>\n<a href=\"https:\/\/agora.xtec.cat\/cfaconcordia\/tag\/artificial\/\" class=\"tag-cloud-link tag-link-113 tag-link-position-3\" style=\"font-size: 8pt;\" aria-label=\"artificial (0 elements)\">artificial<\/a>\n<a href=\"https:\/\/agora.xtec.cat\/cfaconcordia\/tag\/audiovisuals\/\" class=\"tag-cloud-link tag-link-37 tag-link-position-4\" style=\"font-size: 8pt;\" aria-label=\"Audiovisuals (0 elements)\">Audiovisuals<\/a>\n<a href=\"https:\/\/agora.xtec.cat\/cfaconcordia\/tag\/canut\/\" class=\"tag-cloud-link tag-link-110 tag-link-position-5\" style=\"font-size: 8pt;\" aria-label=\"canut (0 elements)\">canut<\/a>\n<a href=\"https:\/\/agora.xtec.cat\/cfaconcordia\/tag\/curs16-7\/\" class=\"tag-cloud-link tag-link-57 tag-link-position-6\" style=\"font-size: 8pt;\" aria-label=\"curs16-7 (0 elements)\">curs16-7<\/a>\n<a href=\"https:\/\/agora.xtec.cat\/cfaconcordia\/tag\/expressio-oral\/\" class=\"tag-cloud-link tag-link-43 tag-link-position-7\" style=\"font-size: 22pt;\" aria-label=\"Expressi\u00f3 oral (2 elements)\">Expressi\u00f3 oral<\/a>\n<a href=\"https:\/\/agora.xtec.cat\/cfaconcordia\/tag\/holes\/\" class=\"tag-cloud-link tag-link-108 tag-link-position-8\" style=\"font-size: 8pt;\" aria-label=\"holes (0 elements)\">holes<\/a>\n<a href=\"https:\/\/agora.xtec.cat\/cfaconcordia\/tag\/ia\/\" class=\"tag-cloud-link tag-link-111 tag-link-position-9\" style=\"font-size: 8pt;\" aria-label=\"ia (0 elements)\">ia<\/a>\n<a href=\"https:\/\/agora.xtec.cat\/cfaconcordia\/tag\/intelligencia\/\" class=\"tag-cloud-link tag-link-112 tag-link-position-10\" style=\"font-size: 8pt;\" aria-label=\"intel\u00b7lig\u00e8ncia (0 elements)\">intel\u00b7lig\u00e8ncia<\/a>\n<a href=\"https:\/\/agora.xtec.cat\/cfaconcordia\/tag\/matematiques\/\" class=\"tag-cloud-link tag-link-41 tag-link-position-11\" style=\"font-size: 8pt;\" aria-label=\"Matem\u00e0tiques (0 elements)\">Matem\u00e0tiques<\/a>\n<a href=\"https:\/\/agora.xtec.cat\/cfaconcordia\/tag\/menjar\/\" class=\"tag-cloud-link tag-link-109 tag-link-position-12\" style=\"font-size: 8pt;\" aria-label=\"menjar (0 elements)\">menjar<\/a>\n<a href=\"https:\/\/agora.xtec.cat\/cfaconcordia\/tag\/salut\/\" class=\"tag-cloud-link tag-link-45 tag-link-position-13\" style=\"font-size: 16.75pt;\" aria-label=\"Salut (1 element)\">Salut<\/a>\n<a href=\"https:\/\/agora.xtec.cat\/cfaconcordia\/tag\/sant-jordi\/\" class=\"tag-cloud-link tag-link-38 tag-link-position-14\" style=\"font-size: 8pt;\" aria-label=\"Sant Jordi (0 elements)\">Sant Jordi<\/a>\n<a href=\"https:\/\/agora.xtec.cat\/cfaconcordia\/tag\/sortides\/\" class=\"tag-cloud-link tag-link-39 tag-link-position-15\" style=\"font-size: 8pt;\" aria-label=\"Sortides (0 elements)\">Sortides<\/a>\n<a href=\"https:\/\/agora.xtec.cat\/cfaconcordia\/tag\/teatre\/\" class=\"tag-cloud-link tag-link-40 tag-link-position-16\" style=\"font-size: 8pt;\" aria-label=\"Teatre (0 elements)\">Teatre<\/a>\n<a href=\"https:\/\/agora.xtec.cat\/cfaconcordia\/tag\/xerrades\/\" class=\"tag-cloud-link tag-link-44 tag-link-position-17\" style=\"font-size: 16.75pt;\" aria-label=\"Xerrades (1 element)\">Xerrades<\/a><\/p>\n\n<form role=\"search\" method=\"get\" action=\"https:\/\/agora.xtec.cat\/cfaconcordia\/\" class=\"wp-block-search__button-outside wp-block-search__text-button wp-block-search\"    ><label class=\"wp-block-search__label\" for=\"wp-block-search__input-1\" >Cerca<\/label><div class=\"wp-block-search__inside-wrapper \" ><input class=\"wp-block-search__input\" id=\"wp-block-search__input-1\" placeholder=\"\" value=\"\" type=\"search\" name=\"s\" required \/><button aria-label=\"Cerca\" class=\"wp-block-search__button wp-element-button\" type=\"submit\" >Cerca<\/button><\/div><\/form><\/div>\n\n\n\n<div class=\"wp-block-getwid-tabs\" data-active-tab=\"0\"><ul class=\"wp-block-getwid-tabs__nav-links\"><\/ul>\n<div class=\"wp-block-getwid-tabs__nav-link\"><span class=\"wp-block-getwid-tabs__title-wrapper\"><a href=\"#\"><span class=\"wp-block-getwid-tabs__title\">TALLERS<\/span><\/a><\/span><\/div><div class=\"wp-block-getwid-tabs__tab-content-wrapper\"><div class=\"wp-block-getwid-tabs__tab-content\">\n<p><\/p>\n<\/div><\/div>\n\n\n\n<div class=\"wp-block-getwid-tabs__nav-link\"><span class=\"wp-block-getwid-tabs__title-wrapper\"><a href=\"#\"><span class=\"wp-block-getwid-tabs__title\">SORTIDA<\/span><\/a><\/span><\/div><div class=\"wp-block-getwid-tabs__tab-content-wrapper\"><div class=\"wp-block-getwid-tabs__tab-content\">\n<p><\/p>\n<\/div><\/div>\n\n\n\n<div class=\"wp-block-getwid-tabs__nav-link\"><span class=\"wp-block-getwid-tabs__title-wrapper\"><a href=\"#\"><span class=\"wp-block-getwid-tabs__title\">CINEMA<\/span><\/a><\/span><\/div><div class=\"wp-block-getwid-tabs__tab-content-wrapper\"><div class=\"wp-block-getwid-tabs__tab-content\">\n<p>SETMANA DE CI\u00c8NCIA<\/p>\n<\/div><\/div>\n<\/div>\n\n\n\n<div class=\"wp-block-getwid-content-timeline\" data-animation=\"none\" data-filling=\"true\"><div class=\"wp-block-getwid-content-timeline__line\"><div class=\"wp-block-getwid-content-timeline__bar\"><\/div><\/div><div class=\"wp-block-getwid-content-timeline__wrapper\">\n<div class=\"wp-block-getwid-content-timeline-item\"><div class=\"wp-block-getwid-content-timeline-item__wrapper\"><div class=\"wp-block-getwid-content-timeline-item__card\"><div class=\"wp-block-getwid-content-timeline-item__card-wrapper\"><div class=\"wp-block-getwid-content-timeline-item__content-wrapper\"><div class=\"wp-block-getwid-content-timeline-item__mobile-meta\"><p class=\"wp-block-getwid-content-timeline-item__meta-content\">PLUJA D&#8217;IDEES<\/p><\/div>\n<h3 class=\"wp-block-heading\">SETMANA DE CI\u00c8NCIA<\/h3>\n\n\n\n<p><\/p>\n<\/div><\/div><\/div><div class=\"wp-block-getwid-content-timeline-item__point\"><div class=\"wp-block-getwid-content-timeline-item__point-content\"><\/div><\/div><div class=\"wp-block-getwid-content-timeline-item__meta\"><p class=\"wp-block-getwid-content-timeline-item__meta-content\">PLUJA D&#8217;IDEES<\/p><\/div><\/div><\/div>\n\n\n\n<div class=\"wp-block-getwid-content-timeline-item\"><div class=\"wp-block-getwid-content-timeline-item__wrapper\"><div class=\"wp-block-getwid-content-timeline-item__card\"><div class=\"wp-block-getwid-content-timeline-item__card-wrapper\"><div class=\"wp-block-getwid-content-timeline-item__content-wrapper\">\n<h3 class=\"wp-block-heading\">MILLOR SOLUCIO<\/h3>\n\n\n\n<p><\/p>\n<\/div><\/div><\/div><div class=\"wp-block-getwid-content-timeline-item__point\"><div class=\"wp-block-getwid-content-timeline-item__point-content\"><\/div><\/div><div class=\"wp-block-getwid-content-timeline-item__meta\"><\/div><\/div><\/div>\n\n\n\n<div class=\"wp-block-getwid-content-timeline-item\"><div class=\"wp-block-getwid-content-timeline-item__wrapper\"><div class=\"wp-block-getwid-content-timeline-item__card\"><div class=\"wp-block-getwid-content-timeline-item__card-wrapper\"><div class=\"wp-block-getwid-content-timeline-item__content-wrapper\"><div class=\"wp-block-getwid-content-timeline-item__mobile-meta\"><p class=\"wp-block-getwid-content-timeline-item__meta-content\">ESBO\u00c7<\/p><\/div>\n<h3 class=\"wp-block-heading\"><\/h3>\n\n\n\n<p><\/p>\n<\/div><\/div><\/div><div class=\"wp-block-getwid-content-timeline-item__point\"><div class=\"wp-block-getwid-content-timeline-item__point-content\"><\/div><\/div><div class=\"wp-block-getwid-content-timeline-item__meta\"><p class=\"wp-block-getwid-content-timeline-item__meta-content\">ESBO\u00c7<\/p><\/div><\/div><\/div>\n\n\n\n<div class=\"wp-block-getwid-content-timeline-item\"><div class=\"wp-block-getwid-content-timeline-item__wrapper\"><div class=\"wp-block-getwid-content-timeline-item__card\"><div class=\"wp-block-getwid-content-timeline-item__card-wrapper\"><div class=\"wp-block-getwid-content-timeline-item__content-wrapper\">\n<h3 class=\"wp-block-heading\">PROJECTE<\/h3>\n\n\n\n<p><\/p>\n<\/div><\/div><\/div><div class=\"wp-block-getwid-content-timeline-item__point\"><div class=\"wp-block-getwid-content-timeline-item__point-content\"><\/div><\/div><div class=\"wp-block-getwid-content-timeline-item__meta\"><\/div><\/div><\/div>\n<\/div><\/div>\n\n\n\n<div class=\"wp-block-getwid-image-hotspot\" data-appearance-animation=\"none\" data-image-points=\"[{&quot;link&quot;:&quot;https:\/\/www.sabadell.cat\/ca\/?option=com_content&amp;view=article&amp;id=130039&amp;Itemid=3268&amp;search=pfi&quot;,&quot;icon&quot;:&quot;&quot;,&quot;title&quot;:&quot;TALLER&quot;,&quot;color&quot;:&quot;&quot;,&quot;content&quot;:&quot;&quot;,&quot;backgroundColor&quot;:&quot;#cf2e2e&quot;,&quot;newTab&quot;:true,&quot;popUpOpen&quot;:false,&quot;popUpWidth&quot;:&quot;200&quot;,&quot;placement&quot;:&quot;top&quot;,&quot;position&quot;:{&quot;x&quot;:&quot;11.41%&quot;,&quot;y&quot;:&quot;25.26%&quot;}},{&quot;link&quot;:&quot;https:\/\/www.sabadell.cat\/ca\/?option=com_content&amp;view=article&amp;id=130039&amp;Itemid=3268&amp;search=pfi&quot;,&quot;icon&quot;:&quot;&quot;,&quot;title&quot;:&quot;SORTIDA&quot;,&quot;color&quot;:&quot;&quot;,&quot;content&quot;:&quot;&quot;,&quot;backgroundColor&quot;:&quot;&quot;,&quot;newTab&quot;:true,&quot;popUpOpen&quot;:true,&quot;popUpWidth&quot;:350,&quot;placement&quot;:&quot;top&quot;,&quot;position&quot;:{&quot;x&quot;:&quot;45.19%&quot;,&quot;y&quot;:&quot;24.37%&quot;}},{&quot;link&quot;:&quot;https:\/\/www.sabadell.cat\/ca\/?option=com_content&amp;view=article&amp;id=355&amp;Itemid=3268&amp;search=batxillerat&quot;,&quot;icon&quot;:&quot;&quot;,&quot;title&quot;:&quot;TALLER 2&quot;,&quot;color&quot;:&quot;&quot;,&quot;content&quot;:&quot;&quot;,&quot;backgroundColor&quot;:&quot;&quot;,&quot;newTab&quot;:false,&quot;popUpOpen&quot;:false,&quot;popUpWidth&quot;:350,&quot;placement&quot;:&quot;top&quot;,&quot;position&quot;:{&quot;x&quot;:&quot;71.85%&quot;,&quot;y&quot;:&quot;24.82%&quot;}}]\" data-trigger=\"click\" data-theme=\"light\" data-tooltip-animation=\"shift-toward\" data-arrow=\"true\"><div class=\"wp-block-getwid-image-hotspot__wrapper\"><img loading=\"lazy\" decoding=\"async\" width=\"225\" height=\"225\" src=\"https:\/\/agora.xtec.cat\/cfaconcordia\/wp-content\/uploads\/usu1352\/2025\/09\/baixa-1.png\" alt=\"\" class=\"wp-block-getwid-image-hotspot__image wp-image-3475\" srcset=\"https:\/\/agora.xtec.cat\/cfaconcordia\/wp-content\/uploads\/usu1352\/2025\/09\/baixa-1.png 225w, https:\/\/agora.xtec.cat\/cfaconcordia\/wp-content\/uploads\/usu1352\/2025\/09\/baixa-1-150x150.png 150w\" sizes=\"auto, (max-width: 225px) 100vw, 225px\" \/><div data-point-id=\"0\" class=\"wp-block-getwid-image-hotspot__dot has-animation-pulse\" style=\"left:11.41%;top:25.26%;background-color:#cf2e2e\"><div class=\"wp-block-getwid-image-hotspot__dot-wrapper\"><div class=\"wp-block-getwid-image-hotspot__dot-content\"><i class=\"fas fa-plus wp-block-getwid-image-hotspot__dot-icon\"><\/i><\/div><\/div><div class=\"wp-block-getwid-image-hotspot__dot-description\"><div class=\"wp-block-getwid-image-hotspot__dot-title\"><a href=\"https:\/\/www.sabadell.cat\/ca\/?option=com_content&amp;view=article&amp;id=130039&amp;Itemid=3268&amp;search=pfi\" target=\"_blank\" rel=\"noopener noreferrer\">TALLER<\/a><\/div><\/div><\/div><div data-point-id=\"1\" class=\"wp-block-getwid-image-hotspot__dot has-animation-pulse\" style=\"left:45.19%;top:24.37%\"><div class=\"wp-block-getwid-image-hotspot__dot-wrapper\"><div class=\"wp-block-getwid-image-hotspot__dot-content\"><i class=\"fas fa-plus wp-block-getwid-image-hotspot__dot-icon\"><\/i><\/div><\/div><div class=\"wp-block-getwid-image-hotspot__dot-description\"><div class=\"wp-block-getwid-image-hotspot__dot-title\"><a href=\"https:\/\/www.sabadell.cat\/ca\/?option=com_content&amp;view=article&amp;id=130039&amp;Itemid=3268&amp;search=pfi\" target=\"_blank\" rel=\"noopener noreferrer\">SORTIDA<\/a><\/div><\/div><\/div><div data-point-id=\"2\" class=\"wp-block-getwid-image-hotspot__dot has-animation-pulse\" style=\"left:71.85%;top:24.82%\"><div class=\"wp-block-getwid-image-hotspot__dot-wrapper\"><div class=\"wp-block-getwid-image-hotspot__dot-content\"><i class=\"fas fa-plus wp-block-getwid-image-hotspot__dot-icon\"><\/i><\/div><\/div><div class=\"wp-block-getwid-image-hotspot__dot-description\"><div class=\"wp-block-getwid-image-hotspot__dot-title\"><a href=\"https:\/\/www.sabadell.cat\/ca\/?option=com_content&amp;view=article&amp;id=355&amp;Itemid=3268&amp;search=batxillerat\">TALLER 2<\/a><\/div><\/div><\/div><\/div><\/div>\n","protected":false},"excerpt":{"rendered":"<p>La&nbsp;Torre de l&#8217;Aigua&nbsp;de&nbsp;Sabadell&nbsp;\u00e9s un&nbsp;dip\u00f2sit d&#8217;aigua&nbsp;modernista&nbsp;considerat un dels edificis m\u00e9s emblem\u00e0tics de la ciutat, fins al punt de ser-ne el s\u00edmbol identificatiu.[1]&nbsp;S&#8217;aixeca a la banda est de la ciutat, gaireb\u00e9 al cantell mateix de la riba del&nbsp;riu Ripoll, prop de la carretera de&nbsp;Caldes de Montbui. Va funcionar com a dip\u00f2sit entre&nbsp;1922&nbsp;i&nbsp;1967.[2]&nbsp;\u00c9s considerat un dels 100 &#8220;Elements [&hellip;]<\/p>\n","protected":false},"author":21,"featured_media":2861,"comment_status":"open","ping_status":"open","sticky":false,"template":"","format":"standard","meta":{"_bbp_topic_count":0,"_bbp_reply_count":0,"_bbp_total_topic_count":0,"_bbp_total_reply_count":0,"_bbp_voice_count":0,"_bbp_anonymous_reply_count":0,"_bbp_topic_count_hidden":0,"_bbp_reply_count_hidden":0,"_bbp_forum_subforum_count":0,"site-sidebar-layout":"default","site-content-layout":"","ast-site-content-layout":"","site-content-style":"default","site-sidebar-style":"default","ast-global-header-display":"","ast-banner-title-visibility":"","ast-main-header-display":"","ast-hfb-above-header-display":"","ast-hfb-below-header-display":"","ast-hfb-mobile-header-display":"","site-post-title":"","ast-breadcrumbs-content":"","ast-featured-img":"","footer-sml-layout":"","theme-transparent-header-meta":"","adv-header-id-meta":"","stick-header-meta":"","header-above-stick-meta":"","header-main-stick-meta":"","header-below-stick-meta":"","astra-migrate-meta-layouts":"default","ast-page-background-enabled":"default","ast-page-background-meta":{"desktop":{"background-color":"var(--ast-global-color-4)","background-image":"","background-repeat":"repeat","background-position":"center center","background-size":"auto","background-attachment":"scroll","background-type":"","background-media":"","overlay-type":"","overlay-color":"","overlay-opacity":"","overlay-gradient":""},"tablet":{"background-color":"","background-image":"","background-repeat":"repeat","background-position":"center center","background-size":"auto","background-attachment":"scroll","background-type":"","background-media":"","overlay-type":"","overlay-color":"","overlay-opacity":"","overlay-gradient":""},"mobile":{"background-color":"","background-image":"","background-repeat":"repeat","background-position":"center center","background-size":"auto","background-attachment":"scroll","background-type":"","background-media":"","overlay-type":"","overlay-color":"","overlay-opacity":"","overlay-gradient":""}},"ast-content-background-meta":{"desktop":{"background-color":"var(--ast-global-color-5)","background-image":"","background-repeat":"repeat","background-position":"center center","background-size":"auto","background-attachment":"scroll","background-type":"","background-media":"","overlay-type":"","overlay-color":"","overlay-opacity":"","overlay-gradient":""},"tablet":{"background-color":"var(--ast-global-color-5)","background-image":"","background-repeat":"repeat","background-position":"center center","background-size":"auto","background-attachment":"scroll","background-type":"","background-media":"","overlay-type":"","overlay-color":"","overlay-opacity":"","overlay-gradient":""},"mobile":{"background-color":"var(--ast-global-color-5)","background-image":"","background-repeat":"repeat","background-position":"center center","background-size":"auto","background-attachment":"scroll","background-type":"","background-media":"","overlay-type":"","overlay-color":"","overlay-opacity":"","overlay-gradient":""}},"footnotes":""},"categories":[1],"tags":[],"class_list":["post-2921","post","type-post","status-publish","format-standard","has-post-thumbnail","hentry","category-general"],"post_mailing_queue_ids":[],"_links":{"self":[{"href":"https:\/\/agora.xtec.cat\/cfaconcordia\/wp-json\/wp\/v2\/posts\/2921","targetHints":{"allow":["GET"]}}],"collection":[{"href":"https:\/\/agora.xtec.cat\/cfaconcordia\/wp-json\/wp\/v2\/posts"}],"about":[{"href":"https:\/\/agora.xtec.cat\/cfaconcordia\/wp-json\/wp\/v2\/types\/post"}],"author":[{"embeddable":true,"href":"https:\/\/agora.xtec.cat\/cfaconcordia\/wp-json\/wp\/v2\/users\/21"}],"replies":[{"embeddable":true,"href":"https:\/\/agora.xtec.cat\/cfaconcordia\/wp-json\/wp\/v2\/comments?post=2921"}],"version-history":[{"count":3,"href":"https:\/\/agora.xtec.cat\/cfaconcordia\/wp-json\/wp\/v2\/posts\/2921\/revisions"}],"predecessor-version":[{"id":3615,"href":"https:\/\/agora.xtec.cat\/cfaconcordia\/wp-json\/wp\/v2\/posts\/2921\/revisions\/3615"}],"wp:featuredmedia":[{"embeddable":true,"href":"https:\/\/agora.xtec.cat\/cfaconcordia\/wp-json\/wp\/v2\/media\/2861"}],"wp:attachment":[{"href":"https:\/\/agora.xtec.cat\/cfaconcordia\/wp-json\/wp\/v2\/media?parent=2921"}],"wp:term":[{"taxonomy":"category","embeddable":true,"href":"https:\/\/agora.xtec.cat\/cfaconcordia\/wp-json\/wp\/v2\/categories?post=2921"},{"taxonomy":"post_tag","embeddable":true,"href":"https:\/\/agora.xtec.cat\/cfaconcordia\/wp-json\/wp\/v2\/tags?post=2921"}],"curies":[{"name":"wp","href":"https:\/\/api.w.org\/{rel}","templated":true}]}}