{"id":2910,"date":"2025-09-03T16:51:10","date_gmt":"2025-09-03T14:51:10","guid":{"rendered":"https:\/\/agora.xtec.cat\/cfaconcordia\/?p=2910"},"modified":"2025-09-03T16:51:10","modified_gmt":"2025-09-03T14:51:10","slug":"ela-geminada","status":"publish","type":"post","link":"https:\/\/agora.xtec.cat\/cfaconcordia\/llengua-catalana\/ela-geminada\/","title":{"rendered":"Ela geminada"},"content":{"rendered":"\n<p>La\u00a0<strong>ela geminada<\/strong>\u00a0\u27e8<strong>l\u00b7l<\/strong>\u27e9\u00a0\u00e9s un \u00abgrup de lletres modificat\u00bb del\u00a0<a href=\"https:\/\/ca.wikipedia.org\/wiki\/Catal%C3%A0\">catal\u00e0<\/a>\u00a0que representa el so (sempre intervoc\u00e0lic) de la\u00a0<a href=\"https:\/\/ca.wikipedia.org\/wiki\/L\">ela<\/a>\u00a0doble o ela prolongada, pronunciat en dues s\u00edl\u00b7labes diferents \u2014en realitat, es tracta de dos sons [\u026b.\u026b], que en\u00a0<a href=\"https:\/\/ca.wikipedia.org\/wiki\/Alfabet_Fon%C3%A8tic_Internacional\">AFI<\/a>\u00a0tamb\u00e9 es poden representar com a [\u026b\u02d0]. El signe\u00a0\u27e8l\u00b7l\u27e9\u00a0tamb\u00e9 es fa servir en\u00a0<a href=\"https:\/\/ca.wikipedia.org\/wiki\/Bielsa\">belset\u00e0<\/a>, una varietat dialectal de l&#8217;<a href=\"https:\/\/ca.wikipedia.org\/wiki\/Aragon%C3%A8s\">aragon\u00e8s<\/a>. Es representa amb dues eles amb un\u00a0<a href=\"https:\/\/ca.wikipedia.org\/wiki\/Punt_volat\">punt volat<\/a>\u00a0al mig.<\/p>\n\n\n\n<figure class=\"wp-block-image size-full\"><a href=\"https:\/\/agora.xtec.cat\/cfaconcordia\/wp-content\/uploads\/usu1352\/2025\/09\/Cella-cat.png\"><img loading=\"lazy\" decoding=\"async\" width=\"250\" height=\"85\" src=\"https:\/\/agora.xtec.cat\/cfaconcordia\/wp-content\/uploads\/usu1352\/2025\/09\/Cella-cat.png\" alt=\"\" class=\"wp-image-2914\" \/><\/a><\/figure>\n\n\n\n<div class=\"wp-block-columns is-layout-flex wp-container-core-columns-is-layout-1 wp-block-columns-is-layout-flex\">\n<div class=\"wp-block-column is-layout-flow wp-block-column-is-layout-flow\"><\/div>\n\n\n\n<div class=\"wp-block-column is-layout-flow wp-block-column-is-layout-flow\"><\/div>\n<\/div>\n\n\n\n<div class=\"wp-block-columns is-layout-flex wp-container-core-columns-is-layout-2 wp-block-columns-is-layout-flex\">\n<div class=\"wp-block-column is-layout-flow wp-block-column-is-layout-flow\">\n<figure class=\"wp-block-embed is-type-video is-provider-youtube wp-block-embed-youtube wp-embed-aspect-16-9 wp-has-aspect-ratio\"><div class=\"wp-block-embed__wrapper\">\n<div class=\"ast-oembed-container \" style=\"height: 100%;\"><iframe loading=\"lazy\" title=\"\ud83d\udc4d EXERCICIS amb la ELA GEMINADA en catal\u00e0\" width=\"500\" height=\"281\" src=\"https:\/\/www.youtube.com\/embed\/5g8G-I6VL0g?feature=oembed\" frameborder=\"0\" allow=\"accelerometer; autoplay; clipboard-write; encrypted-media; gyroscope; picture-in-picture; web-share\" referrerpolicy=\"strict-origin-when-cross-origin\" allowfullscreen><\/iframe><\/div>\n<\/div><\/figure>\n<\/div>\n\n\n\n<div class=\"wp-block-column is-layout-flow wp-block-column-is-layout-flow\">\n<p>La&nbsp;<strong>ela geminada<\/strong>&nbsp;\u00e9s un so originari del llat\u00ed representat per dues eles separades per un punt volat (<strong><em>l\u00b7l<\/em><\/strong>). Hi ha for\u00e7a paraules que s\u2019escriuen amb aquesta grafia. Actualment la pron\u00fancia \u00adhabitual no marca d\u2019una manera clara aquest so doble de la ela, i aix\u00f2 fa que a vegades tinguem dubtes a l\u2019hora d\u2019escriure algunes paraules.<\/p>\n\n\n\n<p>El fet que una paraula dugui ela geminada no est\u00e0 lligat a cap regla espec\u00edfica, ja que dep\u00e8n de l\u2019etimologia.<\/p>\n<\/div>\n<\/div>\n\n\n\n<div class=\"wp-block-columns is-layout-flex wp-container-core-columns-is-layout-3 wp-block-columns-is-layout-flex\">\n<div class=\"wp-block-column is-layout-flow wp-block-column-is-layout-flow\"><\/div>\n\n\n\n<div class=\"wp-block-column is-layout-flow wp-block-column-is-layout-flow\"><\/div>\n<\/div>\n","protected":false},"excerpt":{"rendered":"<p>La ela geminada \u00e9s un so originari del llat\u00ed representat per dues eles separades per un punt volat (l\u00b7l). <\/p>\n","protected":false},"author":29,"featured_media":2936,"comment_status":"open","ping_status":"open","sticky":false,"template":"","format":"standard","meta":{"_bbp_topic_count":0,"_bbp_reply_count":0,"_bbp_total_topic_count":0,"_bbp_total_reply_count":0,"_bbp_voice_count":0,"_bbp_anonymous_reply_count":0,"_bbp_topic_count_hidden":0,"_bbp_reply_count_hidden":0,"_bbp_forum_subforum_count":0,"site-sidebar-layout":"default","site-content-layout":"","ast-site-content-layout":"","site-content-style":"default","site-sidebar-style":"default","ast-global-header-display":"","ast-banner-title-visibility":"","ast-main-header-display":"","ast-hfb-above-header-display":"","ast-hfb-below-header-display":"","ast-hfb-mobile-header-display":"","site-post-title":"","ast-breadcrumbs-content":"","ast-featured-img":"","footer-sml-layout":"","theme-transparent-header-meta":"","adv-header-id-meta":"","stick-header-meta":"","header-above-stick-meta":"","header-main-stick-meta":"","header-below-stick-meta":"","astra-migrate-meta-layouts":"default","ast-page-background-enabled":"default","ast-page-background-meta":{"desktop":{"background-color":"var(--ast-global-color-4)","background-image":"","background-repeat":"repeat","background-position":"center center","background-size":"auto","background-attachment":"scroll","background-type":"","background-media":"","overlay-type":"","overlay-color":"","overlay-opacity":"","overlay-gradient":""},"tablet":{"background-color":"","background-image":"","background-repeat":"repeat","background-position":"center center","background-size":"auto","background-attachment":"scroll","background-type":"","background-media":"","overlay-type":"","overlay-color":"","overlay-opacity":"","overlay-gradient":""},"mobile":{"background-color":"","background-image":"","background-repeat":"repeat","background-position":"center center","background-size":"auto","background-attachment":"scroll","background-type":"","background-media":"","overlay-type":"","overlay-color":"","overlay-opacity":"","overlay-gradient":""}},"ast-content-background-meta":{"desktop":{"background-color":"var(--ast-global-color-5)","background-image":"","background-repeat":"repeat","background-position":"center center","background-size":"auto","background-attachment":"scroll","background-type":"","background-media":"","overlay-type":"","overlay-color":"","overlay-opacity":"","overlay-gradient":""},"tablet":{"background-color":"var(--ast-global-color-5)","background-image":"","background-repeat":"repeat","background-position":"center center","background-size":"auto","background-attachment":"scroll","background-type":"","background-media":"","overlay-type":"","overlay-color":"","overlay-opacity":"","overlay-gradient":""},"mobile":{"background-color":"var(--ast-global-color-5)","background-image":"","background-repeat":"repeat","background-position":"center center","background-size":"auto","background-attachment":"scroll","background-type":"","background-media":"","overlay-type":"","overlay-color":"","overlay-opacity":"","overlay-gradient":""}},"footnotes":""},"categories":[101],"tags":[],"class_list":["post-2910","post","type-post","status-publish","format-standard","has-post-thumbnail","hentry","category-llengua-catalana"],"post_mailing_queue_ids":[],"_links":{"self":[{"href":"https:\/\/agora.xtec.cat\/cfaconcordia\/wp-json\/wp\/v2\/posts\/2910","targetHints":{"allow":["GET"]}}],"collection":[{"href":"https:\/\/agora.xtec.cat\/cfaconcordia\/wp-json\/wp\/v2\/posts"}],"about":[{"href":"https:\/\/agora.xtec.cat\/cfaconcordia\/wp-json\/wp\/v2\/types\/post"}],"author":[{"embeddable":true,"href":"https:\/\/agora.xtec.cat\/cfaconcordia\/wp-json\/wp\/v2\/users\/29"}],"replies":[{"embeddable":true,"href":"https:\/\/agora.xtec.cat\/cfaconcordia\/wp-json\/wp\/v2\/comments?post=2910"}],"version-history":[{"count":1,"href":"https:\/\/agora.xtec.cat\/cfaconcordia\/wp-json\/wp\/v2\/posts\/2910\/revisions"}],"predecessor-version":[{"id":2938,"href":"https:\/\/agora.xtec.cat\/cfaconcordia\/wp-json\/wp\/v2\/posts\/2910\/revisions\/2938"}],"wp:featuredmedia":[{"embeddable":true,"href":"https:\/\/agora.xtec.cat\/cfaconcordia\/wp-json\/wp\/v2\/media\/2936"}],"wp:attachment":[{"href":"https:\/\/agora.xtec.cat\/cfaconcordia\/wp-json\/wp\/v2\/media?parent=2910"}],"wp:term":[{"taxonomy":"category","embeddable":true,"href":"https:\/\/agora.xtec.cat\/cfaconcordia\/wp-json\/wp\/v2\/categories?post=2910"},{"taxonomy":"post_tag","embeddable":true,"href":"https:\/\/agora.xtec.cat\/cfaconcordia\/wp-json\/wp\/v2\/tags?post=2910"}],"curies":[{"name":"wp","href":"https:\/\/api.w.org\/{rel}","templated":true}]}}