{"id":926,"date":"2020-05-23T08:45:53","date_gmt":"2020-05-23T06:45:53","guid":{"rendered":"http:\/\/agora.xtec.cat\/cfaclot\/?p=926"},"modified":"2020-06-06T18:28:43","modified_gmt":"2020-06-06T16:28:43","slug":"pla-dobertura-del-centre-en-fase-2","status":"publish","type":"post","link":"https:\/\/agora.xtec.cat\/cfaclot\/general\/pla-dobertura-del-centre-en-fase-2\/","title":{"rendered":"PLA D&#8217;OBERTURA DE CENTRE EN FASE 2"},"content":{"rendered":"<p>Aqu\u00ed podeu llegir el <a href=\"https:\/\/drive.google.com\/open?id=1nsLfeipbhWOfhjoC1h-174A4GunswIdK\">Pla d&#8217;Obertura<\/a> del centre aplicable a partir de l&#8217;entrada de Barcelona en fase 2 de la desescalada. El m\u00e9s rellevant \u00e9s que l&#8217;alumnat que vulgui ser at\u00e8s haur\u00e0 de demanar cita pr\u00e8via amb el professor o professora i l&#8217;atenci\u00f3 ser\u00e0 individual. Nom\u00e9s es podr\u00e0 atendre als estudiants que no pertanyin a cap dels grups de vulnerabilitat i hagin omplert la declaraci\u00f3 responsable de salut, que podeu consultar al Pa d&#8217;Obertura.<\/p>\n<p>&nbsp;<\/p>\n","protected":false},"excerpt":{"rendered":"<p>Aqu\u00ed podeu llegir el <a href=\"https:\/\/drive.google.com\/open?id=1nsLfeipbhWOfhjoC1h-174A4GunswIdK\">Pla d&#8217;Obertura<\/a> del centre aplicable a partir de l&#8217;entrada de Barcelona en fase 2 de la desescalada. El m\u00e9s rellevant \u00e9s que l&#8217;alumnat que vulgui ser at\u00e8s haur\u00e0 de demanar cita pr\u00e8via amb el professor o professora i l&#8217;atenci\u00f3 ser\u00e0&hellip;  <a href=\"https:\/\/agora.xtec.cat\/cfaclot\/general\/pla-dobertura-del-centre-en-fase-2\/\" title=\"Read PLA D&#8217;OBERTURA DE CENTRE EN FASE 2\">Llegeix m\u00e9s\u00bb<\/a><\/p>\n","protected":false},"author":1,"featured_media":0,"comment_status":"open","ping_status":"closed","sticky":false,"template":"","format":"standard","meta":{"_bbp_topic_count":0,"_bbp_reply_count":0,"_bbp_total_topic_count":0,"_bbp_total_reply_count":0,"_bbp_voice_count":0,"_bbp_anonymous_reply_count":0,"_bbp_topic_count_hidden":0,"_bbp_reply_count_hidden":0,"_bbp_forum_subforum_count":0,"footnotes":""},"categories":[1,29],"tags":[],"class_list":["post-926","post","type-post","status-publish","format-standard","hentry","category-general","category-portada"],"post_mailing_queue_ids":[],"_links":{"self":[{"href":"https:\/\/agora.xtec.cat\/cfaclot\/wp-json\/wp\/v2\/posts\/926","targetHints":{"allow":["GET"]}}],"collection":[{"href":"https:\/\/agora.xtec.cat\/cfaclot\/wp-json\/wp\/v2\/posts"}],"about":[{"href":"https:\/\/agora.xtec.cat\/cfaclot\/wp-json\/wp\/v2\/types\/post"}],"author":[{"embeddable":true,"href":"https:\/\/agora.xtec.cat\/cfaclot\/wp-json\/wp\/v2\/users\/1"}],"replies":[{"embeddable":true,"href":"https:\/\/agora.xtec.cat\/cfaclot\/wp-json\/wp\/v2\/comments?post=926"}],"version-history":[{"count":3,"href":"https:\/\/agora.xtec.cat\/cfaclot\/wp-json\/wp\/v2\/posts\/926\/revisions"}],"predecessor-version":[{"id":933,"href":"https:\/\/agora.xtec.cat\/cfaclot\/wp-json\/wp\/v2\/posts\/926\/revisions\/933"}],"wp:attachment":[{"href":"https:\/\/agora.xtec.cat\/cfaclot\/wp-json\/wp\/v2\/media?parent=926"}],"wp:term":[{"taxonomy":"category","embeddable":true,"href":"https:\/\/agora.xtec.cat\/cfaclot\/wp-json\/wp\/v2\/categories?post=926"},{"taxonomy":"post_tag","embeddable":true,"href":"https:\/\/agora.xtec.cat\/cfaclot\/wp-json\/wp\/v2\/tags?post=926"}],"curies":[{"name":"wp","href":"https:\/\/api.w.org\/{rel}","templated":true}]}}