{"id":868,"date":"2020-05-04T11:19:40","date_gmt":"2020-05-04T09:19:40","guid":{"rendered":"http:\/\/agora.xtec.cat\/cfaclot\/?p=868"},"modified":"2020-05-04T11:20:44","modified_gmt":"2020-05-04T09:20:44","slug":"informacions-3r-trimestre-i-matricula-curs-2020-21","status":"publish","type":"post","link":"https:\/\/agora.xtec.cat\/cfaclot\/general\/informacions-3r-trimestre-i-matricula-curs-2020-21\/","title":{"rendered":"INFORMACIONS 3r TRIMESTRE I MATR\u00cdCULA CURS 2020-21"},"content":{"rendered":"<p>Hem fet un resum de la informaci\u00f3 de com ens organitzarem i avaluarem el tercer trimestre. Heu de clicar <a href=\"https:\/\/docs.google.com\/document\/d\/1yUYS7cOU3ykLvk4nC7-yH0UV9XImppWuriDYaArqFx8\/edit?usp=sharing\">AQU\u00cd<\/a> per accedir al document.<\/p>\n<p>\u00c9s molt probable que no es tornin a obrir les aules per a impartir classe, per\u00f2 tot i aix\u00f2 estem organitzant el final de curs i tamb\u00e9 estem preparant el curs vinent.<\/p>\n<p>PREINSCRIPCI\u00d3 NOU ALUMNAT: No sabem encara quan ser\u00e0 la preinscripci\u00f3 i matr\u00edcula, ja que les dates previstes eren a mitjans del mes de juny i no sabem si es mantindran o modificaran. Per aix\u00f2 us recomanem mirar la p\u00e0gina web i les xarxes socials de l\u2019escola peri\u00f2dicament.<\/p>\n<p>ALUMNAT QUE CONTINUA AL CENTRE: Com cada curs caldr\u00e0 fer la reserva de pla\u00e7a per al curs vinent, tant si promocioneu de curs com si heu de repetir. Tampoc tenim les dates, per\u00f2 el professorat mirar\u00e0 de posar-se en contacte amb tots i cadascun de vosaltres.<a href=\"https:\/\/agora.xtec.cat\/cfaclot\/wp-content\/uploads\/usu1471\/2020\/05\/Cartell-informacions.jpg\"><img loading=\"lazy\" decoding=\"async\" class=\"alignnone size-full wp-image-870\" src=\"https:\/\/agora.xtec.cat\/cfaclot\/wp-content\/uploads\/usu1471\/2020\/05\/Cartell-informacions.jpg\" alt=\"\" width=\"942\" height=\"519\" srcset=\"https:\/\/agora.xtec.cat\/cfaclot\/wp-content\/uploads\/usu1471\/2020\/05\/Cartell-informacions.jpg 942w, https:\/\/agora.xtec.cat\/cfaclot\/wp-content\/uploads\/usu1471\/2020\/05\/Cartell-informacions-300x165.jpg 300w, https:\/\/agora.xtec.cat\/cfaclot\/wp-content\/uploads\/usu1471\/2020\/05\/Cartell-informacions-768x423.jpg 768w\" sizes=\"auto, (max-width: 942px) 100vw, 942px\" \/><\/a><\/p>\n","protected":false},"excerpt":{"rendered":"<p>Hem fet un resum de la informaci\u00f3 de com ens organitzarem i avaluarem el tercer trimestre. Heu de clicar <a href=\"https:\/\/docs.google.com\/document\/d\/1yUYS7cOU3ykLvk4nC7-yH0UV9XImppWuriDYaArqFx8\/edit?usp=sharing\">AQU\u00cd<\/a> per accedir al document.<br \/>\n\u00c9s molt probable que no es tornin a obrir les aules per a impartir classe, per\u00f2 tot i aix\u00f2 estem organitzant&hellip;  <a href=\"https:\/\/agora.xtec.cat\/cfaclot\/general\/informacions-3r-trimestre-i-matricula-curs-2020-21\/\" title=\"Read INFORMACIONS 3r TRIMESTRE I MATR\u00cdCULA CURS 2020-21\">Llegeix m\u00e9s\u00bb<\/a><\/p>\n","protected":false},"author":1,"featured_media":870,"comment_status":"closed","ping_status":"closed","sticky":false,"template":"","format":"standard","meta":{"_bbp_topic_count":0,"_bbp_reply_count":0,"_bbp_total_topic_count":0,"_bbp_total_reply_count":0,"_bbp_voice_count":0,"_bbp_anonymous_reply_count":0,"_bbp_topic_count_hidden":0,"_bbp_reply_count_hidden":0,"_bbp_forum_subforum_count":0,"footnotes":""},"categories":[1,29],"tags":[],"class_list":["post-868","post","type-post","status-publish","format-standard","has-post-thumbnail","hentry","category-general","category-portada"],"post_mailing_queue_ids":[],"_links":{"self":[{"href":"https:\/\/agora.xtec.cat\/cfaclot\/wp-json\/wp\/v2\/posts\/868","targetHints":{"allow":["GET"]}}],"collection":[{"href":"https:\/\/agora.xtec.cat\/cfaclot\/wp-json\/wp\/v2\/posts"}],"about":[{"href":"https:\/\/agora.xtec.cat\/cfaclot\/wp-json\/wp\/v2\/types\/post"}],"author":[{"embeddable":true,"href":"https:\/\/agora.xtec.cat\/cfaclot\/wp-json\/wp\/v2\/users\/1"}],"replies":[{"embeddable":true,"href":"https:\/\/agora.xtec.cat\/cfaclot\/wp-json\/wp\/v2\/comments?post=868"}],"version-history":[{"count":1,"href":"https:\/\/agora.xtec.cat\/cfaclot\/wp-json\/wp\/v2\/posts\/868\/revisions"}],"predecessor-version":[{"id":871,"href":"https:\/\/agora.xtec.cat\/cfaclot\/wp-json\/wp\/v2\/posts\/868\/revisions\/871"}],"wp:featuredmedia":[{"embeddable":true,"href":"https:\/\/agora.xtec.cat\/cfaclot\/wp-json\/wp\/v2\/media\/870"}],"wp:attachment":[{"href":"https:\/\/agora.xtec.cat\/cfaclot\/wp-json\/wp\/v2\/media?parent=868"}],"wp:term":[{"taxonomy":"category","embeddable":true,"href":"https:\/\/agora.xtec.cat\/cfaclot\/wp-json\/wp\/v2\/categories?post=868"},{"taxonomy":"post_tag","embeddable":true,"href":"https:\/\/agora.xtec.cat\/cfaclot\/wp-json\/wp\/v2\/tags?post=868"}],"curies":[{"name":"wp","href":"https:\/\/api.w.org\/{rel}","templated":true}]}}