{"id":841,"date":"2020-01-24T08:53:57","date_gmt":"2020-01-24T07:53:57","guid":{"rendered":"http:\/\/agora.xtec.cat\/cfaclot\/?p=841"},"modified":"2020-01-24T09:03:38","modified_gmt":"2020-01-24T08:03:38","slug":"visites-a-rac1-i-catalunya-radio","status":"publish","type":"post","link":"https:\/\/agora.xtec.cat\/cfaclot\/general\/visites-a-rac1-i-catalunya-radio\/","title":{"rendered":"VISITES A RAC1 I CATALUNYA R\u00c0DIO"},"content":{"rendered":"<p>Al llarg d&#8217;aquesta setmana hem fet visites a dues emissores de r\u00e0dio, el\u00a0dilluns 20 de gener l\u2019alumnat de GES tarda va anar a visitar el programa \u201cIsl\u00e0ndia\u201d de RAC1, presentat per l\u2019Albert Om. Va ser molt amable, dient per antena que tenien de p\u00fablic alumnes de l\u2019escola d\u2019adults d\u2019El Clot. Vam escoltar la conversa del dr. Estivill i la M\u00f2nica Planas sobre adormir-se als llocs p\u00fablics. Ella va mostrar les fotos que fa al metro, bus o tren de gent dormint i el doctor va donar-ne l\u2019explicaci\u00f3 cient\u00edfica. Despr\u00e9s van entrar el Pep Plaza i la Nina a fer la seva secci\u00f3. Com ens va agradar veure la Nina! El tema de la setmana era l\u2019actitud del p\u00fablic al teatre; si \u00e9s teatre musical perqu\u00e8 es posen a cantar i, en general, la mala educaci\u00f3 de qui va a un teatre i mira el m\u00f2bil, menja fent soroll o parla com si estigu\u00e9s al menjador de casa. Quan es va acabar, ens vam fer una foto amb l\u2019Albert Om, el Pep Plaza i la Maria Xinx\u00f3, que \u00e9s aquesta que veieu aqu\u00ed.<\/p>\n<p><a href=\"https:\/\/agora.xtec.cat\/cfaclot\/wp-content\/uploads\/usu1471\/2020\/01\/IMG-20200120-WA0009.jpg\"><img loading=\"lazy\" decoding=\"async\" class=\"alignnone wp-image-844\" src=\"https:\/\/agora.xtec.cat\/cfaclot\/wp-content\/uploads\/usu1471\/2020\/01\/IMG-20200120-WA0009-1024x768.jpg\" alt=\"\" width=\"488\" height=\"366\" srcset=\"https:\/\/agora.xtec.cat\/cfaclot\/wp-content\/uploads\/usu1471\/2020\/01\/IMG-20200120-WA0009-1024x768.jpg 1024w, https:\/\/agora.xtec.cat\/cfaclot\/wp-content\/uploads\/usu1471\/2020\/01\/IMG-20200120-WA0009-300x225.jpg 300w, https:\/\/agora.xtec.cat\/cfaclot\/wp-content\/uploads\/usu1471\/2020\/01\/IMG-20200120-WA0009-768x576.jpg 768w, https:\/\/agora.xtec.cat\/cfaclot\/wp-content\/uploads\/usu1471\/2020\/01\/IMG-20200120-WA0009-200x150.jpg 200w, https:\/\/agora.xtec.cat\/cfaclot\/wp-content\/uploads\/usu1471\/2020\/01\/IMG-20200120-WA0009.jpg 1600w\" sizes=\"auto, (max-width: 488px) 100vw, 488px\" \/><\/a> <a href=\"https:\/\/agora.xtec.cat\/cfaclot\/wp-content\/uploads\/usu1471\/2020\/01\/IMG-20200120-WA0008.jpg\"><img loading=\"lazy\" decoding=\"async\" class=\"alignnone wp-image-843\" src=\"https:\/\/agora.xtec.cat\/cfaclot\/wp-content\/uploads\/usu1471\/2020\/01\/IMG-20200120-WA0008-1024x768.jpg\" alt=\"\" width=\"487\" height=\"365\" \/><\/a><\/p>\n<p>I dijous 23 vam visitar Catalunya R\u00e0dio i els alumnes de GES mat\u00ed van participar al programa presentat per la M\u00f2nica Terribas, &#8220;El mat\u00ed de Catalunya R\u00e0dio&#8221;. Tamb\u00e9 van fer una simulaci\u00f3, gravant un butllet\u00ed de not\u00edcies.<\/p>\n<p><a href=\"https:\/\/agora.xtec.cat\/cfaclot\/wp-content\/uploads\/usu1471\/2020\/01\/IMG-20200123-WA0006.jpg\"><u><\/u><img loading=\"lazy\" decoding=\"async\" class=\"wp-image-842 aligncenter\" src=\"https:\/\/agora.xtec.cat\/cfaclot\/wp-content\/uploads\/usu1471\/2020\/01\/IMG-20200123-WA0006-1024x768.jpg\" alt=\"\" width=\"386\" height=\"289\" srcset=\"https:\/\/agora.xtec.cat\/cfaclot\/wp-content\/uploads\/usu1471\/2020\/01\/IMG-20200123-WA0006-1024x768.jpg 1024w, https:\/\/agora.xtec.cat\/cfaclot\/wp-content\/uploads\/usu1471\/2020\/01\/IMG-20200123-WA0006-300x225.jpg 300w, https:\/\/agora.xtec.cat\/cfaclot\/wp-content\/uploads\/usu1471\/2020\/01\/IMG-20200123-WA0006-768x576.jpg 768w, https:\/\/agora.xtec.cat\/cfaclot\/wp-content\/uploads\/usu1471\/2020\/01\/IMG-20200123-WA0006-200x150.jpg 200w, https:\/\/agora.xtec.cat\/cfaclot\/wp-content\/uploads\/usu1471\/2020\/01\/IMG-20200123-WA0006.jpg 1600w\" sizes=\"auto, (max-width: 386px) 100vw, 386px\" \/><\/a><\/p>\n","protected":false},"excerpt":{"rendered":"<p>Al llarg d&#8217;aquesta setmana hem fet visites a dues emissores de r\u00e0dio, el\u00a0dilluns 20 de gener l\u2019alumnat de GES tarda va anar a visitar el programa \u201cIsl\u00e0ndia\u201d de RAC1, presentat per l\u2019Albert Om. Va ser molt amable, dient per antena que tenien de p\u00fablic alumnes&hellip;  <a href=\"https:\/\/agora.xtec.cat\/cfaclot\/general\/visites-a-rac1-i-catalunya-radio\/\" title=\"Read VISITES A RAC1 I CATALUNYA R\u00c0DIO\">Llegeix m\u00e9s\u00bb<\/a><\/p>\n","protected":false},"author":1,"featured_media":843,"comment_status":"closed","ping_status":"closed","sticky":false,"template":"","format":"standard","meta":{"_bbp_topic_count":0,"_bbp_reply_count":0,"_bbp_total_topic_count":0,"_bbp_total_reply_count":0,"_bbp_voice_count":0,"_bbp_anonymous_reply_count":0,"_bbp_topic_count_hidden":0,"_bbp_reply_count_hidden":0,"_bbp_forum_subforum_count":0,"footnotes":""},"categories":[1,29],"tags":[83],"class_list":["post-841","post","type-post","status-publish","format-standard","has-post-thumbnail","hentry","category-general","category-portada","tag-activitats"],"post_mailing_queue_ids":[],"_links":{"self":[{"href":"https:\/\/agora.xtec.cat\/cfaclot\/wp-json\/wp\/v2\/posts\/841","targetHints":{"allow":["GET"]}}],"collection":[{"href":"https:\/\/agora.xtec.cat\/cfaclot\/wp-json\/wp\/v2\/posts"}],"about":[{"href":"https:\/\/agora.xtec.cat\/cfaclot\/wp-json\/wp\/v2\/types\/post"}],"author":[{"embeddable":true,"href":"https:\/\/agora.xtec.cat\/cfaclot\/wp-json\/wp\/v2\/users\/1"}],"replies":[{"embeddable":true,"href":"https:\/\/agora.xtec.cat\/cfaclot\/wp-json\/wp\/v2\/comments?post=841"}],"version-history":[{"count":1,"href":"https:\/\/agora.xtec.cat\/cfaclot\/wp-json\/wp\/v2\/posts\/841\/revisions"}],"predecessor-version":[{"id":846,"href":"https:\/\/agora.xtec.cat\/cfaclot\/wp-json\/wp\/v2\/posts\/841\/revisions\/846"}],"wp:featuredmedia":[{"embeddable":true,"href":"https:\/\/agora.xtec.cat\/cfaclot\/wp-json\/wp\/v2\/media\/843"}],"wp:attachment":[{"href":"https:\/\/agora.xtec.cat\/cfaclot\/wp-json\/wp\/v2\/media?parent=841"}],"wp:term":[{"taxonomy":"category","embeddable":true,"href":"https:\/\/agora.xtec.cat\/cfaclot\/wp-json\/wp\/v2\/categories?post=841"},{"taxonomy":"post_tag","embeddable":true,"href":"https:\/\/agora.xtec.cat\/cfaclot\/wp-json\/wp\/v2\/tags?post=841"}],"curies":[{"name":"wp","href":"https:\/\/api.w.org\/{rel}","templated":true}]}}