{"id":716,"date":"2019-05-18T18:11:02","date_gmt":"2019-05-18T16:11:02","guid":{"rendered":"http:\/\/agora.xtec.cat\/cfaclot\/?p=716"},"modified":"2019-05-18T18:16:14","modified_gmt":"2019-05-18T16:16:14","slug":"viatge-a-malta-i-agermanament-amb-lescola-dadults-de-msida","status":"publish","type":"post","link":"https:\/\/agora.xtec.cat\/cfaclot\/general\/viatge-a-malta-i-agermanament-amb-lescola-dadults-de-msida\/","title":{"rendered":"VIATGE A MALTA I AGERMANAMENT AMB L&#8217;ESCOLA D&#8217;ADULTS DE MSIDA"},"content":{"rendered":"<h3><span style=\"color: #000080;\">Del 15 al 17 de maig, 71 estudiants i professors del centre hem fet el viatge de final de curs a Malta. Vam visitar la seva capital, La Valeta i vam fer un rep\u00e0s hist\u00f2ric d&#8217;aquest petit pa\u00eds.\u00a0<\/span><\/h3>\n<p><a href=\"https:\/\/agora.xtec.cat\/cfaclot\/wp-content\/uploads\/usu1471\/2019\/05\/vALETA.jpg\"><img loading=\"lazy\" decoding=\"async\" class=\"alignnone wp-image-719\" src=\"https:\/\/agora.xtec.cat\/cfaclot\/wp-content\/uploads\/usu1471\/2019\/05\/vALETA-1024x575.jpg\" alt=\"\" width=\"470\" height=\"264\" \/><\/a><a href=\"https:\/\/agora.xtec.cat\/cfaclot\/wp-content\/uploads\/usu1471\/2019\/05\/IMG_20190515_184429-1.jpg\"><img loading=\"lazy\" decoding=\"async\" class=\"alignnone wp-image-718\" src=\"https:\/\/agora.xtec.cat\/cfaclot\/wp-content\/uploads\/usu1471\/2019\/05\/IMG_20190515_184429-1-1024x575.jpg\" alt=\"\" width=\"466\" height=\"262\" srcset=\"https:\/\/agora.xtec.cat\/cfaclot\/wp-content\/uploads\/usu1471\/2019\/05\/IMG_20190515_184429-1-1024x575.jpg 1024w, https:\/\/agora.xtec.cat\/cfaclot\/wp-content\/uploads\/usu1471\/2019\/05\/IMG_20190515_184429-1-300x168.jpg 300w, https:\/\/agora.xtec.cat\/cfaclot\/wp-content\/uploads\/usu1471\/2019\/05\/IMG_20190515_184429-1-768x431.jpg 768w\" sizes=\"auto, (max-width: 466px) 100vw, 466px\" \/><\/a><img loading=\"lazy\" decoding=\"async\" class=\"alignnone wp-image-721\" src=\"https:\/\/agora.xtec.cat\/cfaclot\/wp-content\/uploads\/usu1471\/2019\/05\/gRUP-1024x575.jpg\" alt=\"\" width=\"470\" height=\"264\" srcset=\"https:\/\/agora.xtec.cat\/cfaclot\/wp-content\/uploads\/usu1471\/2019\/05\/gRUP-1024x575.jpg 1024w, https:\/\/agora.xtec.cat\/cfaclot\/wp-content\/uploads\/usu1471\/2019\/05\/gRUP-300x168.jpg 300w, https:\/\/agora.xtec.cat\/cfaclot\/wp-content\/uploads\/usu1471\/2019\/05\/gRUP-768x431.jpg 768w\" sizes=\"auto, (max-width: 470px) 100vw, 470px\" \/><a href=\"https:\/\/agora.xtec.cat\/cfaclot\/wp-content\/uploads\/usu1471\/2019\/05\/bALCONS.jpg\"><img loading=\"lazy\" decoding=\"async\" class=\"alignnone wp-image-720\" src=\"https:\/\/agora.xtec.cat\/cfaclot\/wp-content\/uploads\/usu1471\/2019\/05\/bALCONS-1024x575.jpg\" alt=\"\" width=\"485\" height=\"271\" srcset=\"https:\/\/agora.xtec.cat\/cfaclot\/wp-content\/uploads\/usu1471\/2019\/05\/bALCONS-1024x575.jpg 1024w, https:\/\/agora.xtec.cat\/cfaclot\/wp-content\/uploads\/usu1471\/2019\/05\/bALCONS-300x168.jpg 300w, https:\/\/agora.xtec.cat\/cfaclot\/wp-content\/uploads\/usu1471\/2019\/05\/bALCONS-768x431.jpg 768w\" sizes=\"auto, (max-width: 485px) 100vw, 485px\" \/><\/a><\/p>\n<h3><span style=\"color: #0000ff;\">Dijous ens vam embarcar per a gaudir de la costa i d&#8217;un mogut mar fins arribar a l&#8217;illa de Gozo on vam visitar la ciutat de Vict\u00f2ria, la seva fortalesa, els temples megal\u00edtics de Ggantija i els espectaculars penya-segats on es va rodar algun episodi de Joc de Trons. De tornada cap a La Valeta vam passar abans per la petita illa de Comino.<\/span><\/h3>\n<p><a href=\"https:\/\/agora.xtec.cat\/cfaclot\/wp-content\/uploads\/usu1471\/2019\/05\/GOZO-ACATNT.jpg\"><img loading=\"lazy\" decoding=\"async\" class=\"wp-image-723 alignleft\" src=\"https:\/\/agora.xtec.cat\/cfaclot\/wp-content\/uploads\/usu1471\/2019\/05\/GOZO-ACATNT-1024x575.jpg\" alt=\"\" width=\"468\" height=\"262\" srcset=\"https:\/\/agora.xtec.cat\/cfaclot\/wp-content\/uploads\/usu1471\/2019\/05\/GOZO-ACATNT-1024x575.jpg 1024w, https:\/\/agora.xtec.cat\/cfaclot\/wp-content\/uploads\/usu1471\/2019\/05\/GOZO-ACATNT-300x168.jpg 300w, https:\/\/agora.xtec.cat\/cfaclot\/wp-content\/uploads\/usu1471\/2019\/05\/GOZO-ACATNT-768x431.jpg 768w\" sizes=\"auto, (max-width: 468px) 100vw, 468px\" \/><\/a><\/p>\n<p><a href=\"https:\/\/agora.xtec.cat\/cfaclot\/wp-content\/uploads\/usu1471\/2019\/05\/Ggantjia.jpg\"><img loading=\"lazy\" decoding=\"async\" class=\"wp-image-724 alignnone\" src=\"https:\/\/agora.xtec.cat\/cfaclot\/wp-content\/uploads\/usu1471\/2019\/05\/Ggantjia-1024x521.jpg\" alt=\"\" width=\"485\" height=\"247\" srcset=\"https:\/\/agora.xtec.cat\/cfaclot\/wp-content\/uploads\/usu1471\/2019\/05\/Ggantjia-1024x521.jpg 1024w, https:\/\/agora.xtec.cat\/cfaclot\/wp-content\/uploads\/usu1471\/2019\/05\/Ggantjia-300x153.jpg 300w, https:\/\/agora.xtec.cat\/cfaclot\/wp-content\/uploads\/usu1471\/2019\/05\/Ggantjia-768x391.jpg 768w, https:\/\/agora.xtec.cat\/cfaclot\/wp-content\/uploads\/usu1471\/2019\/05\/Ggantjia.jpg 1600w\" sizes=\"auto, (max-width: 485px) 100vw, 485px\" \/><\/a><\/p>\n<h3><span style=\"color: #0000ff;\">Divendres vam visitar el\u00a0<em>Lifelong Learning Center\u00a0<\/em>de Msida. \u00c9s una escola de persones adultes situada a una localitat ve\u00efna de La Valeta de caracter\u00edstiques molt similars a la nostra. La directora ens va presentar les activitats i ensenyaments que ofereix el centre i posteriorment vam visitar les diferents aules i parlar amb estudiants i professors. Finalment vam compartir un pica-pica amb productes t\u00edpics de Malta i tamb\u00e9 amb fuet catal\u00e0 mentre intercanvi\u00e0vem impressions entre tots, practicant l&#8217;angl\u00e8s nosaltres i, alguns dels alumnes maltesos el castell\u00e0<\/span>.<\/h3>\n<p><a href=\"https:\/\/agora.xtec.cat\/cfaclot\/wp-content\/uploads\/usu1471\/2019\/05\/IMG-20190518-WA0088.jpg\"><img loading=\"lazy\" decoding=\"async\" class=\"alignnone wp-image-725\" src=\"https:\/\/agora.xtec.cat\/cfaclot\/wp-content\/uploads\/usu1471\/2019\/05\/IMG-20190518-WA0088-1024x768.jpg\" alt=\"\" width=\"385\" height=\"288\" srcset=\"https:\/\/agora.xtec.cat\/cfaclot\/wp-content\/uploads\/usu1471\/2019\/05\/IMG-20190518-WA0088-1024x768.jpg 1024w, https:\/\/agora.xtec.cat\/cfaclot\/wp-content\/uploads\/usu1471\/2019\/05\/IMG-20190518-WA0088-300x225.jpg 300w, https:\/\/agora.xtec.cat\/cfaclot\/wp-content\/uploads\/usu1471\/2019\/05\/IMG-20190518-WA0088-768x576.jpg 768w, https:\/\/agora.xtec.cat\/cfaclot\/wp-content\/uploads\/usu1471\/2019\/05\/IMG-20190518-WA0088-200x150.jpg 200w, https:\/\/agora.xtec.cat\/cfaclot\/wp-content\/uploads\/usu1471\/2019\/05\/IMG-20190518-WA0088.jpg 1600w\" sizes=\"auto, (max-width: 385px) 100vw, 385px\" \/><\/a> <a href=\"https:\/\/agora.xtec.cat\/cfaclot\/wp-content\/uploads\/usu1471\/2019\/05\/IMG-20190518-WA0059.jpg\"><img loading=\"lazy\" decoding=\"async\" class=\"alignnone wp-image-727\" src=\"https:\/\/agora.xtec.cat\/cfaclot\/wp-content\/uploads\/usu1471\/2019\/05\/IMG-20190518-WA0059-1024x768.jpg\" alt=\"\" width=\"552\" height=\"414\" srcset=\"https:\/\/agora.xtec.cat\/cfaclot\/wp-content\/uploads\/usu1471\/2019\/05\/IMG-20190518-WA0059.jpg 1024w, https:\/\/agora.xtec.cat\/cfaclot\/wp-content\/uploads\/usu1471\/2019\/05\/IMG-20190518-WA0059-300x225.jpg 300w, https:\/\/agora.xtec.cat\/cfaclot\/wp-content\/uploads\/usu1471\/2019\/05\/IMG-20190518-WA0059-768x576.jpg 768w, https:\/\/agora.xtec.cat\/cfaclot\/wp-content\/uploads\/usu1471\/2019\/05\/IMG-20190518-WA0059-200x150.jpg 200w\" sizes=\"auto, (max-width: 552px) 100vw, 552px\" \/><\/a> <a href=\"https:\/\/agora.xtec.cat\/cfaclot\/wp-content\/uploads\/usu1471\/2019\/05\/IMG_20190518_160010_955.jpg\"><img loading=\"lazy\" decoding=\"async\" class=\"alignnone wp-image-726\" src=\"https:\/\/agora.xtec.cat\/cfaclot\/wp-content\/uploads\/usu1471\/2019\/05\/IMG_20190518_160010_955-1024x1024.jpg\" alt=\"\" width=\"380\" height=\"379\" srcset=\"https:\/\/agora.xtec.cat\/cfaclot\/wp-content\/uploads\/usu1471\/2019\/05\/IMG_20190518_160010_955-1024x1024.jpg 1024w, https:\/\/agora.xtec.cat\/cfaclot\/wp-content\/uploads\/usu1471\/2019\/05\/IMG_20190518_160010_955-150x150.jpg 150w, https:\/\/agora.xtec.cat\/cfaclot\/wp-content\/uploads\/usu1471\/2019\/05\/IMG_20190518_160010_955-300x300.jpg 300w, https:\/\/agora.xtec.cat\/cfaclot\/wp-content\/uploads\/usu1471\/2019\/05\/IMG_20190518_160010_955-768x768.jpg 768w, https:\/\/agora.xtec.cat\/cfaclot\/wp-content\/uploads\/usu1471\/2019\/05\/IMG_20190518_160010_955.jpg 1080w\" sizes=\"auto, (max-width: 380px) 100vw, 380px\" \/><\/a><a href=\"https:\/\/agora.xtec.cat\/cfaclot\/wp-content\/uploads\/usu1471\/2019\/05\/IMG_20190517_114313.jpg\"><img loading=\"lazy\" decoding=\"async\" class=\"wp-image-728 alignright\" src=\"https:\/\/agora.xtec.cat\/cfaclot\/wp-content\/uploads\/usu1471\/2019\/05\/IMG_20190517_114313-1024x575.jpg\" alt=\"\" width=\"565\" height=\"317\" srcset=\"https:\/\/agora.xtec.cat\/cfaclot\/wp-content\/uploads\/usu1471\/2019\/05\/IMG_20190517_114313-1024x575.jpg 1024w, https:\/\/agora.xtec.cat\/cfaclot\/wp-content\/uploads\/usu1471\/2019\/05\/IMG_20190517_114313-300x168.jpg 300w, https:\/\/agora.xtec.cat\/cfaclot\/wp-content\/uploads\/usu1471\/2019\/05\/IMG_20190517_114313-768x431.jpg 768w\" sizes=\"auto, (max-width: 565px) 100vw, 565px\" \/><\/a><a href=\"https:\/\/agora.xtec.cat\/cfaclot\/wp-content\/uploads\/usu1471\/2019\/05\/IMG_20190517_112032.jpg\"><img loading=\"lazy\" decoding=\"async\" class=\"wp-image-729 aligncenter\" src=\"https:\/\/agora.xtec.cat\/cfaclot\/wp-content\/uploads\/usu1471\/2019\/05\/IMG_20190517_112032-1024x575.jpg\" alt=\"\" width=\"746\" height=\"420\" srcset=\"https:\/\/agora.xtec.cat\/cfaclot\/wp-content\/uploads\/usu1471\/2019\/05\/IMG_20190517_112032-1024x575.jpg 1024w, https:\/\/agora.xtec.cat\/cfaclot\/wp-content\/uploads\/usu1471\/2019\/05\/IMG_20190517_112032-300x168.jpg 300w, https:\/\/agora.xtec.cat\/cfaclot\/wp-content\/uploads\/usu1471\/2019\/05\/IMG_20190517_112032-768x431.jpg 768w\" sizes=\"auto, (max-width: 746px) 100vw, 746px\" \/><\/a><\/p>\n<h3><span style=\"color: #0000ff;\">Aquesta primera trobada \u00e9s l&#8217;inici d&#8217;una voluntat de col\u00b7laboraci\u00f3 entre les dues escoles que molt possiblement es concretar\u00e0 amb la visita del estudiants de Malta a Barcelona el proper curs.<\/span><\/h3>\n","protected":false},"excerpt":{"rendered":"<p>Del 15 al 17 de maig hem estat de viatge de final de curs a Malta. Hem visitat l&#8217;escola d&#8217;adults de Msida, amb la que ens hem agermanat.&hellip;  <a href=\"https:\/\/agora.xtec.cat\/cfaclot\/general\/viatge-a-malta-i-agermanament-amb-lescola-dadults-de-msida\/\" title=\"Read VIATGE A MALTA I AGERMANAMENT AMB L&#8217;ESCOLA D&#8217;ADULTS DE MSIDA\">Llegeix m\u00e9s\u00bb<\/a><\/p>\n","protected":false},"author":1,"featured_media":719,"comment_status":"closed","ping_status":"closed","sticky":false,"template":"","format":"standard","meta":{"_bbp_topic_count":0,"_bbp_reply_count":0,"_bbp_total_topic_count":0,"_bbp_total_reply_count":0,"_bbp_voice_count":0,"_bbp_anonymous_reply_count":0,"_bbp_topic_count_hidden":0,"_bbp_reply_count_hidden":0,"_bbp_forum_subforum_count":0,"footnotes":""},"categories":[1,29],"tags":[80,85],"class_list":["post-716","post","type-post","status-publish","format-standard","has-post-thumbnail","hentry","category-general","category-portada","tag-activitats-extraescolars","tag-viatges"],"post_mailing_queue_ids":[],"_links":{"self":[{"href":"https:\/\/agora.xtec.cat\/cfaclot\/wp-json\/wp\/v2\/posts\/716","targetHints":{"allow":["GET"]}}],"collection":[{"href":"https:\/\/agora.xtec.cat\/cfaclot\/wp-json\/wp\/v2\/posts"}],"about":[{"href":"https:\/\/agora.xtec.cat\/cfaclot\/wp-json\/wp\/v2\/types\/post"}],"author":[{"embeddable":true,"href":"https:\/\/agora.xtec.cat\/cfaclot\/wp-json\/wp\/v2\/users\/1"}],"replies":[{"embeddable":true,"href":"https:\/\/agora.xtec.cat\/cfaclot\/wp-json\/wp\/v2\/comments?post=716"}],"version-history":[{"count":3,"href":"https:\/\/agora.xtec.cat\/cfaclot\/wp-json\/wp\/v2\/posts\/716\/revisions"}],"predecessor-version":[{"id":731,"href":"https:\/\/agora.xtec.cat\/cfaclot\/wp-json\/wp\/v2\/posts\/716\/revisions\/731"}],"wp:featuredmedia":[{"embeddable":true,"href":"https:\/\/agora.xtec.cat\/cfaclot\/wp-json\/wp\/v2\/media\/719"}],"wp:attachment":[{"href":"https:\/\/agora.xtec.cat\/cfaclot\/wp-json\/wp\/v2\/media?parent=716"}],"wp:term":[{"taxonomy":"category","embeddable":true,"href":"https:\/\/agora.xtec.cat\/cfaclot\/wp-json\/wp\/v2\/categories?post=716"},{"taxonomy":"post_tag","embeddable":true,"href":"https:\/\/agora.xtec.cat\/cfaclot\/wp-json\/wp\/v2\/tags?post=716"}],"curies":[{"name":"wp","href":"https:\/\/api.w.org\/{rel}","templated":true}]}}