{"id":639,"date":"2019-02-12T15:33:51","date_gmt":"2019-02-12T14:33:51","guid":{"rendered":"http:\/\/agora.xtec.cat\/cfaclot\/?p=639"},"modified":"2019-02-12T16:25:56","modified_gmt":"2019-02-12T15:25:56","slug":"dia-internacional-de-la-dona-i-la-nena-a-la-ciencia","status":"publish","type":"post","link":"https:\/\/agora.xtec.cat\/cfaclot\/general\/dia-internacional-de-la-dona-i-la-nena-a-la-ciencia\/","title":{"rendered":"DIA INTERNACIONAL DE LA DONA I LA NENA A LA CI\u00c8NCIA"},"content":{"rendered":"<p>L&#8217;11 de febrer se celebra el dia internacional de la dona i la nena a la ci\u00e8ncia. Si et preguntem que diguis el nom de cient\u00edfics famosos, \u00e9s possible que anomenis homes i potser Marie Curie. Per\u00f2 al llarg de la hist\u00f2ria hi ha hagut moltes dones que s&#8217;han dedicat a la ci\u00e8ncia. Avui hem recordat a les classes de ci\u00e8ncies de l&#8217;escola algunes d&#8217;aquestes dones. Des de Hypatia fins a Lynn Margulis i Josefina Castellv\u00ed, passant per Rosalind Franklin o Mileva Maric. T&#8217;animem que busquis informaci\u00f3 sobre aquestes i d&#8217;altres dones cient\u00edfiques.<\/p>\n<p><a href=\"https:\/\/agora.xtec.cat\/cfaclot\/wp-content\/uploads\/usu1471\/2019\/02\/dones-cientificaa.png\"><img loading=\"lazy\" decoding=\"async\" class=\"alignnone size-large wp-image-643\" src=\"https:\/\/agora.xtec.cat\/cfaclot\/wp-content\/uploads\/usu1471\/2019\/02\/dones-cientificaa-1024x578.png\" alt=\"\" width=\"1024\" height=\"578\" srcset=\"https:\/\/agora.xtec.cat\/cfaclot\/wp-content\/uploads\/usu1471\/2019\/02\/dones-cientificaa-1024x578.png 1024w, https:\/\/agora.xtec.cat\/cfaclot\/wp-content\/uploads\/usu1471\/2019\/02\/dones-cientificaa-300x169.png 300w, https:\/\/agora.xtec.cat\/cfaclot\/wp-content\/uploads\/usu1471\/2019\/02\/dones-cientificaa-768x433.png 768w, https:\/\/agora.xtec.cat\/cfaclot\/wp-content\/uploads\/usu1471\/2019\/02\/dones-cientificaa.png 1127w\" sizes=\"auto, (max-width: 1024px) 100vw, 1024px\" \/><\/a><\/p>\n<p><a href=\"https:\/\/agora.xtec.cat\/cfaclot\/wp-content\/uploads\/usu1471\/2019\/02\/nom-dones-segon.png\"><img loading=\"lazy\" decoding=\"async\" class=\"alignnone size-large wp-image-645\" src=\"https:\/\/agora.xtec.cat\/cfaclot\/wp-content\/uploads\/usu1471\/2019\/02\/nom-dones-segon-1024x591.png\" alt=\"\" width=\"1024\" height=\"591\" srcset=\"https:\/\/agora.xtec.cat\/cfaclot\/wp-content\/uploads\/usu1471\/2019\/02\/nom-dones-segon-1024x591.png 1024w, https:\/\/agora.xtec.cat\/cfaclot\/wp-content\/uploads\/usu1471\/2019\/02\/nom-dones-segon-300x173.png 300w, https:\/\/agora.xtec.cat\/cfaclot\/wp-content\/uploads\/usu1471\/2019\/02\/nom-dones-segon-768x443.png 768w, https:\/\/agora.xtec.cat\/cfaclot\/wp-content\/uploads\/usu1471\/2019\/02\/nom-dones-segon.png 1038w\" sizes=\"auto, (max-width: 1024px) 100vw, 1024px\" \/><\/a><\/p>\n<p><a href=\"https:\/\/agora.xtec.cat\/cfaclot\/wp-content\/uploads\/usu1471\/2019\/02\/fotos-dones.png\"><img loading=\"lazy\" decoding=\"async\" class=\"alignnone size-large wp-image-641\" src=\"https:\/\/agora.xtec.cat\/cfaclot\/wp-content\/uploads\/usu1471\/2019\/02\/fotos-dones-1024x691.png\" alt=\"\" width=\"1024\" height=\"691\" srcset=\"https:\/\/agora.xtec.cat\/cfaclot\/wp-content\/uploads\/usu1471\/2019\/02\/fotos-dones-1024x691.png 1024w, https:\/\/agora.xtec.cat\/cfaclot\/wp-content\/uploads\/usu1471\/2019\/02\/fotos-dones-300x202.png 300w, https:\/\/agora.xtec.cat\/cfaclot\/wp-content\/uploads\/usu1471\/2019\/02\/fotos-dones-768x518.png 768w, https:\/\/agora.xtec.cat\/cfaclot\/wp-content\/uploads\/usu1471\/2019\/02\/fotos-dones.png 1232w\" sizes=\"auto, (max-width: 1024px) 100vw, 1024px\" \/><\/a><\/p>\n","protected":false},"excerpt":{"rendered":"<p>L&#8217;11 de febrer se celebra el dia internacional de la dona i la nena a la ci\u00e8ncia. Si et preguntem que diguis el nom de cient\u00edfics famosos, \u00e9s possible que anomenis homes i potser Marie Curie. Per\u00f2 al llarg de la hist\u00f2ria hi ha hagut&hellip;  <a href=\"https:\/\/agora.xtec.cat\/cfaclot\/general\/dia-internacional-de-la-dona-i-la-nena-a-la-ciencia\/\" title=\"Read DIA INTERNACIONAL DE LA DONA I LA NENA A LA CI\u00c8NCIA\">Llegeix m\u00e9s\u00bb<\/a><\/p>\n","protected":false},"author":1,"featured_media":640,"comment_status":"closed","ping_status":"closed","sticky":false,"template":"","format":"standard","meta":{"_bbp_topic_count":0,"_bbp_reply_count":0,"_bbp_total_topic_count":0,"_bbp_total_reply_count":0,"_bbp_voice_count":0,"_bbp_anonymous_reply_count":0,"_bbp_topic_count_hidden":0,"_bbp_reply_count_hidden":0,"_bbp_forum_subforum_count":0,"footnotes":""},"categories":[1,29],"tags":[],"class_list":["post-639","post","type-post","status-publish","format-standard","has-post-thumbnail","hentry","category-general","category-portada"],"post_mailing_queue_ids":[],"_links":{"self":[{"href":"https:\/\/agora.xtec.cat\/cfaclot\/wp-json\/wp\/v2\/posts\/639","targetHints":{"allow":["GET"]}}],"collection":[{"href":"https:\/\/agora.xtec.cat\/cfaclot\/wp-json\/wp\/v2\/posts"}],"about":[{"href":"https:\/\/agora.xtec.cat\/cfaclot\/wp-json\/wp\/v2\/types\/post"}],"author":[{"embeddable":true,"href":"https:\/\/agora.xtec.cat\/cfaclot\/wp-json\/wp\/v2\/users\/1"}],"replies":[{"embeddable":true,"href":"https:\/\/agora.xtec.cat\/cfaclot\/wp-json\/wp\/v2\/comments?post=639"}],"version-history":[{"count":3,"href":"https:\/\/agora.xtec.cat\/cfaclot\/wp-json\/wp\/v2\/posts\/639\/revisions"}],"predecessor-version":[{"id":647,"href":"https:\/\/agora.xtec.cat\/cfaclot\/wp-json\/wp\/v2\/posts\/639\/revisions\/647"}],"wp:featuredmedia":[{"embeddable":true,"href":"https:\/\/agora.xtec.cat\/cfaclot\/wp-json\/wp\/v2\/media\/640"}],"wp:attachment":[{"href":"https:\/\/agora.xtec.cat\/cfaclot\/wp-json\/wp\/v2\/media?parent=639"}],"wp:term":[{"taxonomy":"category","embeddable":true,"href":"https:\/\/agora.xtec.cat\/cfaclot\/wp-json\/wp\/v2\/categories?post=639"},{"taxonomy":"post_tag","embeddable":true,"href":"https:\/\/agora.xtec.cat\/cfaclot\/wp-json\/wp\/v2\/tags?post=639"}],"curies":[{"name":"wp","href":"https:\/\/api.w.org\/{rel}","templated":true}]}}