{"id":1914,"date":"2024-12-06T12:10:12","date_gmt":"2024-12-06T11:10:12","guid":{"rendered":"https:\/\/agora.xtec.cat\/cfaclot\/?p=1914"},"modified":"2024-12-06T12:19:34","modified_gmt":"2024-12-06T11:19:34","slug":"alumnes-de-lescola-marxen-derasmus-a-italia","status":"publish","type":"post","link":"https:\/\/agora.xtec.cat\/cfaclot\/general\/alumnes-de-lescola-marxen-derasmus-a-italia\/","title":{"rendered":"ALUMNES DE L&#8217;ESCOLA MARXEN D&#8217;ERASMUS A IT\u00c0LIA"},"content":{"rendered":"<p><a href=\"https:\/\/agora.xtec.cat\/cfaclot\/wp-content\/uploads\/usu1471\/2024\/12\/amb-rosario-1.jpg\"><img loading=\"lazy\" decoding=\"async\" class=\"aligncenter size-large wp-image-1930\" src=\"https:\/\/agora.xtec.cat\/cfaclot\/wp-content\/uploads\/usu1471\/2024\/12\/amb-rosario-1-1024x355.jpg\" alt=\"\" width=\"1024\" height=\"355\" srcset=\"https:\/\/agora.xtec.cat\/cfaclot\/wp-content\/uploads\/usu1471\/2024\/12\/amb-rosario-1-1024x355.jpg 1024w, https:\/\/agora.xtec.cat\/cfaclot\/wp-content\/uploads\/usu1471\/2024\/12\/amb-rosario-1-300x104.jpg 300w, https:\/\/agora.xtec.cat\/cfaclot\/wp-content\/uploads\/usu1471\/2024\/12\/amb-rosario-1-768x266.jpg 768w, https:\/\/agora.xtec.cat\/cfaclot\/wp-content\/uploads\/usu1471\/2024\/12\/amb-rosario-1.jpg 1166w\" sizes=\"auto, (max-width: 1024px) 100vw, 1024px\" \/><\/a>Durant una setmana quatre estudiants de GES2 han sigut els protagonistes de la primera mobilitat Erasmus de l&#8217;escola a un pa\u00eds de la Uni\u00f3 Europea. Acompanyats de dues professores, han visitat l&#8217;Istituto Moss\u00e8 Bianchi de Monza. Al llarg de la setmana han assistit a les classes d&#8217;aquest centre de formaci\u00f3 professional, han compartit molts moments amb estudiants italians i tamb\u00e9 han pogut con\u00e8ixer una nova cultura.<\/p>\n<p>Aquesta mobilitat \u00e9s una de les activitats que tenim previstes al nostre projecte Erasmus+. Al llarg del curs farem dues visites m\u00e9s a altres pa\u00efsos de la UE i m\u00e9s alumnes podran gaudir de l&#8217;experi\u00e8ncia. Continuarem amb les formacions que el professorat del centre fa sobre els objectius del nostre projecte per tal de con\u00e8ixer docents de diversos pa\u00efsos i adquirir coneixements per poder aplicar al nostre centre. Tamb\u00e9 rebrem la visita de professorat europeu interessat a con\u00e8ixer la nostra escola.<\/p>\n<p>Els mateixos estudiants que han visitat It\u00e0lia han preparat <a href=\"https:\/\/drive.google.com\/file\/d\/1yLRfuSGTGQU4ceA4et55M9yFC5voKDXb\/view?usp=drive_link\">AQUESTA PRESENTACI\u00d3<\/a> que mostra totes les activitats fetes al llarg de l&#8217;estada a Mil\u00e0 i Monza.<\/p>\n<p>Podeu veure altres activitats Erasmus que l&#8217;escola ha fet durant els darrers cursos <a href=\"https:\/\/sites.google.com\/xtec.cat\/erasmuscfaelclot?usp=sharing\">AQU\u00cd<\/a><\/p>\n<p><a href=\"https:\/\/agora.xtec.cat\/cfaclot\/wp-content\/uploads\/usu1471\/2024\/11\/1732906289022.jpg\"><img loading=\"lazy\" decoding=\"async\" class=\"wp-image-1923 alignleft\" src=\"https:\/\/agora.xtec.cat\/cfaclot\/wp-content\/uploads\/usu1471\/2024\/11\/1732906289022-578x1024.jpg\" alt=\"\" width=\"349\" height=\"618\" srcset=\"https:\/\/agora.xtec.cat\/cfaclot\/wp-content\/uploads\/usu1471\/2024\/11\/1732906289022-578x1024.jpg 578w, https:\/\/agora.xtec.cat\/cfaclot\/wp-content\/uploads\/usu1471\/2024\/11\/1732906289022-169x300.jpg 169w, https:\/\/agora.xtec.cat\/cfaclot\/wp-content\/uploads\/usu1471\/2024\/11\/1732906289022.jpg 722w\" sizes=\"auto, (max-width: 349px) 100vw, 349px\" \/><\/a><a href=\"https:\/\/agora.xtec.cat\/cfaclot\/wp-content\/uploads\/usu1471\/2024\/11\/1732906455896.jpg\"><img loading=\"lazy\" decoding=\"async\" class=\"wp-image-1922 alignright\" src=\"https:\/\/agora.xtec.cat\/cfaclot\/wp-content\/uploads\/usu1471\/2024\/11\/1732906455896-473x1024.jpg\" alt=\"\" width=\"308\" height=\"666\" srcset=\"https:\/\/agora.xtec.cat\/cfaclot\/wp-content\/uploads\/usu1471\/2024\/11\/1732906455896-473x1024.jpg 473w, https:\/\/agora.xtec.cat\/cfaclot\/wp-content\/uploads\/usu1471\/2024\/11\/1732906455896-139x300.jpg 139w, https:\/\/agora.xtec.cat\/cfaclot\/wp-content\/uploads\/usu1471\/2024\/11\/1732906455896.jpg 591w\" sizes=\"auto, (max-width: 308px) 100vw, 308px\" \/><\/a> <a href=\"https:\/\/agora.xtec.cat\/cfaclot\/wp-content\/uploads\/usu1471\/2024\/11\/1732906455953.jpg\"><img loading=\"lazy\" decoding=\"async\" class=\"wp-image-1921 alignleft\" src=\"https:\/\/agora.xtec.cat\/cfaclot\/wp-content\/uploads\/usu1471\/2024\/11\/1732906455953-473x1024.jpg\" alt=\"\" width=\"272\" height=\"589\" srcset=\"https:\/\/agora.xtec.cat\/cfaclot\/wp-content\/uploads\/usu1471\/2024\/11\/1732906455953-473x1024.jpg 473w, https:\/\/agora.xtec.cat\/cfaclot\/wp-content\/uploads\/usu1471\/2024\/11\/1732906455953-139x300.jpg 139w, https:\/\/agora.xtec.cat\/cfaclot\/wp-content\/uploads\/usu1471\/2024\/11\/1732906455953.jpg 591w\" sizes=\"auto, (max-width: 272px) 100vw, 272px\" \/><\/a> <a href=\"https:\/\/agora.xtec.cat\/cfaclot\/wp-content\/uploads\/usu1471\/2024\/11\/1732906455975.jpg\"><img loading=\"lazy\" decoding=\"async\" class=\" wp-image-1920 alignright\" src=\"https:\/\/agora.xtec.cat\/cfaclot\/wp-content\/uploads\/usu1471\/2024\/11\/1732906455975-473x1024.jpg\" alt=\"\" width=\"361\" height=\"781\" srcset=\"https:\/\/agora.xtec.cat\/cfaclot\/wp-content\/uploads\/usu1471\/2024\/11\/1732906455975-473x1024.jpg 473w, https:\/\/agora.xtec.cat\/cfaclot\/wp-content\/uploads\/usu1471\/2024\/11\/1732906455975-139x300.jpg 139w, https:\/\/agora.xtec.cat\/cfaclot\/wp-content\/uploads\/usu1471\/2024\/11\/1732906455975.jpg 591w\" sizes=\"auto, (max-width: 361px) 100vw, 361px\" \/><\/a> <a href=\"https:\/\/agora.xtec.cat\/cfaclot\/wp-content\/uploads\/usu1471\/2024\/11\/1732906455964.jpg\"><img loading=\"lazy\" decoding=\"async\" class=\"aligncenter wp-image-1919\" src=\"https:\/\/agora.xtec.cat\/cfaclot\/wp-content\/uploads\/usu1471\/2024\/11\/1732906455964-473x1024.jpg\" alt=\"\" width=\"339\" height=\"734\" srcset=\"https:\/\/agora.xtec.cat\/cfaclot\/wp-content\/uploads\/usu1471\/2024\/11\/1732906455964-473x1024.jpg 473w, https:\/\/agora.xtec.cat\/cfaclot\/wp-content\/uploads\/usu1471\/2024\/11\/1732906455964-139x300.jpg 139w, https:\/\/agora.xtec.cat\/cfaclot\/wp-content\/uploads\/usu1471\/2024\/11\/1732906455964.jpg 591w\" sizes=\"auto, (max-width: 339px) 100vw, 339px\" \/><\/a> <a href=\"https:\/\/agora.xtec.cat\/cfaclot\/wp-content\/uploads\/usu1471\/2024\/11\/1732906455930.jpg\"><img loading=\"lazy\" decoding=\"async\" class=\"aligncenter size-large wp-image-1918\" src=\"https:\/\/agora.xtec.cat\/cfaclot\/wp-content\/uploads\/usu1471\/2024\/11\/1732906455930-1024x576.jpg\" alt=\"\" width=\"1024\" height=\"576\" srcset=\"https:\/\/agora.xtec.cat\/cfaclot\/wp-content\/uploads\/usu1471\/2024\/11\/1732906455930-1024x576.jpg 1024w, https:\/\/agora.xtec.cat\/cfaclot\/wp-content\/uploads\/usu1471\/2024\/11\/1732906455930-300x169.jpg 300w, https:\/\/agora.xtec.cat\/cfaclot\/wp-content\/uploads\/usu1471\/2024\/11\/1732906455930-768x432.jpg 768w, https:\/\/agora.xtec.cat\/cfaclot\/wp-content\/uploads\/usu1471\/2024\/11\/1732906455930.jpg 1280w\" sizes=\"auto, (max-width: 1024px) 100vw, 1024px\" \/><\/a><\/p>\n","protected":false},"excerpt":{"rendered":"<p><a href=\"https:\/\/agora.xtec.cat\/cfaclot\/wp-content\/uploads\/usu1471\/2024\/12\/amb-rosario-1.jpg\"><\/a>Durant una setmana quatre estudiants de GES2 han sigut els protagonistes de la primera mobilitat Erasmus de l&#8217;escola a un pa\u00eds de la Uni\u00f3 Europea. Acompanyats de dues professores, han visitat l&#8217;Istituto Moss\u00e8 Bianchi de Monza. Al llarg de la setmana han assistit a&hellip;  <a href=\"https:\/\/agora.xtec.cat\/cfaclot\/general\/alumnes-de-lescola-marxen-derasmus-a-italia\/\" title=\"Read ALUMNES DE L&#8217;ESCOLA MARXEN D&#8217;ERASMUS A IT\u00c0LIA\">Llegeix m\u00e9s\u00bb<\/a><\/p>\n","protected":false},"author":1,"featured_media":1930,"comment_status":"closed","ping_status":"closed","sticky":false,"template":"","format":"standard","meta":{"_bbp_topic_count":0,"_bbp_reply_count":0,"_bbp_total_topic_count":0,"_bbp_total_reply_count":0,"_bbp_voice_count":0,"_bbp_anonymous_reply_count":0,"_bbp_topic_count_hidden":0,"_bbp_reply_count_hidden":0,"_bbp_forum_subforum_count":0,"footnotes":""},"categories":[1,29],"tags":[90],"class_list":["post-1914","post","type-post","status-publish","format-standard","has-post-thumbnail","hentry","category-general","category-portada","tag-erasmus"],"post_mailing_queue_ids":[],"_links":{"self":[{"href":"https:\/\/agora.xtec.cat\/cfaclot\/wp-json\/wp\/v2\/posts\/1914","targetHints":{"allow":["GET"]}}],"collection":[{"href":"https:\/\/agora.xtec.cat\/cfaclot\/wp-json\/wp\/v2\/posts"}],"about":[{"href":"https:\/\/agora.xtec.cat\/cfaclot\/wp-json\/wp\/v2\/types\/post"}],"author":[{"embeddable":true,"href":"https:\/\/agora.xtec.cat\/cfaclot\/wp-json\/wp\/v2\/users\/1"}],"replies":[{"embeddable":true,"href":"https:\/\/agora.xtec.cat\/cfaclot\/wp-json\/wp\/v2\/comments?post=1914"}],"version-history":[{"count":6,"href":"https:\/\/agora.xtec.cat\/cfaclot\/wp-json\/wp\/v2\/posts\/1914\/revisions"}],"predecessor-version":[{"id":1933,"href":"https:\/\/agora.xtec.cat\/cfaclot\/wp-json\/wp\/v2\/posts\/1914\/revisions\/1933"}],"wp:featuredmedia":[{"embeddable":true,"href":"https:\/\/agora.xtec.cat\/cfaclot\/wp-json\/wp\/v2\/media\/1930"}],"wp:attachment":[{"href":"https:\/\/agora.xtec.cat\/cfaclot\/wp-json\/wp\/v2\/media?parent=1914"}],"wp:term":[{"taxonomy":"category","embeddable":true,"href":"https:\/\/agora.xtec.cat\/cfaclot\/wp-json\/wp\/v2\/categories?post=1914"},{"taxonomy":"post_tag","embeddable":true,"href":"https:\/\/agora.xtec.cat\/cfaclot\/wp-json\/wp\/v2\/tags?post=1914"}],"curies":[{"name":"wp","href":"https:\/\/api.w.org\/{rel}","templated":true}]}}