{"id":1774,"date":"2024-04-25T13:09:01","date_gmt":"2024-04-25T11:09:01","guid":{"rendered":"https:\/\/agora.xtec.cat\/cfaclot\/?p=1774"},"modified":"2024-04-26T08:45:51","modified_gmt":"2024-04-26T06:45:51","slug":"participem-al-concurs-el-gust-per-la-lectura-4","status":"publish","type":"post","link":"https:\/\/agora.xtec.cat\/cfaclot\/general\/participem-al-concurs-el-gust-per-la-lectura-4\/","title":{"rendered":"PARTICIPEM AL CONCURS &#8220;EL GUST PER LA LECTURA&#8221;"},"content":{"rendered":"<p><span style=\"font-weight: 400;\">Un any m\u00e9s ens hem inscrit al concurs <a href=\"https:\/\/xtec.gencat.cat\/ca\/projectes\/lectura\/gustperlalectura\" target=\"_blank\" rel=\"noopener\"><b>El gust per la lectura<\/b><\/a> que convoca el Departament d&#8217;Educaci\u00f3. Despr\u00e9s de mesos treballant a l&#8217;aula el\u00a0 llibre <b><i>Els crims de la taula peri\u00f2dica<\/i> <\/b>aquest Sant Jordi hem tingut el plaer d\u2019escoltar els seus autors: e<\/span><span style=\"font-weight: 400;\">l<\/span> <span style=\"font-weight: 400;\">Jordi de Manuel i el Xavier Duran. Amb l\u2019alumnat de GES 2 hem pogut conversar sobre la hist\u00f2ria, els protagonistes i aprofundir en el proc\u00e9s creatiu d\u2019aquesta novel\u00b7la negra que hem llegit al llarg del segon trimestre. Els escriptors han compartit l\u2019origen de la idea, la metodologia que adopten a l\u2019hora d\u2019escriure a quatre mans i,fins i tot, an\u00e8cdotes sobre els personatges i els diferents objectius que volien assolir.\u00a0<\/span><\/p>\n<p><span style=\"font-weight: 400;\">Aquest acte tanca una s\u00e8rie d\u2019activitats entorn de la lectura d\u2019aquesta obra; val a dir que participem al concurs amb diversos treballs de l\u2019alumnat<\/span><span style=\"font-weight: 400;\">: uns p\u00f2dcasts que compartim en el <\/span><a href=\"https:\/\/www.ivoox.com\/perfil-cfaelclot_a8_podcaster_30187952_1.html\" target=\"_blank\" rel=\"noopener\"><span style=\"font-weight: 400;\">nostre IVOOX<\/span><\/a><span style=\"font-weight: 400;\"> i que tamb\u00e9 difon la <\/span><a href=\"https:\/\/www.ateneudelclot.com\/radioateneuclot\/\" target=\"_blank\" rel=\"noopener\"><span style=\"font-weight: 400;\">R\u00e0dio Ateneu del Clot<\/span><\/a><span style=\"font-weight: 400;\">, una emissora en l\u00ednia col\u00b7lectiva en la qual col\u00b7laborem des de l&#8217;any passat. Els programes\u00a0 de r\u00e0dio pertanyen a diferents tem\u00e0tiques, <\/span><a href=\"https:\/\/go.ivoox.com\/rf\/127997060\" target=\"_blank\" rel=\"noopener\"><span style=\"font-weight: 400;\">algun \u00e9s m\u00e9s de divulgaci\u00f3 cient\u00edfica<\/span><\/a><span style=\"font-weight: 400;\">, i d\u2019altres estan vinculats a tem\u00e0tiques socials. L\u2019objectiu ha estat aprofundir en les realitats que planteja el llibre i sensibilitzar el nostre alumnat, no nom\u00e9s sobre temes cient\u00edfics, sin\u00f3 tamb\u00e9 promoure el debat sobre aspectes m\u00e9s invisibles com l\u2019aporof\u00f2bia, la pobresa, el racisme o el sensellarisme; invisibles per a alguns sectors de la societat.\u00a0<\/span><\/p>\n<p><span style=\"font-weight: 400;\">Esperem que gaudiu d\u2019aquests p\u00f2dcasts que s\u2019han elaborat amb la col\u00b7laboraci\u00f3 del voluntariat de la <\/span><a href=\"https:\/\/www.arrelsfundacio.org\/\" target=\"_blank\" rel=\"noopener\"><span style=\"font-weight: 400;\">Fundaci\u00f3 Arrels<\/span><\/a><span style=\"font-weight: 400;\">, del professorat del centre i d\u2019altres entitats que han accedit a ser entrevistades. Des dels m\u00f2duls de llengua catalana i f\u00edsica i qu\u00edmica hem treballat continguts del llibre de manera transversal, amb l\u2019ajut del m\u00f2dul de socials i el suport de l\u2019\u00e0mbit digital.<\/span><\/p>\n<p>A continuaci\u00f3 teniu alguns p\u00f2dcasts que l&#8217;alumnat ha fet:<\/p>\n<p><span style=\"font-weight: 400;\">\u201cEls misteris de la taula peri\u00f2dica\u201d: <\/span><a href=\"https:\/\/go.ivoox.com\/rf\/127997060\" target=\"_blank\" rel=\"noopener\"><span style=\"font-weight: 400;\">https:\/\/go.ivoox.com\/rf\/127997060<\/span><\/a><\/p>\n<p><span style=\"font-weight: 400;\">\u201cVides invisibles\u201d <\/span><a href=\"https:\/\/go.ivoox.com\/rf\/127996894\" target=\"_blank\" rel=\"noopener\"><span style=\"font-weight: 400;\">https:\/\/go.ivoox.com\/rf\/127996894<\/span><\/a><\/p>\n<p><span style=\"font-weight: 400;\">\u201cCampanya de sensibilitzaci\u00f3: el sensellarisme\u201d: <\/span><a href=\"https:\/\/go.ivoox.com\/rf\/127824604\" target=\"_blank\" rel=\"noopener\"><span style=\"font-weight: 400;\">https:\/\/go.ivoox.com\/rf\/127824604<\/span><\/a><\/p>\n<p><a href=\"https:\/\/agora.xtec.cat\/cfaclot\/wp-content\/uploads\/usu1471\/2024\/04\/1714041314859-scaled.jpg\"><img loading=\"lazy\" decoding=\"async\" class=\"aligncenter size-large wp-image-1775\" src=\"https:\/\/agora.xtec.cat\/cfaclot\/wp-content\/uploads\/usu1471\/2024\/04\/1714041314859-768x1024.jpg\" alt=\"\" width=\"768\" height=\"1024\" srcset=\"https:\/\/agora.xtec.cat\/cfaclot\/wp-content\/uploads\/usu1471\/2024\/04\/1714041314859-768x1024.jpg 768w, https:\/\/agora.xtec.cat\/cfaclot\/wp-content\/uploads\/usu1471\/2024\/04\/1714041314859-225x300.jpg 225w, https:\/\/agora.xtec.cat\/cfaclot\/wp-content\/uploads\/usu1471\/2024\/04\/1714041314859-1152x1536.jpg 1152w, https:\/\/agora.xtec.cat\/cfaclot\/wp-content\/uploads\/usu1471\/2024\/04\/1714041314859-1536x2048.jpg 1536w, https:\/\/agora.xtec.cat\/cfaclot\/wp-content\/uploads\/usu1471\/2024\/04\/1714041314859-scaled.jpg 1920w\" sizes=\"auto, (max-width: 768px) 100vw, 768px\" \/><\/a> <a href=\"https:\/\/agora.xtec.cat\/cfaclot\/wp-content\/uploads\/usu1471\/2024\/04\/1714041314866-scaled.jpg\"><img loading=\"lazy\" decoding=\"async\" class=\"aligncenter size-large wp-image-1776\" src=\"https:\/\/agora.xtec.cat\/cfaclot\/wp-content\/uploads\/usu1471\/2024\/04\/1714041314866-1024x768.jpg\" alt=\"\" width=\"1024\" height=\"768\" srcset=\"https:\/\/agora.xtec.cat\/cfaclot\/wp-content\/uploads\/usu1471\/2024\/04\/1714041314866-1024x768.jpg 1024w, https:\/\/agora.xtec.cat\/cfaclot\/wp-content\/uploads\/usu1471\/2024\/04\/1714041314866-300x225.jpg 300w, https:\/\/agora.xtec.cat\/cfaclot\/wp-content\/uploads\/usu1471\/2024\/04\/1714041314866-768x576.jpg 768w, https:\/\/agora.xtec.cat\/cfaclot\/wp-content\/uploads\/usu1471\/2024\/04\/1714041314866-1536x1152.jpg 1536w, https:\/\/agora.xtec.cat\/cfaclot\/wp-content\/uploads\/usu1471\/2024\/04\/1714041314866-2048x1536.jpg 2048w, https:\/\/agora.xtec.cat\/cfaclot\/wp-content\/uploads\/usu1471\/2024\/04\/1714041314866-200x150.jpg 200w\" sizes=\"auto, (max-width: 1024px) 100vw, 1024px\" \/><\/a> <a href=\"https:\/\/agora.xtec.cat\/cfaclot\/wp-content\/uploads\/usu1471\/2024\/04\/1714041314852-scaled.jpg\"><img loading=\"lazy\" decoding=\"async\" class=\"aligncenter size-large wp-image-1777\" src=\"https:\/\/agora.xtec.cat\/cfaclot\/wp-content\/uploads\/usu1471\/2024\/04\/1714041314852-768x1024.jpg\" alt=\"\" width=\"768\" height=\"1024\" srcset=\"https:\/\/agora.xtec.cat\/cfaclot\/wp-content\/uploads\/usu1471\/2024\/04\/1714041314852-768x1024.jpg 768w, https:\/\/agora.xtec.cat\/cfaclot\/wp-content\/uploads\/usu1471\/2024\/04\/1714041314852-225x300.jpg 225w, https:\/\/agora.xtec.cat\/cfaclot\/wp-content\/uploads\/usu1471\/2024\/04\/1714041314852-1152x1536.jpg 1152w, https:\/\/agora.xtec.cat\/cfaclot\/wp-content\/uploads\/usu1471\/2024\/04\/1714041314852-1536x2048.jpg 1536w, https:\/\/agora.xtec.cat\/cfaclot\/wp-content\/uploads\/usu1471\/2024\/04\/1714041314852-scaled.jpg 1920w\" sizes=\"auto, (max-width: 768px) 100vw, 768px\" \/><\/a> <a href=\"https:\/\/agora.xtec.cat\/cfaclot\/wp-content\/uploads\/usu1471\/2024\/04\/1714041314842-scaled.jpg\"><img loading=\"lazy\" decoding=\"async\" class=\"aligncenter size-large wp-image-1778\" src=\"https:\/\/agora.xtec.cat\/cfaclot\/wp-content\/uploads\/usu1471\/2024\/04\/1714041314842-768x1024.jpg\" alt=\"\" width=\"768\" height=\"1024\" srcset=\"https:\/\/agora.xtec.cat\/cfaclot\/wp-content\/uploads\/usu1471\/2024\/04\/1714041314842-768x1024.jpg 768w, https:\/\/agora.xtec.cat\/cfaclot\/wp-content\/uploads\/usu1471\/2024\/04\/1714041314842-225x300.jpg 225w, https:\/\/agora.xtec.cat\/cfaclot\/wp-content\/uploads\/usu1471\/2024\/04\/1714041314842-1152x1536.jpg 1152w, https:\/\/agora.xtec.cat\/cfaclot\/wp-content\/uploads\/usu1471\/2024\/04\/1714041314842-1536x2048.jpg 1536w, https:\/\/agora.xtec.cat\/cfaclot\/wp-content\/uploads\/usu1471\/2024\/04\/1714041314842-scaled.jpg 1920w\" sizes=\"auto, (max-width: 768px) 100vw, 768px\" \/><\/a> <a href=\"https:\/\/agora.xtec.cat\/cfaclot\/wp-content\/uploads\/usu1471\/2024\/04\/grupo.jpg\"><img loading=\"lazy\" decoding=\"async\" class=\"aligncenter size-large wp-image-1779\" src=\"https:\/\/agora.xtec.cat\/cfaclot\/wp-content\/uploads\/usu1471\/2024\/04\/grupo-1024x768.jpg\" alt=\"\" width=\"1024\" height=\"768\" srcset=\"https:\/\/agora.xtec.cat\/cfaclot\/wp-content\/uploads\/usu1471\/2024\/04\/grupo-1024x768.jpg 1024w, https:\/\/agora.xtec.cat\/cfaclot\/wp-content\/uploads\/usu1471\/2024\/04\/grupo-300x225.jpg 300w, https:\/\/agora.xtec.cat\/cfaclot\/wp-content\/uploads\/usu1471\/2024\/04\/grupo-768x576.jpg 768w, https:\/\/agora.xtec.cat\/cfaclot\/wp-content\/uploads\/usu1471\/2024\/04\/grupo-1536x1152.jpg 1536w, https:\/\/agora.xtec.cat\/cfaclot\/wp-content\/uploads\/usu1471\/2024\/04\/grupo-2048x1536.jpg 2048w, https:\/\/agora.xtec.cat\/cfaclot\/wp-content\/uploads\/usu1471\/2024\/04\/grupo-200x150.jpg 200w\" sizes=\"auto, (max-width: 1024px) 100vw, 1024px\" \/><\/a><\/p>\n","protected":false},"excerpt":{"rendered":"<p>Un any m\u00e9s ens hem inscrit al concurs <a href=\"https:\/\/xtec.gencat.cat\/ca\/projectes\/lectura\/gustperlalectura\" target=\"_blank\" rel=\"noopener\">El gust per la lectura<\/a> que convoca el Departament d&#8217;Educaci\u00f3. Despr\u00e9s de mesos treballant a l&#8217;aula el\u00a0 llibre Els crims de la taula peri\u00f2dica aquest Sant Jordi hem tingut el plaer d\u2019escoltar els seus&hellip;  <a href=\"https:\/\/agora.xtec.cat\/cfaclot\/general\/participem-al-concurs-el-gust-per-la-lectura-4\/\" title=\"Read PARTICIPEM AL CONCURS &#8220;EL GUST PER LA LECTURA&#8221;\">Llegeix m\u00e9s\u00bb<\/a><\/p>\n","protected":false},"author":1,"featured_media":1779,"comment_status":"closed","ping_status":"closed","sticky":false,"template":"","format":"standard","meta":{"_bbp_topic_count":0,"_bbp_reply_count":0,"_bbp_total_topic_count":0,"_bbp_total_reply_count":0,"_bbp_voice_count":0,"_bbp_anonymous_reply_count":0,"_bbp_topic_count_hidden":0,"_bbp_reply_count_hidden":0,"_bbp_forum_subforum_count":0,"footnotes":""},"categories":[1,29],"tags":[95,38],"class_list":["post-1774","post","type-post","status-publish","format-standard","has-post-thumbnail","hentry","category-general","category-portada","tag-el-gust-per-la-lectura","tag-sant-jordi"],"post_mailing_queue_ids":[],"_links":{"self":[{"href":"https:\/\/agora.xtec.cat\/cfaclot\/wp-json\/wp\/v2\/posts\/1774","targetHints":{"allow":["GET"]}}],"collection":[{"href":"https:\/\/agora.xtec.cat\/cfaclot\/wp-json\/wp\/v2\/posts"}],"about":[{"href":"https:\/\/agora.xtec.cat\/cfaclot\/wp-json\/wp\/v2\/types\/post"}],"author":[{"embeddable":true,"href":"https:\/\/agora.xtec.cat\/cfaclot\/wp-json\/wp\/v2\/users\/1"}],"replies":[{"embeddable":true,"href":"https:\/\/agora.xtec.cat\/cfaclot\/wp-json\/wp\/v2\/comments?post=1774"}],"version-history":[{"count":4,"href":"https:\/\/agora.xtec.cat\/cfaclot\/wp-json\/wp\/v2\/posts\/1774\/revisions"}],"predecessor-version":[{"id":1783,"href":"https:\/\/agora.xtec.cat\/cfaclot\/wp-json\/wp\/v2\/posts\/1774\/revisions\/1783"}],"wp:featuredmedia":[{"embeddable":true,"href":"https:\/\/agora.xtec.cat\/cfaclot\/wp-json\/wp\/v2\/media\/1779"}],"wp:attachment":[{"href":"https:\/\/agora.xtec.cat\/cfaclot\/wp-json\/wp\/v2\/media?parent=1774"}],"wp:term":[{"taxonomy":"category","embeddable":true,"href":"https:\/\/agora.xtec.cat\/cfaclot\/wp-json\/wp\/v2\/categories?post=1774"},{"taxonomy":"post_tag","embeddable":true,"href":"https:\/\/agora.xtec.cat\/cfaclot\/wp-json\/wp\/v2\/tags?post=1774"}],"curies":[{"name":"wp","href":"https:\/\/api.w.org\/{rel}","templated":true}]}}