{"id":1760,"date":"2024-03-21T10:37:22","date_gmt":"2024-03-21T09:37:22","guid":{"rendered":"https:\/\/agora.xtec.cat\/cfaclot\/?p=1760"},"modified":"2024-03-21T11:14:21","modified_gmt":"2024-03-21T10:14:21","slug":"la-fundacio-arrels-ens-apropa-a-la-realitat-de-les-persones-sense-llar","status":"publish","type":"post","link":"https:\/\/agora.xtec.cat\/cfaclot\/general\/la-fundacio-arrels-ens-apropa-a-la-realitat-de-les-persones-sense-llar\/","title":{"rendered":"LA FUNDACI\u00d3 ARRELS ENS APROPA A LA REALITAT DE LES PERSONES SENSE LLAR"},"content":{"rendered":"<p><span style=\"font-weight: 400;\">Una quarantena d\u2019alumnes de GES 1 i GES 2 del centre han participat aquesta setmana en dues xerrades de la Fundaci\u00f3 Arrels (https:\/\/www.arrelsfundacio.org\/). La Chelo i el Quim, voluntaris de la Fundaci\u00f3, ens han apropat a la realitat de les persones sense llar a les quals dona suport Arrels, una entitat nascuda fa m\u00e9s de 35 anys i referent a Barcelona en l\u2019orientaci\u00f3, l\u2019acompanyament, el suport i la sensibilitzaci\u00f3 envers el sensellarisme.<\/span><\/p>\n<p><span style=\"font-weight: 400;\">L\u2019activitat ha estat el colof\u00f3 de la lectura del llibre<\/span><i><span style=\"font-weight: 400;\"> Els crims de la taula peri\u00f2dica <\/span><\/i><span style=\"font-weight: 400;\">que han treballat els grups de GES2 a catal\u00e0, al llarg del segon trimestre, un projecte emmarcat en el concurs<\/span><b> El gust per la lectura<\/b><span style=\"font-weight: 400;\"> i que els ha dut a crear un programa de r\u00e0dio vinculat tamb\u00e9 a tem\u00e0tiques al voltant de l\u2019aporof\u00f2bia, la pobresa, el racisme o el sensellarisme.\u00a0<\/span><\/p>\n<p><span style=\"font-weight: 400;\">Les sessions amb els voluntaris d\u2019Arrels han perm\u00e8s con\u00e8ixer de primera m\u00e0 l\u2019entitat de la nostra ciutat, la seva feina, la tasca del voluntariat, els seus espais de refer\u00e8ncia per a persones en situacions de vulnerabilitat i sense sostre i fer visible una situaci\u00f3 a la qual, sovint, esquivem la mirada. La lectura del llibre, el projecte radiof\u00f2nic i les inquietuds i coneixements de l\u2019alumnat han fet de les xerrades espais de participaci\u00f3, conversa i debat.<\/span><\/p>\n<p><a href=\"https:\/\/agora.xtec.cat\/cfaclot\/wp-content\/uploads\/usu1471\/2024\/03\/photo_6039532889823101269_y.jpg\"><img loading=\"lazy\" decoding=\"async\" class=\" wp-image-1761 alignleft\" src=\"https:\/\/agora.xtec.cat\/cfaclot\/wp-content\/uploads\/usu1471\/2024\/03\/photo_6039532889823101269_y-1024x768.jpg\" alt=\"\" width=\"589\" height=\"442\" srcset=\"https:\/\/agora.xtec.cat\/cfaclot\/wp-content\/uploads\/usu1471\/2024\/03\/photo_6039532889823101269_y-1024x768.jpg 1024w, https:\/\/agora.xtec.cat\/cfaclot\/wp-content\/uploads\/usu1471\/2024\/03\/photo_6039532889823101269_y-300x225.jpg 300w, https:\/\/agora.xtec.cat\/cfaclot\/wp-content\/uploads\/usu1471\/2024\/03\/photo_6039532889823101269_y-768x576.jpg 768w, https:\/\/agora.xtec.cat\/cfaclot\/wp-content\/uploads\/usu1471\/2024\/03\/photo_6039532889823101269_y-200x150.jpg 200w, https:\/\/agora.xtec.cat\/cfaclot\/wp-content\/uploads\/usu1471\/2024\/03\/photo_6039532889823101269_y.jpg 1280w\" sizes=\"auto, (max-width: 589px) 100vw, 589px\" \/><\/a> <a href=\"https:\/\/agora.xtec.cat\/cfaclot\/wp-content\/uploads\/usu1471\/2024\/03\/photo_6037281090009415753_y.jpg\"><img loading=\"lazy\" decoding=\"async\" class=\" wp-image-1762 alignright\" src=\"https:\/\/agora.xtec.cat\/cfaclot\/wp-content\/uploads\/usu1471\/2024\/03\/photo_6037281090009415753_y-1024x576.jpg\" alt=\"\" width=\"663\" height=\"373\" srcset=\"https:\/\/agora.xtec.cat\/cfaclot\/wp-content\/uploads\/usu1471\/2024\/03\/photo_6037281090009415753_y-1024x576.jpg 1024w, https:\/\/agora.xtec.cat\/cfaclot\/wp-content\/uploads\/usu1471\/2024\/03\/photo_6037281090009415753_y-300x169.jpg 300w, https:\/\/agora.xtec.cat\/cfaclot\/wp-content\/uploads\/usu1471\/2024\/03\/photo_6037281090009415753_y-768x432.jpg 768w, https:\/\/agora.xtec.cat\/cfaclot\/wp-content\/uploads\/usu1471\/2024\/03\/photo_6037281090009415753_y.jpg 1280w\" sizes=\"auto, (max-width: 663px) 100vw, 663px\" \/><\/a><\/p>\n","protected":false},"excerpt":{"rendered":"<p>Una quarantena d\u2019alumnes de GES 1 i GES 2 del centre han participat aquesta setmana en dues xerrades de la Fundaci\u00f3 Arrels (https:\/\/www.arrelsfundacio.org\/). La Chelo i el Quim, voluntaris de la Fundaci\u00f3, ens han apropat a la realitat de les persones sense llar a les&hellip;  <a href=\"https:\/\/agora.xtec.cat\/cfaclot\/general\/la-fundacio-arrels-ens-apropa-a-la-realitat-de-les-persones-sense-llar\/\" title=\"Read LA FUNDACI\u00d3 ARRELS ENS APROPA A LA REALITAT DE LES PERSONES SENSE LLAR\">Llegeix m\u00e9s\u00bb<\/a><\/p>\n","protected":false},"author":1,"featured_media":1762,"comment_status":"closed","ping_status":"closed","sticky":false,"template":"","format":"standard","meta":{"_bbp_topic_count":0,"_bbp_reply_count":0,"_bbp_total_topic_count":0,"_bbp_total_reply_count":0,"_bbp_voice_count":0,"_bbp_anonymous_reply_count":0,"_bbp_topic_count_hidden":0,"_bbp_reply_count_hidden":0,"_bbp_forum_subforum_count":0,"footnotes":""},"categories":[1,29],"tags":[],"class_list":["post-1760","post","type-post","status-publish","format-standard","has-post-thumbnail","hentry","category-general","category-portada"],"post_mailing_queue_ids":[],"_links":{"self":[{"href":"https:\/\/agora.xtec.cat\/cfaclot\/wp-json\/wp\/v2\/posts\/1760","targetHints":{"allow":["GET"]}}],"collection":[{"href":"https:\/\/agora.xtec.cat\/cfaclot\/wp-json\/wp\/v2\/posts"}],"about":[{"href":"https:\/\/agora.xtec.cat\/cfaclot\/wp-json\/wp\/v2\/types\/post"}],"author":[{"embeddable":true,"href":"https:\/\/agora.xtec.cat\/cfaclot\/wp-json\/wp\/v2\/users\/1"}],"replies":[{"embeddable":true,"href":"https:\/\/agora.xtec.cat\/cfaclot\/wp-json\/wp\/v2\/comments?post=1760"}],"version-history":[{"count":3,"href":"https:\/\/agora.xtec.cat\/cfaclot\/wp-json\/wp\/v2\/posts\/1760\/revisions"}],"predecessor-version":[{"id":1765,"href":"https:\/\/agora.xtec.cat\/cfaclot\/wp-json\/wp\/v2\/posts\/1760\/revisions\/1765"}],"wp:featuredmedia":[{"embeddable":true,"href":"https:\/\/agora.xtec.cat\/cfaclot\/wp-json\/wp\/v2\/media\/1762"}],"wp:attachment":[{"href":"https:\/\/agora.xtec.cat\/cfaclot\/wp-json\/wp\/v2\/media?parent=1760"}],"wp:term":[{"taxonomy":"category","embeddable":true,"href":"https:\/\/agora.xtec.cat\/cfaclot\/wp-json\/wp\/v2\/categories?post=1760"},{"taxonomy":"post_tag","embeddable":true,"href":"https:\/\/agora.xtec.cat\/cfaclot\/wp-json\/wp\/v2\/tags?post=1760"}],"curies":[{"name":"wp","href":"https:\/\/api.w.org\/{rel}","templated":true}]}}