{"id":1723,"date":"2024-02-13T08:46:52","date_gmt":"2024-02-13T07:46:52","guid":{"rendered":"https:\/\/agora.xtec.cat\/cfaclot\/?p=1723"},"modified":"2024-02-13T08:49:47","modified_gmt":"2024-02-13T07:49:47","slug":"dia-mundial-de-la-radio","status":"publish","type":"post","link":"https:\/\/agora.xtec.cat\/cfaclot\/general\/dia-mundial-de-la-radio\/","title":{"rendered":"DIA MUNDIAL DE LA R\u00c0DIO"},"content":{"rendered":"<p><span style=\"font-weight: 400;\">Avui, <\/span><b>13 de febrer <\/b><span style=\"font-weight: 400;\">se celebra el<\/span><b> Dia Mundial de la R\u00e0dio<\/b><b>. <\/b><span style=\"font-weight: 400;\">Per\u00f2 l\u2019efem\u00e8ride no acaba aqu\u00ed: coincidint la primera emissi\u00f3 de R\u00e0dio a Catalunya amb l\u2019emissi\u00f3 de R\u00e0dio Barcelona EAJ-1 el 1924, es commemoren 100 anys d\u2019aquest mitj\u00e0 a casa nostra.\u00a0<\/span><\/p>\n<p><span style=\"font-weight: 400;\">El <\/span><a href=\"https:\/\/www.unesco.org\/es\/days\/world-radio\"><b>dia Mundial de la R\u00e0dio<\/b><\/a><span style=\"font-weight: 400;\"> va ser establert per l\u2019Assemblea General de les Nacions Unides en la seva 36\u00aa reuni\u00f3, d\u2019acord amb la resoluci\u00f3 aprovada per la Confer\u00e8ncia General de l\u2019Organitzaci\u00f3 de les Nacions Unides per a l\u2019Educaci\u00f3, la Ci\u00e8ncia i la Cultura el desembre del 2011. Es va triar aquesta data per ser el dia en qu\u00e8 es va establir la R\u00e0dio de les Nacions Unides el 1946.<\/span><\/p>\n<p><span style=\"font-weight: 400;\">Des del nostre centre, el CFA El Clot, ressaltem aquesta data ja que sentim un vincle especial amb aquest mitj\u00e0 el qual el darrer any hem estat potenciant des de l\u2019ensenyament de GES. L\u2019any passat l\u2019alumnat de GES 1 es va iniciar en el m\u00f3n de la r\u00e0dio local amb l\u2019oportunitat que ens va oferir l\u2019Ateneu del Clot de col\u00b7laborar en la seva <\/span><a href=\"https:\/\/www.ateneudelclot.com\/radioateneuclot\/la-radio-del-ateneu-del-clot\/\"><span style=\"font-weight: 400;\">r\u00e0dio comunit\u00e0ria<\/span><\/a><span style=\"font-weight: 400;\">. Vam elaborar un magaz\u00edn amb diverses seccions com l\u2019informatiu, l\u2019entrevista i, fins i tot, cr\u00f2niques i reportatges literaris des de la mat\u00e8ria de llengua castellana. Podeu trobar el nostre p\u00f2dcast a Ivoox <a href=\"https:\/\/go.ivoox.com\/rf\/100151565\">AQU\u00cd<\/a><\/span><\/p>\n<p><span style=\"font-weight: 400;\">Diversos alumnes van mostrar una gran satisfacci\u00f3 de poder realitzar un projecte radiof\u00f2nic i de poder millorar la seva compet\u00e8ncia ling\u00fc\u00edstica. En alguns casos, fins i tot, confirmen que els ha ajudat a perdre pors i a guanyar confian\u00e7a.<\/span><\/p>\n<p><span style=\"font-weight: 400;\">Enguany la compet\u00e8ncia oral es treballa amb la llengua catalana i les tasques encomanades des de la mat\u00e8ria estan vinculades al projecte <a href=\"https:\/\/xtec.gencat.cat\/ca\/projectes\/lectura\/gustperlalectura\/\">\u201cEl gust per la lectura\u201d<\/a> a GES 2. La realitzaci\u00f3 de p\u00f2dcasts sobre la novel\u00b7la \u201dEls crims de la taula peri\u00f2dica\u201d, de Jordi de Manuel i Xavier Duran. Estem gaudint de la lectura i la vessant cient\u00edfica i social que planteja el llibre. A m\u00e9s, el seu contingut es treballa transversalment amb la mat\u00e8ria de ci\u00e8ncies naturals. Malauradament, el<\/span> <a href=\"https:\/\/beteve.cat\/societat\/continuitat-ateneu-clot-perill\/\"><span style=\"font-weight: 400;\">dest\u00ed de l\u2019Ateneu del Clot \u00e9s incert<\/span><\/a><span style=\"font-weight: 400;\"> i perilla no nom\u00e9s la seva continu\u00eftat, sin\u00f3 tamb\u00e9 la seva veu, de la qual formem part.<\/span><\/p>\n<p><a href=\"https:\/\/agora.xtec.cat\/cfaclot\/wp-content\/uploads\/usu1471\/2024\/02\/5931429383321534623_121.jpg\"><img loading=\"lazy\" decoding=\"async\" class=\"aligncenter wp-image-1724\" src=\"https:\/\/agora.xtec.cat\/cfaclot\/wp-content\/uploads\/usu1471\/2024\/02\/5931429383321534623_121-1024x576.jpg\" alt=\"\" width=\"722\" height=\"406\" srcset=\"https:\/\/agora.xtec.cat\/cfaclot\/wp-content\/uploads\/usu1471\/2024\/02\/5931429383321534623_121-1024x576.jpg 1024w, https:\/\/agora.xtec.cat\/cfaclot\/wp-content\/uploads\/usu1471\/2024\/02\/5931429383321534623_121-300x169.jpg 300w, https:\/\/agora.xtec.cat\/cfaclot\/wp-content\/uploads\/usu1471\/2024\/02\/5931429383321534623_121-768x432.jpg 768w, https:\/\/agora.xtec.cat\/cfaclot\/wp-content\/uploads\/usu1471\/2024\/02\/5931429383321534623_121.jpg 1280w\" sizes=\"auto, (max-width: 722px) 100vw, 722px\" \/><\/a><\/p>\n","protected":false},"excerpt":{"rendered":"<p>Avui, 13 de febrer se celebra el Dia Mundial de la R\u00e0dio. Per\u00f2 l\u2019efem\u00e8ride no acaba aqu\u00ed: coincidint la primera emissi\u00f3 de R\u00e0dio a Catalunya amb l\u2019emissi\u00f3 de R\u00e0dio Barcelona EAJ-1 el 1924, es commemoren 100 anys d\u2019aquest mitj\u00e0 a casa nostra.\u00a0<br \/>\nEl <a href=\"https:\/\/www.unesco.org\/es\/days\/world-radio\">dia Mundial&hellip;  <a href=\"https:\/\/agora.xtec.cat\/cfaclot\/general\/dia-mundial-de-la-radio\/\" title=\"Read DIA MUNDIAL DE LA R\u00c0DIO\">Llegeix m\u00e9s\u00bb<\/a><\/p>\n","protected":false},"author":1,"featured_media":1724,"comment_status":"closed","ping_status":"closed","sticky":false,"template":"","format":"standard","meta":{"_bbp_topic_count":0,"_bbp_reply_count":0,"_bbp_total_topic_count":0,"_bbp_total_reply_count":0,"_bbp_voice_count":0,"_bbp_anonymous_reply_count":0,"_bbp_topic_count_hidden":0,"_bbp_reply_count_hidden":0,"_bbp_forum_subforum_count":0,"footnotes":""},"categories":[1,29],"tags":[],"class_list":["post-1723","post","type-post","status-publish","format-standard","has-post-thumbnail","hentry","category-general","category-portada"],"post_mailing_queue_ids":[],"_links":{"self":[{"href":"https:\/\/agora.xtec.cat\/cfaclot\/wp-json\/wp\/v2\/posts\/1723","targetHints":{"allow":["GET"]}}],"collection":[{"href":"https:\/\/agora.xtec.cat\/cfaclot\/wp-json\/wp\/v2\/posts"}],"about":[{"href":"https:\/\/agora.xtec.cat\/cfaclot\/wp-json\/wp\/v2\/types\/post"}],"author":[{"embeddable":true,"href":"https:\/\/agora.xtec.cat\/cfaclot\/wp-json\/wp\/v2\/users\/1"}],"replies":[{"embeddable":true,"href":"https:\/\/agora.xtec.cat\/cfaclot\/wp-json\/wp\/v2\/comments?post=1723"}],"version-history":[{"count":3,"href":"https:\/\/agora.xtec.cat\/cfaclot\/wp-json\/wp\/v2\/posts\/1723\/revisions"}],"predecessor-version":[{"id":1728,"href":"https:\/\/agora.xtec.cat\/cfaclot\/wp-json\/wp\/v2\/posts\/1723\/revisions\/1728"}],"wp:featuredmedia":[{"embeddable":true,"href":"https:\/\/agora.xtec.cat\/cfaclot\/wp-json\/wp\/v2\/media\/1724"}],"wp:attachment":[{"href":"https:\/\/agora.xtec.cat\/cfaclot\/wp-json\/wp\/v2\/media?parent=1723"}],"wp:term":[{"taxonomy":"category","embeddable":true,"href":"https:\/\/agora.xtec.cat\/cfaclot\/wp-json\/wp\/v2\/categories?post=1723"},{"taxonomy":"post_tag","embeddable":true,"href":"https:\/\/agora.xtec.cat\/cfaclot\/wp-json\/wp\/v2\/tags?post=1723"}],"curies":[{"name":"wp","href":"https:\/\/api.w.org\/{rel}","templated":true}]}}